{"id":8250,"date":"2024-08-14T12:56:52","date_gmt":"2024-08-14T15:56:52","guid":{"rendered":"https:\/\/focotocantinense.com.br\/?p=8250"},"modified":"2024-08-14T13:10:13","modified_gmt":"2024-08-14T16:10:13","slug":"dividindo-o-protagonismo-na-disputa-pela-prefeitura-de-porto-nacional-com-o-atual-gestor-antonio-andrade-cresce-7-aponta-pesquisa-vope-primeira-pagina","status":"publish","type":"post","link":"https:\/\/focotocantinense.com.br\/?p=8250","title":{"rendered":"Dividindo o protagonismo na disputa pela prefeitura de Porto Nacional com o atual gestor, Antonio Andrade cresce 7%, aponta pesquisa V\u00f3pe\/Primeira P\u00e1gina"},"content":{"rendered":"\n<p>Andrade saiu de 31% na pesquisa realizada em 14 de maio, para 38% no levantamento divulgado nesta quarta-feira, 14<\/p>\n\n\n\n<p>Pesquisa V\u00f3pe\/Primeira P\u00e1gina, divulgada nesta quarta-feira, 14, mostra o deputado federal e pr\u00e9-candidato a prefeito de Porto Nacional, Antonio Andrade, em disputa acirrada com o atual prefeito e pr\u00e9-candidato a reelei\u00e7\u00e3o, Ronivon Maciel (Uni\u00e3o Brasil).<\/p>\n\n\n\n<figure class=\"wp-block-image size-large is-resized\"><img loading=\"lazy\" decoding=\"async\" width=\"1024\" height=\"682\" src=\"https:\/\/focotocantinense.com.br\/wp-content\/uploads\/2024\/07\/WhatsApp-Image-2024-07-13-at-08.22.33-2-1024x682.jpeg\" alt=\"\" class=\"wp-image-8011\" style=\"width:338px;height:auto\" srcset=\"https:\/\/focotocantinense.com.br\/wp-content\/uploads\/2024\/07\/WhatsApp-Image-2024-07-13-at-08.22.33-2-1024x682.jpeg 1024w, https:\/\/focotocantinense.com.br\/wp-content\/uploads\/2024\/07\/WhatsApp-Image-2024-07-13-at-08.22.33-2-300x200.jpeg 300w, https:\/\/focotocantinense.com.br\/wp-content\/uploads\/2024\/07\/WhatsApp-Image-2024-07-13-at-08.22.33-2-768x512.jpeg 768w, https:\/\/focotocantinense.com.br\/wp-content\/uploads\/2024\/07\/WhatsApp-Image-2024-07-13-at-08.22.33-2-1536x1023.jpeg 1536w, https:\/\/focotocantinense.com.br\/wp-content\/uploads\/2024\/07\/WhatsApp-Image-2024-07-13-at-08.22.33-2-310x205.jpeg 310w, https:\/\/focotocantinense.com.br\/wp-content\/uploads\/2024\/07\/WhatsApp-Image-2024-07-13-at-08.22.33-2.jpeg 1600w\" sizes=\"auto, (max-width: 1024px) 100vw, 1024px\" \/><\/figure>\n\n\n\n<p>Com 38% das inten\u00e7\u00f5es de votos, Andrade ( Republicanos) est\u00e1 h\u00e1 apenas 5 pontos de alcan\u00e7ar o postulante \u00e0 reelei\u00e7\u00e3o. O levantamento mostrou ainda que os outros dois candidatos, Nelcir Fhormel (Novo) e \u00c1lvaro da A7 (PSB) est\u00e3o com 5 e 3% das inten\u00e7\u00f5es de votos respectivamente.<\/p>\n\n\n\n<p>Na primeira rodada da pesquisa que foi realizada em 14 de maio de 2024, Antonio Andrade aparecia com 31%, j\u00e1 na pesquisa divulgada nesta quarta-feira, 14 de agosto, ele aparece com 38%, contra 43% do atual gestor, apontando um crescimento de 7%.<\/p>\n\n\n\n<p>A pesquisa, registrada no Tribunal Superior Eleitoral sob o n\u00famero TO-09830\/2024, foi realizada entre os dias 8 a 12 de agosto de 2024, com uma amostragem de 770 eleitores. A margem de erro \u00e9 de 3,5%, para mais ou para menos, e o n\u00edvel de confian\u00e7a \u00e9 de 95.<\/p>\n\n\n\n<p>Um total de 19% dos entrevistados afirmaram n\u00e3o rejeitar nenhum dos 4 candidatos, 4% tem a pretens\u00e3o de votar em branco ou anular o voto, e 3% optou por n\u00e3o responder ao questionamento.<\/p>\n\n\n\n<p>Assessoria de Impressa &#8211; Deputado Federal Antonio Andrade<\/p>\n","protected":false},"excerpt":{"rendered":"<p>Andrade saiu de 31% na pesquisa realizada em 14 de maio, para 38% no levantamento divulgado nesta quarta-feira, 14 Pesquisa V\u00f3pe\/Primeira P\u00e1gina, divulgada nesta quarta-feira, 14, mostra o deputado federal e pr\u00e9-candidato a prefeito de Porto Nacional, Antonio Andrade, em disputa acirrada com o atual prefeito e pr\u00e9-candidato a reelei\u00e7\u00e3o, Ronivon Maciel (Uni\u00e3o Brasil). Com &hellip;<\/p>\n","protected":false},"author":5,"featured_media":8162,"comment_status":"open","ping_status":"open","sticky":false,"template":"","format":"standard","meta":{"footnotes":""},"categories":[1],"tags":[],"class_list":["post-8250","post","type-post","status-publish","format-standard","has-post-thumbnail","","category-sem-categoria"],"_links":{"self":[{"href":"https:\/\/focotocantinense.com.br\/index.php?rest_route=\/wp\/v2\/posts\/8250","targetHints":{"allow":["GET"]}}],"collection":[{"href":"https:\/\/focotocantinense.com.br\/index.php?rest_route=\/wp\/v2\/posts"}],"about":[{"href":"https:\/\/focotocantinense.com.br\/index.php?rest_route=\/wp\/v2\/types\/post"}],"author":[{"embeddable":true,"href":"https:\/\/focotocantinense.com.br\/index.php?rest_route=\/wp\/v2\/users\/5"}],"replies":[{"embeddable":true,"href":"https:\/\/focotocantinense.com.br\/index.php?rest_route=%2Fwp%2Fv2%2Fcomments&post=8250"}],"version-history":[{"count":1,"href":"https:\/\/focotocantinense.com.br\/index.php?rest_route=\/wp\/v2\/posts\/8250\/revisions"}],"predecessor-version":[{"id":8251,"href":"https:\/\/focotocantinense.com.br\/index.php?rest_route=\/wp\/v2\/posts\/8250\/revisions\/8251"}],"wp:featuredmedia":[{"embeddable":true,"href":"https:\/\/focotocantinense.com.br\/index.php?rest_route=\/wp\/v2\/media\/8162"}],"wp:attachment":[{"href":"https:\/\/focotocantinense.com.br\/index.php?rest_route=%2Fwp%2Fv2%2Fmedia&parent=8250"}],"wp:term":[{"taxonomy":"category","embeddable":true,"href":"https:\/\/focotocantinense.com.br\/index.php?rest_route=%2Fwp%2Fv2%2Fcategories&post=8250"},{"taxonomy":"post_tag","embeddable":true,"href":"https:\/\/focotocantinense.com.br\/index.php?rest_route=%2Fwp%2Fv2%2Ftags&post=8250"}],"curies":[{"name":"wp","href":"https:\/\/api.w.org\/{rel}","templated":true}]}}