{"id":8245,"date":"2024-08-13T16:01:32","date_gmt":"2024-08-13T19:01:32","guid":{"rendered":"https:\/\/focotocantinense.com.br\/?p=8245"},"modified":"2024-08-13T16:03:11","modified_gmt":"2024-08-13T19:03:11","slug":"show-de-humor-com-vinicius-martins-promete-movimentar-gurupi-nesta-quinta-feira-dia-15","status":"publish","type":"post","link":"https:\/\/focotocantinense.com.br\/?p=8245","title":{"rendered":"Show de humor com Vin\u00edcius Martins promete movimentar Gurupi nesta quinta-feira, dia 15"},"content":{"rendered":"\n<p>O ator e humorista tocantinense Vin\u00edcius Martins far\u00e1 apresenta\u00e7\u00e3o do seu show de humor nesta quinta-feira, dia 15 de agosto, no Centro Cultural Mauro Cunha, em Gurupi.<\/p>\n\n\n\n<figure class=\"wp-block-image size-large is-resized\"><img loading=\"lazy\" decoding=\"async\" width=\"1024\" height=\"682\" src=\"https:\/\/focotocantinense.com.br\/wp-content\/uploads\/2024\/08\/b36755ca-b1ed-4611-b226-6b0e88053961-1024x682.jpeg\" alt=\"\" class=\"wp-image-8246\" style=\"width:409px;height:auto\" srcset=\"https:\/\/focotocantinense.com.br\/wp-content\/uploads\/2024\/08\/b36755ca-b1ed-4611-b226-6b0e88053961-1024x682.jpeg 1024w, https:\/\/focotocantinense.com.br\/wp-content\/uploads\/2024\/08\/b36755ca-b1ed-4611-b226-6b0e88053961-300x200.jpeg 300w, https:\/\/focotocantinense.com.br\/wp-content\/uploads\/2024\/08\/b36755ca-b1ed-4611-b226-6b0e88053961-768x512.jpeg 768w, https:\/\/focotocantinense.com.br\/wp-content\/uploads\/2024\/08\/b36755ca-b1ed-4611-b226-6b0e88053961-310x205.jpeg 310w, https:\/\/focotocantinense.com.br\/wp-content\/uploads\/2024\/08\/b36755ca-b1ed-4611-b226-6b0e88053961.jpeg 1536w\" sizes=\"auto, (max-width: 1024px) 100vw, 1024px\" \/><\/figure>\n\n\n\n<p><\/p>\n\n\n\n<p>Trata-se do espet\u00e1culo \u201cS\u00f3 Riso Show de Humor\u201d, uma apresenta\u00e7\u00e3o solo que promete levar o p\u00fablico a dar boas gargalhadas e despertar para reflex\u00f5es sobre o cotidiano das pessoas.<\/p>\n\n\n\n<p>O espet\u00e1culo \u201cS\u00f3 Riso Show de Humor\u201d, ter\u00e1 in\u00edcio \u00e0s 19:30 horas. Al\u00e9m de levar muito bom humor e entretenimento, a produ\u00e7\u00e3o tem foco social com destina\u00e7\u00e3o de parte dos ingressos para ONGs e institui\u00e7\u00f5es sociais, com arrecada\u00e7\u00e3o de alimentos. O show contar\u00e1, ainda, com int\u00e9rprete de Libras para possibilitar mais acessibilidade ao p\u00fablico.<\/p>\n\n\n\n<p><strong>Mais atividades<\/strong><br>Vin\u00edcius Martins tamb\u00e9m \u00e9 apresentador do Mutuca Cast, juntamente com seu parceiro Rafael Rafiusk. \u00c9 um podcast de entrevistas e entretenimento bem humorado que virou o xod\u00f3 dos gurupienses.<\/p>\n\n\n\n<p><strong>Trajet\u00f3ria<\/strong><br>O humorista vem ganhando cada vez mais for\u00e7a nas redes sociais, tendo v\u00eddeo que j\u00e1 bateu a marca de mais de 15 milh\u00f5es visualiza\u00e7\u00f5es.<\/p>\n\n\n\n<p>Em sua trajet\u00f3ria na com\u00e9dia, Vin\u00edcius Martins arrancou sorrisos de norte a sul do estado. Tamb\u00e9m j\u00e1 fez a abertura de shows para humoristas consagrados como o franc\u00eas Paul Cabannes. Al\u00e9m disso, esse tocantinense de Gurupi vem se destacando nos palcos do Brasil a fora, tendo se apresentado em Goi\u00e2nia, Bras\u00edlia e no Clube do Minhoca, casa de espet\u00e1culos do humorista Patrick Maia, em S\u00e3o Paulo.<\/p>\n\n\n\n<p><strong>Apoio cultural<\/strong><br>O \u201cS\u00f3 Riso Show de Humor\u201d, com Vin\u00edcius Martins foi contemplado com recursos da Lei Cultural Paulo Gustavo. Lei Federal n\u00ba 195\/2022 e suas altera\u00e7\u00f5es, contando com o apoio da Prefeitura de Gurupi, por meio da Secretaria Municipal de Cultura e Turismo (Secult), no Edital Zefinha Lou\u00e7a.<\/p>\n\n\n\n<p><strong>Ficha T\u00e9cnica:<\/strong><br>S\u00f3 Riso Show de Humor, com Vin\u00edcius Martins<br>Ingresso Social: Inteira: R$ 15 ,00 + (taxa) e 1 quilo de alimento n\u00e3o perec\u00edvel.<br>Realiza\u00e7\u00e3o: VM Produ\u00e7\u00f5es Art\u00edsticas<br>Dire\u00e7\u00e3o Art\u00edstica: Zacarias Martins<br>Dire\u00e7\u00e3o Geral e T\u00e9cnica: F\u00e1bio Moreno<br>Informa\u00e7\u00f5es: (63) 99292-9124<\/p>\n\n\n\n<figure class=\"wp-block-image size-full\"><img loading=\"lazy\" decoding=\"async\" width=\"843\" height=\"251\" src=\"https:\/\/focotocantinense.com.br\/wp-content\/uploads\/2024\/08\/VINI_181_282-1-2.jpg\" alt=\"\" class=\"wp-image-8241\" srcset=\"https:\/\/focotocantinense.com.br\/wp-content\/uploads\/2024\/08\/VINI_181_282-1-2.jpg 843w, https:\/\/focotocantinense.com.br\/wp-content\/uploads\/2024\/08\/VINI_181_282-1-2-300x89.jpg 300w, https:\/\/focotocantinense.com.br\/wp-content\/uploads\/2024\/08\/VINI_181_282-1-2-768x229.jpg 768w\" sizes=\"auto, (max-width: 843px) 100vw, 843px\" \/><\/figure>\n","protected":false},"excerpt":{"rendered":"<p>O ator e humorista tocantinense Vin\u00edcius Martins far\u00e1 apresenta\u00e7\u00e3o do seu show de humor nesta quinta-feira, dia 15 de agosto, no Centro Cultural Mauro Cunha, em Gurupi. Trata-se do espet\u00e1culo \u201cS\u00f3 Riso Show de Humor\u201d, uma apresenta\u00e7\u00e3o solo que promete levar o p\u00fablico a dar boas gargalhadas e despertar para reflex\u00f5es sobre o cotidiano das &hellip;<\/p>\n","protected":false},"author":5,"featured_media":8246,"comment_status":"open","ping_status":"open","sticky":false,"template":"","format":"standard","meta":{"footnotes":""},"categories":[104],"tags":[],"class_list":["post-8245","post","type-post","status-publish","format-standard","has-post-thumbnail","","category-cultura"],"_links":{"self":[{"href":"https:\/\/focotocantinense.com.br\/index.php?rest_route=\/wp\/v2\/posts\/8245","targetHints":{"allow":["GET"]}}],"collection":[{"href":"https:\/\/focotocantinense.com.br\/index.php?rest_route=\/wp\/v2\/posts"}],"about":[{"href":"https:\/\/focotocantinense.com.br\/index.php?rest_route=\/wp\/v2\/types\/post"}],"author":[{"embeddable":true,"href":"https:\/\/focotocantinense.com.br\/index.php?rest_route=\/wp\/v2\/users\/5"}],"replies":[{"embeddable":true,"href":"https:\/\/focotocantinense.com.br\/index.php?rest_route=%2Fwp%2Fv2%2Fcomments&post=8245"}],"version-history":[{"count":3,"href":"https:\/\/focotocantinense.com.br\/index.php?rest_route=\/wp\/v2\/posts\/8245\/revisions"}],"predecessor-version":[{"id":8249,"href":"https:\/\/focotocantinense.com.br\/index.php?rest_route=\/wp\/v2\/posts\/8245\/revisions\/8249"}],"wp:featuredmedia":[{"embeddable":true,"href":"https:\/\/focotocantinense.com.br\/index.php?rest_route=\/wp\/v2\/media\/8246"}],"wp:attachment":[{"href":"https:\/\/focotocantinense.com.br\/index.php?rest_route=%2Fwp%2Fv2%2Fmedia&parent=8245"}],"wp:term":[{"taxonomy":"category","embeddable":true,"href":"https:\/\/focotocantinense.com.br\/index.php?rest_route=%2Fwp%2Fv2%2Fcategories&post=8245"},{"taxonomy":"post_tag","embeddable":true,"href":"https:\/\/focotocantinense.com.br\/index.php?rest_route=%2Fwp%2Fv2%2Ftags&post=8245"}],"curies":[{"name":"wp","href":"https:\/\/api.w.org\/{rel}","templated":true}]}}