{"id":8243,"date":"2024-08-12T19:41:08","date_gmt":"2024-08-12T22:41:08","guid":{"rendered":"https:\/\/focotocantinense.com.br\/?p=8243"},"modified":"2024-08-12T19:41:08","modified_gmt":"2024-08-12T22:41:08","slug":"tre-to-publica-editais-com-nomeacoes-para-mesarios-que-atuarao-nas-eleicoes-2024","status":"publish","type":"post","link":"https:\/\/focotocantinense.com.br\/?p=8243","title":{"rendered":"TRE-TO publica editais com nomea\u00e7\u00f5es para mes\u00e1rios que atuar\u00e3o nas Elei\u00e7\u00f5es 2024"},"content":{"rendered":"\n<p>O Tribunal Regional Eleitoral do Tocantins (TRE-TO) divulgou os editais com as nomea\u00e7\u00f5es dos cidad\u00e3os que atuar\u00e3o como mes\u00e1rios e no apoio log\u00edstico, al\u00e9m de participar do Teste de Integridade das urnas eletr\u00f4nicas nas Elei\u00e7\u00f5es 2024.&nbsp;<\/p>\n\n\n\n<p>Ap\u00f3s a publica\u00e7\u00e3o dos editais, de acordo com as normas estabelecidas no artigo 120, par\u00e1grafo 4\u00ba, do C\u00f3digo Eleitoral, e o artigo 63, caput, da Lei das Elei\u00e7\u00f5es (Lei n\u00ba 9.504\/1997), os partidos pol\u00edticos e federa\u00e7\u00f5es t\u00eam at\u00e9 cinco dias para apresentar poss\u00edveis contesta\u00e7\u00f5es \u00e0s nomea\u00e7\u00f5es.<\/p>\n\n\n\n<p>As pessoas convocadas para atuar nas elei\u00e7\u00f5es tamb\u00e9m t\u00eam o direito de recusar a nomea\u00e7\u00e3o, seguindo os prazos estipulados: dois dias para resposta. J\u00e1 nos casos de recurso, o prazo \u00e9 de tr\u00eas dias junto \u00e0 Justi\u00e7a Eleitoral do Tocantins, que tem tamb\u00e9m tr\u00eas dias para responder o recurso.<\/p>\n\n\n\n<p>A divulga\u00e7\u00e3o do edital com os nomes dos mes\u00e1rios tocantinenses foi realizada no Di\u00e1rio da Justi\u00e7a Eleitoral (DJE) n\u00b0 35, na publica\u00e7\u00e3o da segunda-feira, dia 5. &nbsp;<\/p>\n\n\n\n<p>Os convocados tamb\u00e9m podem verificar sua nomea\u00e7\u00e3o entrando em contato com o cart\u00f3rio eleitoral onde est\u00e3o inscritos ou pela Central de Atendimento Virtual ao Eleitor (Cave) &#8211; 0800 6486-800, que atende tanto pelo telefone quanto pelo WhatsApp. Ainda podem consultar o Di\u00e1rio da Justi\u00e7a Eletr\u00f4nico (DJE) do TRE-TO. &nbsp;<\/p>\n\n\n\n<p>O prazo para nomea\u00e7\u00f5es nas se\u00e7\u00f5es eleitorais localizadas em estabelecimentos penais e unidades de interna\u00e7\u00e3o de adolescentes se estende at\u00e9 30 de agosto.<\/p>\n\n\n\n<figure class=\"wp-block-image size-large\"><img loading=\"lazy\" decoding=\"async\" width=\"1024\" height=\"552\" src=\"https:\/\/focotocantinense.com.br\/wp-content\/uploads\/2024\/08\/aaaaaaaaaaaaaaaaaaaaa-1024x552.jpg\" alt=\"\" class=\"wp-image-8239\" srcset=\"https:\/\/focotocantinense.com.br\/wp-content\/uploads\/2024\/08\/aaaaaaaaaaaaaaaaaaaaa-1024x552.jpg 1024w, https:\/\/focotocantinense.com.br\/wp-content\/uploads\/2024\/08\/aaaaaaaaaaaaaaaaaaaaa-300x162.jpg 300w, https:\/\/focotocantinense.com.br\/wp-content\/uploads\/2024\/08\/aaaaaaaaaaaaaaaaaaaaa-768x414.jpg 768w, https:\/\/focotocantinense.com.br\/wp-content\/uploads\/2024\/08\/aaaaaaaaaaaaaaaaaaaaa.jpg 1140w\" sizes=\"auto, (max-width: 1024px) 100vw, 1024px\" \/><\/figure>\n\n\n\n<p><br><strong>\u00a0<br>Import\u00e2ncia do trabalho como mes\u00e1rio no Tocantins<\/strong><\/p>\n\n\n\n<p>Ser mes\u00e1rio no Tocantins \u00e9 uma responsabilidade c\u00edvica de grande relev\u00e2ncia. Al\u00e9m de contribuir para a democracia e participar ativamente do processo eleitoral, os mes\u00e1rios recebem benef\u00edcios como folgas no trabalho, vantagem de desempate em concursos p\u00fablicos e a oportunidade de participar diretamente na organiza\u00e7\u00e3o das elei\u00e7\u00f5es, adquirindo experi\u00eancia e conhecimento sobre o sistema eleitoral.<\/p>\n\n\n\n<figure class=\"wp-block-image size-full\"><img loading=\"lazy\" decoding=\"async\" width=\"843\" height=\"251\" src=\"https:\/\/focotocantinense.com.br\/wp-content\/uploads\/2024\/08\/VINI_181_282-1-2.jpg\" alt=\"\" class=\"wp-image-8241\" srcset=\"https:\/\/focotocantinense.com.br\/wp-content\/uploads\/2024\/08\/VINI_181_282-1-2.jpg 843w, https:\/\/focotocantinense.com.br\/wp-content\/uploads\/2024\/08\/VINI_181_282-1-2-300x89.jpg 300w, https:\/\/focotocantinense.com.br\/wp-content\/uploads\/2024\/08\/VINI_181_282-1-2-768x229.jpg 768w\" sizes=\"auto, (max-width: 843px) 100vw, 843px\" \/><\/figure>\n","protected":false},"excerpt":{"rendered":"<p>O Tribunal Regional Eleitoral do Tocantins (TRE-TO) divulgou os editais com as nomea\u00e7\u00f5es dos cidad\u00e3os que atuar\u00e3o como mes\u00e1rios e no apoio log\u00edstico, al\u00e9m de participar do Teste de Integridade das urnas eletr\u00f4nicas nas Elei\u00e7\u00f5es 2024.&nbsp; Ap\u00f3s a publica\u00e7\u00e3o dos editais, de acordo com as normas estabelecidas no artigo 120, par\u00e1grafo 4\u00ba, do C\u00f3digo Eleitoral, &hellip;<\/p>\n","protected":false},"author":5,"featured_media":8239,"comment_status":"open","ping_status":"open","sticky":false,"template":"","format":"standard","meta":{"footnotes":""},"categories":[1],"tags":[],"class_list":["post-8243","post","type-post","status-publish","format-standard","has-post-thumbnail","","category-sem-categoria"],"_links":{"self":[{"href":"https:\/\/focotocantinense.com.br\/index.php?rest_route=\/wp\/v2\/posts\/8243","targetHints":{"allow":["GET"]}}],"collection":[{"href":"https:\/\/focotocantinense.com.br\/index.php?rest_route=\/wp\/v2\/posts"}],"about":[{"href":"https:\/\/focotocantinense.com.br\/index.php?rest_route=\/wp\/v2\/types\/post"}],"author":[{"embeddable":true,"href":"https:\/\/focotocantinense.com.br\/index.php?rest_route=\/wp\/v2\/users\/5"}],"replies":[{"embeddable":true,"href":"https:\/\/focotocantinense.com.br\/index.php?rest_route=%2Fwp%2Fv2%2Fcomments&post=8243"}],"version-history":[{"count":1,"href":"https:\/\/focotocantinense.com.br\/index.php?rest_route=\/wp\/v2\/posts\/8243\/revisions"}],"predecessor-version":[{"id":8244,"href":"https:\/\/focotocantinense.com.br\/index.php?rest_route=\/wp\/v2\/posts\/8243\/revisions\/8244"}],"wp:featuredmedia":[{"embeddable":true,"href":"https:\/\/focotocantinense.com.br\/index.php?rest_route=\/wp\/v2\/media\/8239"}],"wp:attachment":[{"href":"https:\/\/focotocantinense.com.br\/index.php?rest_route=%2Fwp%2Fv2%2Fmedia&parent=8243"}],"wp:term":[{"taxonomy":"category","embeddable":true,"href":"https:\/\/focotocantinense.com.br\/index.php?rest_route=%2Fwp%2Fv2%2Fcategories&post=8243"},{"taxonomy":"post_tag","embeddable":true,"href":"https:\/\/focotocantinense.com.br\/index.php?rest_route=%2Fwp%2Fv2%2Ftags&post=8243"}],"curies":[{"name":"wp","href":"https:\/\/api.w.org\/{rel}","templated":true}]}}