{"id":8238,"date":"2024-08-12T19:38:17","date_gmt":"2024-08-12T22:38:17","guid":{"rendered":"https:\/\/focotocantinense.com.br\/?p=8238"},"modified":"2024-08-12T19:38:17","modified_gmt":"2024-08-12T22:38:17","slug":"curso-profissionalizante-na-area-gastronomica-para-mulheres-e-iniciado-em-gurupi","status":"publish","type":"post","link":"https:\/\/focotocantinense.com.br\/?p=8238","title":{"rendered":"Curso profissionalizante na \u00e1rea gastron\u00f4mica para mulheres \u00e9 iniciado em Gurupi"},"content":{"rendered":"\n<p>Foi iniciado na manh\u00e3 desta segunda-feira, 12, um curso profissionalizante gratuito de produ\u00e7\u00e3o de massas, doces e salgados, voltado para mulheres de baixa renda em Gurupi. As aulas seguem at\u00e9 o dia 17 de agosto, com turmas nos per\u00edodos matutino e vespertino. Foram inscritas 80 pessoas, que ser\u00e3o qualificadas para ingressarem no mercado de trabalho ou montarem o pr\u00f3prio neg\u00f3cio.<\/p>\n\n\n\n<figure class=\"wp-block-image size-large is-resized\"><img loading=\"lazy\" decoding=\"async\" width=\"1024\" height=\"682\" src=\"https:\/\/focotocantinense.com.br\/wp-content\/uploads\/2024\/08\/curso-profissionalizante-gurupi-2-1024x682.jpg\" alt=\"\" class=\"wp-image-8240\" style=\"width:398px;height:auto\" srcset=\"https:\/\/focotocantinense.com.br\/wp-content\/uploads\/2024\/08\/curso-profissionalizante-gurupi-2-1024x682.jpg 1024w, https:\/\/focotocantinense.com.br\/wp-content\/uploads\/2024\/08\/curso-profissionalizante-gurupi-2-300x200.jpg 300w, https:\/\/focotocantinense.com.br\/wp-content\/uploads\/2024\/08\/curso-profissionalizante-gurupi-2-768x512.jpg 768w, https:\/\/focotocantinense.com.br\/wp-content\/uploads\/2024\/08\/curso-profissionalizante-gurupi-2-1536x1023.jpg 1536w, https:\/\/focotocantinense.com.br\/wp-content\/uploads\/2024\/08\/curso-profissionalizante-gurupi-2-310x205.jpg 310w, https:\/\/focotocantinense.com.br\/wp-content\/uploads\/2024\/08\/curso-profissionalizante-gurupi-2.jpg 1600w\" sizes=\"auto, (max-width: 1024px) 100vw, 1024px\" \/><\/figure>\n\n\n\n<p><\/p>\n\n\n\n<p>O objetivo, segundo a secret\u00e1ria Municipal da Mulher e Cidadania, Cristina Donato, \u00e9 capacitar as mulheres gurupienses para que tenham sua pr\u00f3pria renda e independ\u00eancia financeira. A iniciativa tamb\u00e9m faz parte das a\u00e7\u00f5es alusivas \u00e0 campanha do \u2018Agosto Lil\u00e1s\u2019, que \u00e9 o m\u00eas de conscientiza\u00e7\u00e3o pelo fim da viol\u00eancia contra as mulheres.<\/p>\n\n\n\n<p>O curso \u00e9 promovido pelo Munic\u00edpio de Gurupi, em parceria com a Universidade Federal do Tocantins (UFT). &nbsp;<\/p>\n\n\n\n<figure class=\"wp-block-image size-full\"><img loading=\"lazy\" decoding=\"async\" width=\"843\" height=\"251\" src=\"https:\/\/focotocantinense.com.br\/wp-content\/uploads\/2024\/08\/VINI_181_282-1-2.jpg\" alt=\"\" class=\"wp-image-8241\" srcset=\"https:\/\/focotocantinense.com.br\/wp-content\/uploads\/2024\/08\/VINI_181_282-1-2.jpg 843w, https:\/\/focotocantinense.com.br\/wp-content\/uploads\/2024\/08\/VINI_181_282-1-2-300x89.jpg 300w, https:\/\/focotocantinense.com.br\/wp-content\/uploads\/2024\/08\/VINI_181_282-1-2-768x229.jpg 768w\" sizes=\"auto, (max-width: 843px) 100vw, 843px\" \/><\/figure>\n","protected":false},"excerpt":{"rendered":"<p>Foi iniciado na manh\u00e3 desta segunda-feira, 12, um curso profissionalizante gratuito de produ\u00e7\u00e3o de massas, doces e salgados, voltado para mulheres de baixa renda em Gurupi. As aulas seguem at\u00e9 o dia 17 de agosto, com turmas nos per\u00edodos matutino e vespertino. Foram inscritas 80 pessoas, que ser\u00e3o qualificadas para ingressarem no mercado de trabalho &hellip;<\/p>\n","protected":false},"author":5,"featured_media":8240,"comment_status":"open","ping_status":"open","sticky":false,"template":"","format":"standard","meta":{"footnotes":""},"categories":[1],"tags":[],"class_list":["post-8238","post","type-post","status-publish","format-standard","has-post-thumbnail","","category-sem-categoria"],"_links":{"self":[{"href":"https:\/\/focotocantinense.com.br\/index.php?rest_route=\/wp\/v2\/posts\/8238","targetHints":{"allow":["GET"]}}],"collection":[{"href":"https:\/\/focotocantinense.com.br\/index.php?rest_route=\/wp\/v2\/posts"}],"about":[{"href":"https:\/\/focotocantinense.com.br\/index.php?rest_route=\/wp\/v2\/types\/post"}],"author":[{"embeddable":true,"href":"https:\/\/focotocantinense.com.br\/index.php?rest_route=\/wp\/v2\/users\/5"}],"replies":[{"embeddable":true,"href":"https:\/\/focotocantinense.com.br\/index.php?rest_route=%2Fwp%2Fv2%2Fcomments&post=8238"}],"version-history":[{"count":1,"href":"https:\/\/focotocantinense.com.br\/index.php?rest_route=\/wp\/v2\/posts\/8238\/revisions"}],"predecessor-version":[{"id":8242,"href":"https:\/\/focotocantinense.com.br\/index.php?rest_route=\/wp\/v2\/posts\/8238\/revisions\/8242"}],"wp:featuredmedia":[{"embeddable":true,"href":"https:\/\/focotocantinense.com.br\/index.php?rest_route=\/wp\/v2\/media\/8240"}],"wp:attachment":[{"href":"https:\/\/focotocantinense.com.br\/index.php?rest_route=%2Fwp%2Fv2%2Fmedia&parent=8238"}],"wp:term":[{"taxonomy":"category","embeddable":true,"href":"https:\/\/focotocantinense.com.br\/index.php?rest_route=%2Fwp%2Fv2%2Fcategories&post=8238"},{"taxonomy":"post_tag","embeddable":true,"href":"https:\/\/focotocantinense.com.br\/index.php?rest_route=%2Fwp%2Fv2%2Ftags&post=8238"}],"curies":[{"name":"wp","href":"https:\/\/api.w.org\/{rel}","templated":true}]}}