{"id":8224,"date":"2024-08-12T14:42:54","date_gmt":"2024-08-12T17:42:54","guid":{"rendered":"https:\/\/focotocantinense.com.br\/?p=8224"},"modified":"2024-08-12T14:42:54","modified_gmt":"2024-08-12T17:42:54","slug":"governador-wanderlei-barbosa-participa-das-cavalhadas-de-taguatinga-e-reforca-importancia-da-tradicao-cultural","status":"publish","type":"post","link":"https:\/\/focotocantinense.com.br\/?p=8224","title":{"rendered":"Governador Wanderlei Barbosa participa das Cavalhadas de Taguatinga e refor\u00e7a import\u00e2ncia da tradi\u00e7\u00e3o cultural"},"content":{"rendered":"\n<p><em>Evento, que segue at\u00e9 a quarta-feira, 14, conta com o apoio do Governo do Tocantins<\/em><\/p>\n\n\n\n<figure class=\"wp-block-image size-large is-resized\"><img loading=\"lazy\" decoding=\"async\" width=\"1024\" height=\"585\" src=\"https:\/\/focotocantinense.com.br\/wp-content\/uploads\/2024\/08\/F10-Governador-Wanderlei-Barbosa-visita-Hospital-de-Taguatinga-TO-Foto-Ademir-dos-Anjos-Governo-do-Tocantins-1024x585.jpg\" alt=\"\" class=\"wp-image-8225\" style=\"width:374px;height:auto\" srcset=\"https:\/\/focotocantinense.com.br\/wp-content\/uploads\/2024\/08\/F10-Governador-Wanderlei-Barbosa-visita-Hospital-de-Taguatinga-TO-Foto-Ademir-dos-Anjos-Governo-do-Tocantins-1024x585.jpg 1024w, https:\/\/focotocantinense.com.br\/wp-content\/uploads\/2024\/08\/F10-Governador-Wanderlei-Barbosa-visita-Hospital-de-Taguatinga-TO-Foto-Ademir-dos-Anjos-Governo-do-Tocantins-300x171.jpg 300w, https:\/\/focotocantinense.com.br\/wp-content\/uploads\/2024\/08\/F10-Governador-Wanderlei-Barbosa-visita-Hospital-de-Taguatinga-TO-Foto-Ademir-dos-Anjos-Governo-do-Tocantins-768x439.jpg 768w, https:\/\/focotocantinense.com.br\/wp-content\/uploads\/2024\/08\/F10-Governador-Wanderlei-Barbosa-visita-Hospital-de-Taguatinga-TO-Foto-Ademir-dos-Anjos-Governo-do-Tocantins-1536x878.jpg 1536w, https:\/\/focotocantinense.com.br\/wp-content\/uploads\/2024\/08\/F10-Governador-Wanderlei-Barbosa-visita-Hospital-de-Taguatinga-TO-Foto-Ademir-dos-Anjos-Governo-do-Tocantins-2048x1171.jpg 2048w\" sizes=\"auto, (max-width: 1024px) 100vw, 1024px\" \/><\/figure>\n\n\n\n<p><strong>Ivan Trindade\/Governo do Tocantins<\/strong><\/p>\n\n\n\n<p>O governador do Tocantins, Wanderlei Barbosa, participou neste domingo, 11, da programa\u00e7\u00e3o das Cavalhadas de Taguatinga, na regi\u00e3o sudeste do Estado. O evento, que ocorre durante os festejos de Nossa Senhora D\u2019Abadia, padroeira da cidade, ocorre sempre no m\u00eas de agosto e, neste ano, segue at\u00e9 a quarta-feira, 14. A a\u00e7\u00e3o conta com o apoio do Governo do Tocantins, por meio da Secretaria de Estado do Turismo (Setur).<\/p>\n\n\n\n<p>&#8220;Para n\u00f3s, \u00e9 importante fomentar e manter vivas as tradi\u00e7\u00f5es e manifesta\u00e7\u00f5es que enriquecem a cultura e a hist\u00f3ria do nosso Estado. Temos, no Tocantins, cidades que recebem o nosso apoio como Taboc\u00e3o, Araguacema e aqui em Taguatinga&#8221;, destacou o governador Wanderlei Barbosa.&nbsp;<\/p>\n\n\n\n<figure class=\"wp-block-image size-large is-resized\"><img loading=\"lazy\" decoding=\"async\" width=\"1024\" height=\"585\" src=\"https:\/\/focotocantinense.com.br\/wp-content\/uploads\/2024\/08\/F7-Tradicao-das-Cavalhadas-integra-programacao-do-Festejo-de-Nossa-Senhora-da-Abadia-padroeira-de-Taguatinga-foto-Ademir-dos-Anjos-Governo-do-Tocantins-1024x585.jpg\" alt=\"\" class=\"wp-image-8226\" style=\"width:404px;height:auto\" srcset=\"https:\/\/focotocantinense.com.br\/wp-content\/uploads\/2024\/08\/F7-Tradicao-das-Cavalhadas-integra-programacao-do-Festejo-de-Nossa-Senhora-da-Abadia-padroeira-de-Taguatinga-foto-Ademir-dos-Anjos-Governo-do-Tocantins-1024x585.jpg 1024w, https:\/\/focotocantinense.com.br\/wp-content\/uploads\/2024\/08\/F7-Tradicao-das-Cavalhadas-integra-programacao-do-Festejo-de-Nossa-Senhora-da-Abadia-padroeira-de-Taguatinga-foto-Ademir-dos-Anjos-Governo-do-Tocantins-300x172.jpg 300w, https:\/\/focotocantinense.com.br\/wp-content\/uploads\/2024\/08\/F7-Tradicao-das-Cavalhadas-integra-programacao-do-Festejo-de-Nossa-Senhora-da-Abadia-padroeira-de-Taguatinga-foto-Ademir-dos-Anjos-Governo-do-Tocantins-768x439.jpg 768w, https:\/\/focotocantinense.com.br\/wp-content\/uploads\/2024\/08\/F7-Tradicao-das-Cavalhadas-integra-programacao-do-Festejo-de-Nossa-Senhora-da-Abadia-padroeira-de-Taguatinga-foto-Ademir-dos-Anjos-Governo-do-Tocantins-1536x878.jpg 1536w, https:\/\/focotocantinense.com.br\/wp-content\/uploads\/2024\/08\/F7-Tradicao-das-Cavalhadas-integra-programacao-do-Festejo-de-Nossa-Senhora-da-Abadia-padroeira-de-Taguatinga-foto-Ademir-dos-Anjos-Governo-do-Tocantins-2048x1171.jpg 2048w\" sizes=\"auto, (max-width: 1024px) 100vw, 1024px\" \/><\/figure>\n\n\n\n<p>A festividade faz parte do Calend\u00e1rio Cultural do Estado, por meio da Lei n\u00ba 4.338, de 27 de dezembro de 2023. As Cavalhadas de Taguatinga re\u00fanem aproximadamente 15 mil pessoas por dia, entre popula\u00e7\u00e3o local e visitantes dos munic\u00edpios vizinhos. Al\u00e9m do significativo espet\u00e1culo a c\u00e9u aberto, o evento conta, tamb\u00e9m, com apresenta\u00e7\u00f5es culturais que ocorrem \u00e0 noite, todos os dias do evento, \u00e0s 22h, na feira coberta da cidade; e \u00e0s 00h, no espa\u00e7o nobre.&nbsp;<\/p>\n\n\n\n<p>A secret\u00e1ria de Cultura de Taguatinga e uma das respons\u00e1veis pela organiza\u00e7\u00e3o das Cavalhadas no munic\u00edpio, Ludyane Bertunes, agradeceu a parceria do Governo do Tocantins para a realiza\u00e7\u00e3o do evento. &#8220;A nossa expectativa, neste ano, \u00e9 maior do que em rela\u00e7\u00e3o aos outros anos, principalmente levando em considera\u00e7\u00e3o essa parceria, que nos ajuda a proporcionar, al\u00e9m da festa religiosa e das Cavalhadas, shows de artistas renomados&#8221;, ressaltou a secret\u00e1ria.&nbsp;<\/p>\n\n\n\n<p><strong>Hist\u00f3ria<\/strong><\/p>\n\n\n\n<p>As Cavalhadas recontam uma hist\u00f3ria medieval, com a batalha entre mouros, que professavam a religi\u00e3o isl\u00e2mica, e crist\u00e3os, adeptos do cristianismo. No teatro, protagonizado por 24 cavaleiros reunidos em campo, cada lado possui 12 guerreiros, um n\u00famero simb\u00f3lico, escolhido de forma a ilustrar o lend\u00e1rio rei Carlos Magno e os <em>doze pares de Fran\u00e7a<\/em>, grupo que comp\u00f5e as diversas hist\u00f3rias de cavalaria e cantigas do per\u00edodo.<\/p>\n\n\n\n<figure class=\"wp-block-image size-large is-resized\"><img loading=\"lazy\" decoding=\"async\" width=\"1024\" height=\"585\" src=\"https:\/\/focotocantinense.com.br\/wp-content\/uploads\/2024\/08\/F1-Tradicionais-Cavalhadas-de-Taguatinga.-Manifestacao-cultural-que-ja-e-tradicao-na-cidade-contou-com-o-apoio-do-Governo-do-Tocantins-foto-Ademir-dos-Anjos-Governo-do-Tocantins-1024x585.jpg\" alt=\"\" class=\"wp-image-8228\" style=\"width:355px;height:auto\" srcset=\"https:\/\/focotocantinense.com.br\/wp-content\/uploads\/2024\/08\/F1-Tradicionais-Cavalhadas-de-Taguatinga.-Manifestacao-cultural-que-ja-e-tradicao-na-cidade-contou-com-o-apoio-do-Governo-do-Tocantins-foto-Ademir-dos-Anjos-Governo-do-Tocantins-1024x585.jpg 1024w, https:\/\/focotocantinense.com.br\/wp-content\/uploads\/2024\/08\/F1-Tradicionais-Cavalhadas-de-Taguatinga.-Manifestacao-cultural-que-ja-e-tradicao-na-cidade-contou-com-o-apoio-do-Governo-do-Tocantins-foto-Ademir-dos-Anjos-Governo-do-Tocantins-300x171.jpg 300w, https:\/\/focotocantinense.com.br\/wp-content\/uploads\/2024\/08\/F1-Tradicionais-Cavalhadas-de-Taguatinga.-Manifestacao-cultural-que-ja-e-tradicao-na-cidade-contou-com-o-apoio-do-Governo-do-Tocantins-foto-Ademir-dos-Anjos-Governo-do-Tocantins-768x439.jpg 768w, https:\/\/focotocantinense.com.br\/wp-content\/uploads\/2024\/08\/F1-Tradicionais-Cavalhadas-de-Taguatinga.-Manifestacao-cultural-que-ja-e-tradicao-na-cidade-contou-com-o-apoio-do-Governo-do-Tocantins-foto-Ademir-dos-Anjos-Governo-do-Tocantins-1536x877.jpg 1536w, https:\/\/focotocantinense.com.br\/wp-content\/uploads\/2024\/08\/F1-Tradicionais-Cavalhadas-de-Taguatinga.-Manifestacao-cultural-que-ja-e-tradicao-na-cidade-contou-com-o-apoio-do-Governo-do-Tocantins-foto-Ademir-dos-Anjos-Governo-do-Tocantins-2048x1170.jpg 2048w\" sizes=\"auto, (max-width: 1024px) 100vw, 1024px\" \/><\/figure>\n\n\n\n<p>O presidente da Associa\u00e7\u00e3o de Apoio \u00e0s Cavalhadas de Taguatinga (Acata), Iego Toledo Rodrigues, enfatizou que o evento \u00e9 de suma import\u00e2ncia para o munic\u00edpio. &#8220;Conseguimos reunir, em uma a\u00e7\u00e3o como essa, a religiosidade da igreja com as nossas tradi\u00e7\u00f5es, o que \u00e9 de total import\u00e2ncia para os moradores do nosso munic\u00edpio, que sempre nessa \u00e9poca do ano j\u00e1 aguardam ansiosamente pela programa\u00e7\u00e3o&#8221;, salientou.&nbsp;<\/p>\n\n\n\n<figure class=\"wp-block-image size-large\"><img loading=\"lazy\" decoding=\"async\" width=\"1024\" height=\"585\" src=\"https:\/\/focotocantinense.com.br\/wp-content\/uploads\/2024\/08\/F3-Governador-Wanderlei-Barbosa-Dep-Leo-e-Iego-Toledo-Rodrigues-presidente-da-Associacao-da-Cavalhada-de-Taguatinga-ACATA-foto-Ademir-dos-Anjos-Govrno-do-Tocantins-1-1024x585.jpg\" alt=\"\" class=\"wp-image-8229\" srcset=\"https:\/\/focotocantinense.com.br\/wp-content\/uploads\/2024\/08\/F3-Governador-Wanderlei-Barbosa-Dep-Leo-e-Iego-Toledo-Rodrigues-presidente-da-Associacao-da-Cavalhada-de-Taguatinga-ACATA-foto-Ademir-dos-Anjos-Govrno-do-Tocantins-1-1024x585.jpg 1024w, https:\/\/focotocantinense.com.br\/wp-content\/uploads\/2024\/08\/F3-Governador-Wanderlei-Barbosa-Dep-Leo-e-Iego-Toledo-Rodrigues-presidente-da-Associacao-da-Cavalhada-de-Taguatinga-ACATA-foto-Ademir-dos-Anjos-Govrno-do-Tocantins-1-300x171.jpg 300w, https:\/\/focotocantinense.com.br\/wp-content\/uploads\/2024\/08\/F3-Governador-Wanderlei-Barbosa-Dep-Leo-e-Iego-Toledo-Rodrigues-presidente-da-Associacao-da-Cavalhada-de-Taguatinga-ACATA-foto-Ademir-dos-Anjos-Govrno-do-Tocantins-1-768x439.jpg 768w, https:\/\/focotocantinense.com.br\/wp-content\/uploads\/2024\/08\/F3-Governador-Wanderlei-Barbosa-Dep-Leo-e-Iego-Toledo-Rodrigues-presidente-da-Associacao-da-Cavalhada-de-Taguatinga-ACATA-foto-Ademir-dos-Anjos-Govrno-do-Tocantins-1.jpg 1458w\" sizes=\"auto, (max-width: 1024px) 100vw, 1024px\" \/><\/figure>\n\n\n\n<p>A tradi\u00e7\u00e3o das Cavalhadas manteve-se em alguns pontos do Brasil, com especial for\u00e7a nos estados de Alagoas, Goi\u00e1s e Tocantins. Em Taguatinga, antes de entrarem em campo, os cavaleiros participam de uma missa em que as argolinhas, que mais tarde ser\u00e3o utilizadas na competi\u00e7\u00e3o a cavalo, s\u00e3o benzidas pelo p\u00e1roco local. Tamb\u00e9m recebem as b\u00ean\u00e7\u00e3os os combatentes, que agora est\u00e3o prontos para representar a batalha, que ocorre nos dois dias seguintes.<\/p>\n\n\n\n<p>O primeiro dia tradicionalmente \u00e9 marcado pela alvorada, um momento em que todos os cavaleiros saem em cortejo at\u00e9 a casa da madrinha das Cavalhadas, quando ainda est\u00e1 escuro, vendo o sol nascer enquanto caminham. Esse tamb\u00e9m \u00e9 o dia da recria\u00e7\u00e3o da batalha entre os povos, com o teatro sendo encenado para o p\u00fablico, algo que se repete todos os anos, a fim de demonstrar o conflito ocorrido. \u00c9 a ocasi\u00e3o em que os cavaleiros do castelo crist\u00e3o saem vitoriosos na guerra, culminando no batismo dos combatentes do castelo mouro.<\/p>\n","protected":false},"excerpt":{"rendered":"<p>Evento, que segue at\u00e9 a quarta-feira, 14, conta com o apoio do Governo do Tocantins Ivan Trindade\/Governo do Tocantins O governador do Tocantins, Wanderlei Barbosa, participou neste domingo, 11, da programa\u00e7\u00e3o das Cavalhadas de Taguatinga, na regi\u00e3o sudeste do Estado. O evento, que ocorre durante os festejos de Nossa Senhora D\u2019Abadia, padroeira da cidade, ocorre &hellip;<\/p>\n","protected":false},"author":5,"featured_media":8228,"comment_status":"open","ping_status":"open","sticky":false,"template":"","format":"standard","meta":{"footnotes":""},"categories":[1],"tags":[],"class_list":["post-8224","post","type-post","status-publish","format-standard","has-post-thumbnail","","category-sem-categoria"],"_links":{"self":[{"href":"https:\/\/focotocantinense.com.br\/index.php?rest_route=\/wp\/v2\/posts\/8224","targetHints":{"allow":["GET"]}}],"collection":[{"href":"https:\/\/focotocantinense.com.br\/index.php?rest_route=\/wp\/v2\/posts"}],"about":[{"href":"https:\/\/focotocantinense.com.br\/index.php?rest_route=\/wp\/v2\/types\/post"}],"author":[{"embeddable":true,"href":"https:\/\/focotocantinense.com.br\/index.php?rest_route=\/wp\/v2\/users\/5"}],"replies":[{"embeddable":true,"href":"https:\/\/focotocantinense.com.br\/index.php?rest_route=%2Fwp%2Fv2%2Fcomments&post=8224"}],"version-history":[{"count":1,"href":"https:\/\/focotocantinense.com.br\/index.php?rest_route=\/wp\/v2\/posts\/8224\/revisions"}],"predecessor-version":[{"id":8230,"href":"https:\/\/focotocantinense.com.br\/index.php?rest_route=\/wp\/v2\/posts\/8224\/revisions\/8230"}],"wp:featuredmedia":[{"embeddable":true,"href":"https:\/\/focotocantinense.com.br\/index.php?rest_route=\/wp\/v2\/media\/8228"}],"wp:attachment":[{"href":"https:\/\/focotocantinense.com.br\/index.php?rest_route=%2Fwp%2Fv2%2Fmedia&parent=8224"}],"wp:term":[{"taxonomy":"category","embeddable":true,"href":"https:\/\/focotocantinense.com.br\/index.php?rest_route=%2Fwp%2Fv2%2Fcategories&post=8224"},{"taxonomy":"post_tag","embeddable":true,"href":"https:\/\/focotocantinense.com.br\/index.php?rest_route=%2Fwp%2Fv2%2Ftags&post=8224"}],"curies":[{"name":"wp","href":"https:\/\/api.w.org\/{rel}","templated":true}]}}