{"id":8220,"date":"2024-08-12T14:23:42","date_gmt":"2024-08-12T17:23:42","guid":{"rendered":"https:\/\/focotocantinense.com.br\/?p=8220"},"modified":"2024-08-12T14:23:42","modified_gmt":"2024-08-12T17:23:42","slug":"registro-de-candidatura-de-eduardo-fortes-e-oficializado-no-tre-to","status":"publish","type":"post","link":"https:\/\/focotocantinense.com.br\/?p=8220","title":{"rendered":"Registro de candidatura de Eduardo Fortes \u00e9 oficializado no TRE-TO"},"content":{"rendered":"\n<p>A coliga\u00e7\u00e3o \u201cA For\u00e7a que vem do Povo\u201d oficializou o pedido de registro da candidatura de Eduardo Fortes para prefeito de Gurupi e de seu vice, Juarez Moreira. Esta decis\u00e3o marca o in\u00edcio de uma jornada que promete transformar a cidade em um verdadeiro polo de desenvolvimento econ\u00f4mico e social, sob a lideran\u00e7a de uma chapa comprometida com o desejo genu\u00edno de cuidar das pessoas.<\/p>\n\n\n\n<figure class=\"wp-block-image size-large is-resized\"><img loading=\"lazy\" decoding=\"async\" width=\"1024\" height=\"682\" src=\"https:\/\/focotocantinense.com.br\/wp-content\/uploads\/2024\/08\/WhatsApp-Image-2024-08-11-at-20.31.32-1024x682.jpeg\" alt=\"\" class=\"wp-image-8222\" style=\"width:374px;height:auto\" srcset=\"https:\/\/focotocantinense.com.br\/wp-content\/uploads\/2024\/08\/WhatsApp-Image-2024-08-11-at-20.31.32-1024x682.jpeg 1024w, https:\/\/focotocantinense.com.br\/wp-content\/uploads\/2024\/08\/WhatsApp-Image-2024-08-11-at-20.31.32-300x200.jpeg 300w, https:\/\/focotocantinense.com.br\/wp-content\/uploads\/2024\/08\/WhatsApp-Image-2024-08-11-at-20.31.32-768x512.jpeg 768w, https:\/\/focotocantinense.com.br\/wp-content\/uploads\/2024\/08\/WhatsApp-Image-2024-08-11-at-20.31.32-1536x1023.jpeg 1536w, https:\/\/focotocantinense.com.br\/wp-content\/uploads\/2024\/08\/WhatsApp-Image-2024-08-11-at-20.31.32-310x205.jpeg 310w, https:\/\/focotocantinense.com.br\/wp-content\/uploads\/2024\/08\/WhatsApp-Image-2024-08-11-at-20.31.32.jpeg 1600w\" sizes=\"auto, (max-width: 1024px) 100vw, 1024px\" \/><\/figure>\n\n\n\n<p>O pedido foi protocolado junto \u00e0 Justi\u00e7a Eleitoral, na manh\u00e3 deste domingo, 11 de agosto de 2024. Assim, a coliga\u00e7\u00e3o, composta por PSD, PDT, PP, PSB e MDB, est\u00e1 comprometida em promover uma gest\u00e3o inovadora, transparente e focada no bem-estar da popula\u00e7\u00e3o.<\/p>\n\n\n\n<p>Eduardo Fortes \u00e9 uma pessoa conhecida em Gurupi por sua trajet\u00f3ria marcada pela honestidade, dedica\u00e7\u00e3o e profunda conex\u00e3o com a comunidade. Ao longo de sua vida p\u00fablica, Eduardo demonstrou um compromisso inabal\u00e1vel com o desenvolvimento da cidade, sempre colocando os interesses da popula\u00e7\u00e3o em primeiro lugar. Com uma vis\u00e3o de gest\u00e3o eficiente e humana, ele se prop\u00f5e a transformar Gurupi em um exemplo de desenvolvimento sustent\u00e1vel e qualidade de vida.<\/p>\n\n\n\n<p>Compromisso com a sa\u00fade e educa\u00e7\u00e3o<\/p>\n\n\n\n<p>Um dos principais compromissos de Eduardo Fortes \u00e9 com a sa\u00fade p\u00fablica. A chapa prop\u00f5e uma amplia\u00e7\u00e3o significativa dos recursos e da infraestrutura de sa\u00fade, garantindo que todos os cidad\u00e3os de Gurupi tenham acesso a um atendimento digno e de qualidade. &#8220;A sa\u00fade \u00e9 um direito de todos e vamos lutar para que ningu\u00e9m seja deixado para tr\u00e1s&#8221;, afirmou Eduardo.<\/p>\n\n\n\n<p>Na educa\u00e7\u00e3o, a proposta \u00e9 igualmente ambiciosa. Eduardo planeja a constru\u00e7\u00e3o de novas creches e escolas, com foco em um sistema inclusivo e de excel\u00eancia. &#8220;A educa\u00e7\u00e3o \u00e9 a base de tudo. Precisamos dar aos nossos jovens as ferramentas para que possam alcan\u00e7ar seus sonhos e construir um futuro melhor para nossa cidade&#8221;, destacou o candidato.<\/p>\n\n\n\n<p>Gera\u00e7\u00e3o de emprego e apoio ao desenvolvimento econ\u00f4mico<\/p>\n\n\n\n<p>A cria\u00e7\u00e3o de empregos e o aumento da renda s\u00e3o metas fundamentais do plano de governo de Eduardo Fortes. Para isso, a chapa prop\u00f5e programas de capacita\u00e7\u00e3o e incentivo ao empreendedorismo, al\u00e9m de pol\u00edticas habitacionais que garantam moradia digna para os mais necessitados. &#8220;Queremos oferecer seguran\u00e7a e dignidade para todas as fam\u00edlias de Gurupi&#8221;, enfatizou Eduardo.<\/p>\n\n\n\n<p>Al\u00e9m disso, Eduardo se compromete a apoiar os pequenos agricultores, o agroneg\u00f3cio, a ind\u00fastria e o com\u00e9rcio, setores essenciais para o crescimento econ\u00f4mico da cidade. &#8220;Estaremos ao lado dos empres\u00e1rios e trabalhadores, buscando sempre o melhor para todos&#8221;, garantiu o candidato.<\/p>\n\n\n\n<p>Valoriza\u00e7\u00e3o dos Servidores P\u00fablicos e Combate \u00e0 Corrup\u00e7\u00e3o<\/p>\n\n\n\n<p>Para Eduardo Fortes, os servidores municipais s\u00e3o essenciais para o bom funcionamento da cidade. A valoriza\u00e7\u00e3o desses profissionais, com respeito e reconhecimento, \u00e9 uma das prioridades da chapa. &#8220;Os servidores p\u00fablicos s\u00e3o a base de uma gest\u00e3o eficiente, e n\u00f3s vamos garantir que eles sejam tratados com a dignidade que merecem&#8221;, afirmou.<\/p>\n\n\n\n<p>Um dos pilares da candidatura de Eduardo \u00e9 o compromisso intransigente com o combate \u00e0 corrup\u00e7\u00e3o. Ele promete uma administra\u00e7\u00e3o marcada pela transpar\u00eancia e \u00e9tica, garantindo que cada recurso p\u00fablico seja utilizado em benef\u00edcio de todos os cidad\u00e3os. &#8220;Vamos acabar com a corrup\u00e7\u00e3o e garantir que o dinheiro p\u00fablico seja usado de forma respons\u00e1vel e transparente&#8221;, assegurou.<\/p>\n","protected":false},"excerpt":{"rendered":"<p>A coliga\u00e7\u00e3o \u201cA For\u00e7a que vem do Povo\u201d oficializou o pedido de registro da candidatura de Eduardo Fortes para prefeito de Gurupi e de seu vice, Juarez Moreira. Esta decis\u00e3o marca o in\u00edcio de uma jornada que promete transformar a cidade em um verdadeiro polo de desenvolvimento econ\u00f4mico e social, sob a lideran\u00e7a de uma &hellip;<\/p>\n","protected":false},"author":5,"featured_media":8222,"comment_status":"open","ping_status":"open","sticky":false,"template":"","format":"standard","meta":{"footnotes":""},"categories":[1],"tags":[],"class_list":["post-8220","post","type-post","status-publish","format-standard","has-post-thumbnail","","category-sem-categoria"],"_links":{"self":[{"href":"https:\/\/focotocantinense.com.br\/index.php?rest_route=\/wp\/v2\/posts\/8220","targetHints":{"allow":["GET"]}}],"collection":[{"href":"https:\/\/focotocantinense.com.br\/index.php?rest_route=\/wp\/v2\/posts"}],"about":[{"href":"https:\/\/focotocantinense.com.br\/index.php?rest_route=\/wp\/v2\/types\/post"}],"author":[{"embeddable":true,"href":"https:\/\/focotocantinense.com.br\/index.php?rest_route=\/wp\/v2\/users\/5"}],"replies":[{"embeddable":true,"href":"https:\/\/focotocantinense.com.br\/index.php?rest_route=%2Fwp%2Fv2%2Fcomments&post=8220"}],"version-history":[{"count":1,"href":"https:\/\/focotocantinense.com.br\/index.php?rest_route=\/wp\/v2\/posts\/8220\/revisions"}],"predecessor-version":[{"id":8223,"href":"https:\/\/focotocantinense.com.br\/index.php?rest_route=\/wp\/v2\/posts\/8220\/revisions\/8223"}],"wp:featuredmedia":[{"embeddable":true,"href":"https:\/\/focotocantinense.com.br\/index.php?rest_route=\/wp\/v2\/media\/8222"}],"wp:attachment":[{"href":"https:\/\/focotocantinense.com.br\/index.php?rest_route=%2Fwp%2Fv2%2Fmedia&parent=8220"}],"wp:term":[{"taxonomy":"category","embeddable":true,"href":"https:\/\/focotocantinense.com.br\/index.php?rest_route=%2Fwp%2Fv2%2Fcategories&post=8220"},{"taxonomy":"post_tag","embeddable":true,"href":"https:\/\/focotocantinense.com.br\/index.php?rest_route=%2Fwp%2Fv2%2Ftags&post=8220"}],"curies":[{"name":"wp","href":"https:\/\/api.w.org\/{rel}","templated":true}]}}