{"id":8214,"date":"2024-08-10T22:08:58","date_gmt":"2024-08-11T01:08:58","guid":{"rendered":"https:\/\/focotocantinense.com.br\/?p=8214"},"modified":"2024-08-10T22:10:17","modified_gmt":"2024-08-11T01:10:17","slug":"josi-nunes-registra-candidatura-e-apresenta-plano-de-governo","status":"publish","type":"post","link":"https:\/\/focotocantinense.com.br\/?p=8214","title":{"rendered":"Josi Nunes registra candidatura e apresenta Plano de Governo"},"content":{"rendered":"\n<p><em>A prefeita de Gurupi e candidata homologada em conven\u00e7\u00e3o, Josi Nunes (UB), e o candidato a vice-prefeito homologado pelo Uni\u00e3o Brasil, Adailton Fonseca, solicitaram nesta sexta-feira, 9, o registro de candidatura junto \u00e0 Justi\u00e7a Eleitoral. Junto ao pedido, a prefeita entregou seu Plano de Governo para gest\u00e3o de Gurupi no per\u00edodo de 2025-2028.<\/em><\/p>\n\n\n\n<p>A coliga\u00e7\u00e3o Gurupi Est\u00e1 em Boas M\u00e3os \u2013 composta pelos partidos Uni\u00e3o Brasil (UB), Partido Liberal (PL), Partido da Renova\u00e7\u00e3o Democr\u00e1tica (PRD), Podemos (Pode) e Agir -, apresentou propostas voltadas \u00e0 Sa\u00fade; Educa\u00e7\u00e3o; Esporte; Infraestrutura e Desenvolvimento Urbano; Mobilidade Urbana e Acessibilidade; Habita\u00e7\u00e3o e Regulariza\u00e7\u00e3o Fundi\u00e1ria; Meio Ambiente; Seguran\u00e7a P\u00fablica; Desenvolvimento Humano; Juventude; Mulheres; Idosos; Pessoas com Defici\u00eancia; Minorias; Prote\u00e7\u00e3o aos Animais; Desenvolvimento Econ\u00f4mico, Sustent\u00e1vel e Gera\u00e7\u00e3o de Renda; Cultura; Gest\u00e3o e Planejamento P\u00fablico e Funcionalismo P\u00fablico.<\/p>\n\n\n\n<p>\u201cEstou extremamente confiante e determinada a continuar trabalhando pelo bem de Gurupi. Nosso Plano de Governo reflete o compromisso com cada cidad\u00e3o, sempre buscando o desenvolvimento sustent\u00e1vel e a melhoria da qualidade de vida. Juntos, vamos seguir avan\u00e7ando e garantindo que Gurupi continue em boas m\u00e3os,\u201d declarou Josi Nunes.<\/p>\n\n\n\n<figure class=\"wp-block-image size-large is-resized\"><img loading=\"lazy\" decoding=\"async\" width=\"683\" height=\"1024\" src=\"https:\/\/focotocantinense.com.br\/wp-content\/uploads\/2024\/08\/Josi-Nunes-2-scaled-1-683x1024.jpg\" alt=\"\" class=\"wp-image-8216\" style=\"width:840px;height:auto\" srcset=\"https:\/\/focotocantinense.com.br\/wp-content\/uploads\/2024\/08\/Josi-Nunes-2-scaled-1-683x1024.jpg 683w, https:\/\/focotocantinense.com.br\/wp-content\/uploads\/2024\/08\/Josi-Nunes-2-scaled-1-200x300.jpg 200w, https:\/\/focotocantinense.com.br\/wp-content\/uploads\/2024\/08\/Josi-Nunes-2-scaled-1-768x1152.jpg 768w, https:\/\/focotocantinense.com.br\/wp-content\/uploads\/2024\/08\/Josi-Nunes-2-scaled-1-1024x1536.jpg 1024w, https:\/\/focotocantinense.com.br\/wp-content\/uploads\/2024\/08\/Josi-Nunes-2-scaled-1-1366x2048.jpg 1366w, https:\/\/focotocantinense.com.br\/wp-content\/uploads\/2024\/08\/Josi-Nunes-2-scaled-1.jpg 1707w\" sizes=\"auto, (max-width: 683px) 100vw, 683px\" \/><\/figure>\n\n\n\n<p><\/p>\n\n\n\n<figure class=\"wp-block-image size-full\"><img loading=\"lazy\" decoding=\"async\" width=\"843\" height=\"251\" src=\"https:\/\/focotocantinense.com.br\/wp-content\/uploads\/2024\/08\/VINI_181_282-1-1.jpg\" alt=\"\" class=\"wp-image-8215\" srcset=\"https:\/\/focotocantinense.com.br\/wp-content\/uploads\/2024\/08\/VINI_181_282-1-1.jpg 843w, https:\/\/focotocantinense.com.br\/wp-content\/uploads\/2024\/08\/VINI_181_282-1-1-300x89.jpg 300w, https:\/\/focotocantinense.com.br\/wp-content\/uploads\/2024\/08\/VINI_181_282-1-1-768x229.jpg 768w\" sizes=\"auto, (max-width: 843px) 100vw, 843px\" \/><\/figure>\n","protected":false},"excerpt":{"rendered":"<p>A prefeita de Gurupi e candidata homologada em conven\u00e7\u00e3o, Josi Nunes (UB), e o candidato a vice-prefeito homologado pelo Uni\u00e3o Brasil, Adailton Fonseca, solicitaram nesta sexta-feira, 9, o registro de candidatura junto \u00e0 Justi\u00e7a Eleitoral. Junto ao pedido, a prefeita entregou seu Plano de Governo para gest\u00e3o de Gurupi no per\u00edodo de 2025-2028. A coliga\u00e7\u00e3o &hellip;<\/p>\n","protected":false},"author":5,"featured_media":8218,"comment_status":"open","ping_status":"open","sticky":false,"template":"","format":"standard","meta":{"footnotes":""},"categories":[38,1],"tags":[],"class_list":["post-8214","post","type-post","status-publish","format-standard","has-post-thumbnail","","category-gurupi","category-sem-categoria"],"_links":{"self":[{"href":"https:\/\/focotocantinense.com.br\/index.php?rest_route=\/wp\/v2\/posts\/8214","targetHints":{"allow":["GET"]}}],"collection":[{"href":"https:\/\/focotocantinense.com.br\/index.php?rest_route=\/wp\/v2\/posts"}],"about":[{"href":"https:\/\/focotocantinense.com.br\/index.php?rest_route=\/wp\/v2\/types\/post"}],"author":[{"embeddable":true,"href":"https:\/\/focotocantinense.com.br\/index.php?rest_route=\/wp\/v2\/users\/5"}],"replies":[{"embeddable":true,"href":"https:\/\/focotocantinense.com.br\/index.php?rest_route=%2Fwp%2Fv2%2Fcomments&post=8214"}],"version-history":[{"count":1,"href":"https:\/\/focotocantinense.com.br\/index.php?rest_route=\/wp\/v2\/posts\/8214\/revisions"}],"predecessor-version":[{"id":8217,"href":"https:\/\/focotocantinense.com.br\/index.php?rest_route=\/wp\/v2\/posts\/8214\/revisions\/8217"}],"wp:featuredmedia":[{"embeddable":true,"href":"https:\/\/focotocantinense.com.br\/index.php?rest_route=\/wp\/v2\/media\/8218"}],"wp:attachment":[{"href":"https:\/\/focotocantinense.com.br\/index.php?rest_route=%2Fwp%2Fv2%2Fmedia&parent=8214"}],"wp:term":[{"taxonomy":"category","embeddable":true,"href":"https:\/\/focotocantinense.com.br\/index.php?rest_route=%2Fwp%2Fv2%2Fcategories&post=8214"},{"taxonomy":"post_tag","embeddable":true,"href":"https:\/\/focotocantinense.com.br\/index.php?rest_route=%2Fwp%2Fv2%2Ftags&post=8214"}],"curies":[{"name":"wp","href":"https:\/\/api.w.org\/{rel}","templated":true}]}}