{"id":8197,"date":"2024-08-09T14:45:05","date_gmt":"2024-08-09T17:45:05","guid":{"rendered":"https:\/\/focotocantinense.com.br\/?p=8197"},"modified":"2024-08-09T16:04:39","modified_gmt":"2024-08-09T19:04:39","slug":"documentario-seu-riba-e-a-batalha-no-ceu-sera-lancado-dia-30-de-agosto-em-gurupi","status":"publish","type":"post","link":"https:\/\/focotocantinense.com.br\/?p=8197","title":{"rendered":"Document\u00e1rio \u201cSeu Riba e a Batalha no C\u00e9u&#8221; ser\u00e1 lan\u00e7ado dia 30 de agosto, em Gurupi"},"content":{"rendered":"\n<p>Sob a dire\u00e7\u00e3o de Fernando Fran\u00e7a, o document\u00e1rio \u201c<em><strong>Seu Riba e a Batalha no C\u00e9u\u201d<\/strong><\/em>, que foi contemplado no Edital Leilane Macedo de Chamamento P\u00fablico n\u00ba 05\/2023, de 13 de setembro de 2023, por meio da Lei Paulo Gustavo, ser\u00e1 lan\u00e7ado no pr\u00f3ximo dia 30 de agosto, \u00e0s 19 horas, no Centro Cultural Mauro Cunha.<\/p>\n\n\n\n<p>Trata-se de uma produ\u00e7\u00e3o do&nbsp;<em><strong>Grupo Motir\u00f5 de Teatro de Gurupi<\/strong><\/em>, que homenageia o poeta cordelista Jos\u00e9 de Ribamar Alves dos Santos, que faleceu em 25 de julho de 2021.<\/p>\n\n\n\n<p>O document\u00e1rio conta com depoimentos de amigos, familiares e colegas de trabalho que conviveram com Seu Riba, como era mais conhecido, durante seus anos de vida em Gurupi.<br><strong>Participa\u00e7\u00f5es especiais<\/strong><\/p>\n\n\n\n<p>Com participa\u00e7\u00f5es de artistas como Audimar Dionisio, Lucirez Amaral, Eliosmar Veloso, Zacarias Martins, Jos\u00e9 Maciel, Palmares, dentre outros, o filme viaja entre nuances nost\u00e1lgicas e densas trazendo o espectador a refletir sobre a valoriza\u00e7\u00e3o do artista e a perda de um ente querido.<\/p>\n\n\n\n<figure class=\"wp-block-image size-large is-resized\"><img loading=\"lazy\" decoding=\"async\" width=\"1024\" height=\"768\" src=\"https:\/\/focotocantinense.com.br\/wp-content\/uploads\/2024\/08\/SEU-RIBA-EM-FOTO-DE-ZACARIAS-MARTINS-1-1024x768.jpg\" alt=\"\" class=\"wp-image-8199\" style=\"width:381px;height:auto\" srcset=\"https:\/\/focotocantinense.com.br\/wp-content\/uploads\/2024\/08\/SEU-RIBA-EM-FOTO-DE-ZACARIAS-MARTINS-1-1024x768.jpg 1024w, https:\/\/focotocantinense.com.br\/wp-content\/uploads\/2024\/08\/SEU-RIBA-EM-FOTO-DE-ZACARIAS-MARTINS-1-300x225.jpg 300w, https:\/\/focotocantinense.com.br\/wp-content\/uploads\/2024\/08\/SEU-RIBA-EM-FOTO-DE-ZACARIAS-MARTINS-1-768x576.jpg 768w, https:\/\/focotocantinense.com.br\/wp-content\/uploads\/2024\/08\/SEU-RIBA-EM-FOTO-DE-ZACARIAS-MARTINS-1-1536x1152.jpg 1536w, https:\/\/focotocantinense.com.br\/wp-content\/uploads\/2024\/08\/SEU-RIBA-EM-FOTO-DE-ZACARIAS-MARTINS-1.jpg 2048w\" sizes=\"auto, (max-width: 1024px) 100vw, 1024px\" \/><\/figure>\n\n\n\n<p><\/p>\n\n\n\n<p><strong>Valoriza\u00e7\u00e3o<\/strong><\/p>\n\n\n\n<p>Para o diretor do document\u00e1rio, esse trabalho \u201c\u00e9 um respingo de valoriza\u00e7\u00e3o que qualquer artista que dedicou sua vida em favor da arte merecia receber, por\u00e9m n\u00e3o conseguimos essa homenagem em vida\u201d, afirmou Fernando Fran\u00e7a.<\/p>\n\n\n\n<p>Fran\u00e7a ressalta, ainda, sua esperan\u00e7a de que esse trabalho sobre o Seu Riba, \u201cabra os olhos da nossa sociedade para perceber que nossos artistas est\u00e3o aqui ainda, e que precisamos abra\u00e7a-los e, sobretudo, abra\u00e7ar sua arte\u201d, finalizou o diretor.<\/p>\n\n\n\n<p><br><strong>Quem foi Seu Riba?<\/strong><\/p>\n\n\n\n<p>Tocantinense de Duer\u00e9, Jos\u00e9 de Ribamar Alves dos Santos &#8211; o Seu Riba, h\u00e1 muitos anos residia em Gurupi.<\/p>\n\n\n\n<p>Sua estreia oficial no mundo das letras aconteceu em meados de 1998, quando teve trabalhos publicados no \u201cAnu\u00e1rio de Poetas e Escritores de Gurupi\u201c, publica\u00e7\u00e3o coordenada pelo escritor e editor Eliosmar Veloso. Tamb\u00e9m participou do Anu\u00e1rio nas edi\u00e7\u00f5es de 1999, 2000 e 2004. Seu primeiro livro individual, \u201cA Rosa de Ouro &amp; Outros Poemas\u201d, foi publicado em 2003.<\/p>\n\n\n\n<p>Nesse mesmo ano integrou as antologias \u201cAnu\u00e1rio de Escritores\u201d, \u201cTalentos de um novo tempo\u201d e \u201cDi\u00e1rio do Escritor\u201d. Participou, ainda, das antologias liter\u00e1rias \u201cPalavras de Amor\u201d e \u201cPr\u00eamio Anchieta de Poesia\u201c, ambas em 2000. J\u00e1 em 2001, participou da antologia \u201cE por falar em amor\u2026\u201d. Em 2002, foi alvo de substanciosa mat\u00e9ria publicada na revista \u201cAlmanaque Cultural do Tocantins \u201c, \u00f3rg\u00e3o de divulga\u00e7\u00e3o da Funda\u00e7\u00e3o Cultural do Tocantins.<\/p>\n\n\n\n<p>Em 2004, teve trabalhos publicados na antologia \u201cAl\u00e9m das Palavras\u201d e publicou o seu segundo livro individual de poemas, intitulado \u201cAlma de Penas \u201c. Em 2006 marcou presen\u00e7a na antologia \u201cAmar \u00e9 t\u00e3o bom\u201d e conquistou men\u00e7\u00e3o honrosa no IX Pr\u00eamio Miss\u00f5es, do Rio Grande do Sul, tendo participado de uma antologia reunindo os trabalhos que mais se destacaram nesse pr\u00eamio.<\/p>\n\n\n\n<p>Em 2007, Com o poema \u201cSoneto da ilus\u00e3o\u201c, participou da Antologia de Poetas Brasileiros Contempor\u00e2neos \u2013 Volume 31, lan\u00e7ada pela C\u00e2mara Brasileira de Jovens Escritores (CBJE), do Rio de Janeiro. Dentre seus cord\u00e9is publicados est\u00e3o \u201cO Valente Mercador\u201c, \u201cSerj\u00e3o Cachoeira \u2013 O Her\u00f3i de Santo Reis\u201d e \u201cO Empregado e o Sal\u00e1rio\u201d. Em 2016, lan\u00e7ou o cordel \u201cSalvo pelo Destino ou Z\u00e9 Trindade e Dinalva\u201d.<\/p>\n\n\n\n<p>Durante anos ele manteve uma banca na Feira Coberta Central de Gurupi, onde comercializava literatura de cordel.<\/p>\n\n\n\n<figure class=\"wp-block-image size-full is-resized\"><img loading=\"lazy\" decoding=\"async\" width=\"557\" height=\"522\" src=\"https:\/\/focotocantinense.com.br\/wp-content\/uploads\/2024\/08\/Zacarias-Martins-e-Palmares-falam-sobre-o-legado-deixado-por-Seu-Riba.jpg\" alt=\"\" class=\"wp-image-8201\" style=\"width:840px;height:auto\" srcset=\"https:\/\/focotocantinense.com.br\/wp-content\/uploads\/2024\/08\/Zacarias-Martins-e-Palmares-falam-sobre-o-legado-deixado-por-Seu-Riba.jpg 557w, https:\/\/focotocantinense.com.br\/wp-content\/uploads\/2024\/08\/Zacarias-Martins-e-Palmares-falam-sobre-o-legado-deixado-por-Seu-Riba-300x281.jpg 300w\" sizes=\"auto, (max-width: 557px) 100vw, 557px\" \/><\/figure>\n\n\n\n<p><\/p>\n\n\n\n<p>,,<\/p>\n\n\n\n<figure class=\"wp-block-image size-full\"><img loading=\"lazy\" decoding=\"async\" width=\"843\" height=\"251\" src=\"https:\/\/focotocantinense.com.br\/wp-content\/uploads\/2024\/08\/VINI_181_282-1.jpg\" alt=\"\" class=\"wp-image-8200\" srcset=\"https:\/\/focotocantinense.com.br\/wp-content\/uploads\/2024\/08\/VINI_181_282-1.jpg 843w, https:\/\/focotocantinense.com.br\/wp-content\/uploads\/2024\/08\/VINI_181_282-1-300x89.jpg 300w, https:\/\/focotocantinense.com.br\/wp-content\/uploads\/2024\/08\/VINI_181_282-1-768x229.jpg 768w\" sizes=\"auto, (max-width: 843px) 100vw, 843px\" \/><\/figure>\n","protected":false},"excerpt":{"rendered":"<p>Sob a dire\u00e7\u00e3o de Fernando Fran\u00e7a, o document\u00e1rio \u201cSeu Riba e a Batalha no C\u00e9u\u201d, que foi contemplado no Edital Leilane Macedo de Chamamento P\u00fablico n\u00ba 05\/2023, de 13 de setembro de 2023, por meio da Lei Paulo Gustavo, ser\u00e1 lan\u00e7ado no pr\u00f3ximo dia 30 de agosto, \u00e0s 19 horas, no Centro Cultural Mauro Cunha. &hellip;<\/p>\n","protected":false},"author":5,"featured_media":8198,"comment_status":"open","ping_status":"open","sticky":false,"template":"","format":"standard","meta":{"footnotes":""},"categories":[104,38],"tags":[],"class_list":["post-8197","post","type-post","status-publish","format-standard","has-post-thumbnail","","category-cultura","category-gurupi"],"_links":{"self":[{"href":"https:\/\/focotocantinense.com.br\/index.php?rest_route=\/wp\/v2\/posts\/8197","targetHints":{"allow":["GET"]}}],"collection":[{"href":"https:\/\/focotocantinense.com.br\/index.php?rest_route=\/wp\/v2\/posts"}],"about":[{"href":"https:\/\/focotocantinense.com.br\/index.php?rest_route=\/wp\/v2\/types\/post"}],"author":[{"embeddable":true,"href":"https:\/\/focotocantinense.com.br\/index.php?rest_route=\/wp\/v2\/users\/5"}],"replies":[{"embeddable":true,"href":"https:\/\/focotocantinense.com.br\/index.php?rest_route=%2Fwp%2Fv2%2Fcomments&post=8197"}],"version-history":[{"count":5,"href":"https:\/\/focotocantinense.com.br\/index.php?rest_route=\/wp\/v2\/posts\/8197\/revisions"}],"predecessor-version":[{"id":8213,"href":"https:\/\/focotocantinense.com.br\/index.php?rest_route=\/wp\/v2\/posts\/8197\/revisions\/8213"}],"wp:featuredmedia":[{"embeddable":true,"href":"https:\/\/focotocantinense.com.br\/index.php?rest_route=\/wp\/v2\/media\/8198"}],"wp:attachment":[{"href":"https:\/\/focotocantinense.com.br\/index.php?rest_route=%2Fwp%2Fv2%2Fmedia&parent=8197"}],"wp:term":[{"taxonomy":"category","embeddable":true,"href":"https:\/\/focotocantinense.com.br\/index.php?rest_route=%2Fwp%2Fv2%2Fcategories&post=8197"},{"taxonomy":"post_tag","embeddable":true,"href":"https:\/\/focotocantinense.com.br\/index.php?rest_route=%2Fwp%2Fv2%2Ftags&post=8197"}],"curies":[{"name":"wp","href":"https:\/\/api.w.org\/{rel}","templated":true}]}}