{"id":8186,"date":"2024-08-08T10:39:33","date_gmt":"2024-08-08T13:39:33","guid":{"rendered":"https:\/\/focotocantinense.com.br\/?p=8186"},"modified":"2024-08-08T10:41:01","modified_gmt":"2024-08-08T13:41:01","slug":"convencao-historica-homologa-liliane-e-dr-alano-como-candidatos-nas-eleicoes-majoritarias-de-alvorada","status":"publish","type":"post","link":"https:\/\/focotocantinense.com.br\/?p=8186","title":{"rendered":"Conven\u00e7\u00e3o hist\u00f3rica homologa Liliane e Dr. Alano como candidatos nas elei\u00e7\u00f5es majorit\u00e1rias de Alvorada"},"content":{"rendered":"\n<p>Por George Henrique Borges<br>Jornalista<\/p>\n\n\n\n<p>Diversas autoridades pol\u00edticas federais, estaduais e municipais visitaram a pr\u00e9-candidata a prefeita Liliane nesta segunda-feira, 05, com o intuito de declarar apoio e fortalecer a conven\u00e7\u00e3o municipal do Uni\u00e3o Brasil e dos partidos coligados, em Alvorada. No per\u00edodo da manh\u00e3, o deputado federal e vice-presidente estadual do partido, Carlos Gaguim, visitou Liliane.<\/p>\n\n\n\n<figure class=\"wp-block-image size-large is-resized\"><img loading=\"lazy\" decoding=\"async\" width=\"1024\" height=\"682\" src=\"https:\/\/focotocantinense.com.br\/wp-content\/uploads\/2024\/08\/CLIFITO-1-1024x682.jpg\" alt=\"\" class=\"wp-image-8187\" style=\"width:368px;height:auto\" srcset=\"https:\/\/focotocantinense.com.br\/wp-content\/uploads\/2024\/08\/CLIFITO-1-1024x682.jpg 1024w, https:\/\/focotocantinense.com.br\/wp-content\/uploads\/2024\/08\/CLIFITO-1-300x200.jpg 300w, https:\/\/focotocantinense.com.br\/wp-content\/uploads\/2024\/08\/CLIFITO-1-768x512.jpg 768w, https:\/\/focotocantinense.com.br\/wp-content\/uploads\/2024\/08\/CLIFITO-1-1536x1023.jpg 1536w, https:\/\/focotocantinense.com.br\/wp-content\/uploads\/2024\/08\/CLIFITO-1-310x205.jpg 310w, https:\/\/focotocantinense.com.br\/wp-content\/uploads\/2024\/08\/CLIFITO-1.jpg 1600w\" sizes=\"auto, (max-width: 1024px) 100vw, 1024px\" \/><\/figure>\n\n\n\n<p>\u201cEstou aqui no escrit\u00f3rio da nossa pr\u00e9-candidata onde tivemos uma reuni\u00e3o produtiva e nessa reuni\u00e3o definimos v\u00e1rios t\u00f3picos de prioridades do plano de governo. A popula\u00e7\u00e3o de Alvorada pode contar comigo, com a senadora professora Dorinha, com o senador Eduardo Gomes e com o governador Wanderlei Barbosa\u201d, disse Gaguim.<\/p>\n\n\n\n<p>Pouco antes do in\u00edcio oficial da conven\u00e7\u00e3o, o deputado estadual Gutierres Torquato (PDT) discursou aos presentes. \u201cEstamos na maior festa da hist\u00f3ria de Alvorada celebrando conquistas e chegou o momento de homologar Liliane \u00e0 nossa pr\u00e9-candidata com trabalho s\u00e9rio, dedicado e voltado ao cidad\u00e3o para fazer Alvorada continuar no desenvolvimento e na transforma\u00e7\u00e3o\u201d, salientou.<\/p>\n\n\n\n<p>A vibra\u00e7\u00e3o da popula\u00e7\u00e3o contagiou e ultrapassou as paredes do Centro Comunit\u00e1rio da cidade. Dentro do pr\u00e9dio estava abarrotado de gente, no entorno tamb\u00e9m. Segundo os correligion\u00e1rios partid\u00e1rios, aproximadamente 2 mil pessoas participaram da conven\u00e7\u00e3o que legitimou o nome de Liliane para a disputa das elei\u00e7\u00f5es municipais.<\/p>\n\n\n\n<p>Todos estavam ansiosos pela indica\u00e7\u00e3o de quem seria o pr\u00e9-candidato a vice-prefeito e o escolhido foi o jovem Dr. Alano (PL), m\u00e9dico e filho de Alvorada, advindo de fam\u00edlia hist\u00f3rica e fundadora do munic\u00edpio. Dessa forma, se concretizou a coliga\u00e7\u00e3o majorit\u00e1ria \u201cA uni\u00e3o faz a for\u00e7a\u201d entre os partidos Uni\u00e3o Brasil, PL e PDT.<\/p>\n\n\n\n<p>Aval da popula\u00e7\u00e3o e autoridades pol\u00edticas<br>O secret\u00e1rio da Agricultura do Estado do Tocantins, Jaime Caf\u00e9, representante do governo estadual, descreveu o evento como \u201cuma grande festa da democracia\u201d e enalteceu a participa\u00e7\u00e3o de Liliane na pol\u00edtica. \u201cA mulher \u00e9 mais cuidadosa, a mulher \u00e9 mais caprichosa e com toda certeza o seu trabalho vai ficar marcado tamb\u00e9m na hist\u00f3ria dessa cidade\u201d, argumentou.<\/p>\n\n\n\n<p>Para o presidente da Ag\u00eancia de Defesa Agropecu\u00e1ria do Estado do Tocantins (Adapec), alvoradense Paulo Lima, rever os companheiros, amigos e fazer parte desse momento hist\u00f3rico revigora o seu amor por Alvorada. \u201cN\u00f3s estamos aqui com uma vontade muito grande e consciente da nossa responsabilidade com essa cidade que n\u00f3s amamos tanto\u201d, discursou o alvoradense.<\/p>\n\n\n\n<figure class=\"wp-block-image size-large is-resized\"><img loading=\"lazy\" decoding=\"async\" width=\"1024\" height=\"682\" src=\"https:\/\/focotocantinense.com.br\/wp-content\/uploads\/2024\/08\/CLIFITO-2-1-1024x682.jpg\" alt=\"\" class=\"wp-image-8191\" style=\"width:826px;height:auto\" srcset=\"https:\/\/focotocantinense.com.br\/wp-content\/uploads\/2024\/08\/CLIFITO-2-1-1024x682.jpg 1024w, https:\/\/focotocantinense.com.br\/wp-content\/uploads\/2024\/08\/CLIFITO-2-1-300x200.jpg 300w, https:\/\/focotocantinense.com.br\/wp-content\/uploads\/2024\/08\/CLIFITO-2-1-768x512.jpg 768w, https:\/\/focotocantinense.com.br\/wp-content\/uploads\/2024\/08\/CLIFITO-2-1-1536x1023.jpg 1536w, https:\/\/focotocantinense.com.br\/wp-content\/uploads\/2024\/08\/CLIFITO-2-1-310x205.jpg 310w, https:\/\/focotocantinense.com.br\/wp-content\/uploads\/2024\/08\/CLIFITO-2-1.jpg 1600w\" sizes=\"auto, (max-width: 1024px) 100vw, 1024px\" \/><\/figure>\n\n\n\n<p>Rudimar Borghetti e a esposa T\u00e2nia representaram o agroneg\u00f3cio municipal no evento. Nas elei\u00e7\u00f5es passadas, o casal fazia parte do grupo que \u00e9 oposi\u00e7\u00e3o ao nome de Liliane. Durante o seu discurso, T\u00e2nia revelou o motivo pelo qual mudou a rota. \u201cVoc\u00eas est\u00e3o bem cuidados, a cidade est\u00e1 bonita. Eu sou a favor de Alvorada, eu amo essa cidade e quero ver crescer cada dia mais\u201d, explicou.<\/p>\n\n\n\n<p>Para a advogada Lidimar Campos \u00e9 motivo de orgulho a escolha de uma mulher para disputar o executivo municipal. \u201c\u00c9 um orgulho muito grande ter uma mulher que vai representar o povo de Alvorada, que est\u00e1 pronta, que conhece os nossos problemas e que sabe o que \u00e9 ser m\u00e3e. Estou muito feliz com a nossa pr\u00e9-candidata e acredito que ela vai dar conta do recado\u201d, ressaltou.<\/p>\n\n\n\n<figure class=\"wp-block-image size-large\"><img loading=\"lazy\" decoding=\"async\" width=\"1024\" height=\"682\" src=\"https:\/\/focotocantinense.com.br\/wp-content\/uploads\/2024\/08\/CLIFITO-1-1-1024x682.jpg\" alt=\"\" class=\"wp-image-8193\" srcset=\"https:\/\/focotocantinense.com.br\/wp-content\/uploads\/2024\/08\/CLIFITO-1-1-1024x682.jpg 1024w, https:\/\/focotocantinense.com.br\/wp-content\/uploads\/2024\/08\/CLIFITO-1-1-300x200.jpg 300w, https:\/\/focotocantinense.com.br\/wp-content\/uploads\/2024\/08\/CLIFITO-1-1-768x512.jpg 768w, https:\/\/focotocantinense.com.br\/wp-content\/uploads\/2024\/08\/CLIFITO-1-1-1536x1023.jpg 1536w, https:\/\/focotocantinense.com.br\/wp-content\/uploads\/2024\/08\/CLIFITO-1-1-310x205.jpg 310w, https:\/\/focotocantinense.com.br\/wp-content\/uploads\/2024\/08\/CLIFITO-1-1.jpg 1600w\" sizes=\"auto, (max-width: 1024px) 100vw, 1024px\" \/><\/figure>\n\n\n\n<p>Gildemar Lisboa, desportista alvoradense, concordou com as escolhas de Liliane e Dr. Alano para as elei\u00e7\u00f5es e acredita que eles far\u00e3o uma \u00f3tima gest\u00e3o, caso sejam eleitos. \u201cEu sei que eles v\u00e3o cuidar bem da nossa popula\u00e7\u00e3o de Alvorada e vai ser hist\u00f3rico. S\u00f3 tivemos uma prefeita mulher at\u00e9 hoje na hist\u00f3ria de Alvorada e eu creio que agora teremos a segunda\u201d, prenunciou Gildemar.<\/p>\n\n\n\n<p>Chapa de vereadores<br>Ficou definido durante as conven\u00e7\u00f5es partid\u00e1rias municipais do Uni\u00e3o Brasil, PL e PDT a homologa\u00e7\u00e3o de 25 pr\u00e9-candidaturas no pleito eleitoral para disputar as vagas do legislativo municipal compondo a coliga\u00e7\u00e3o \u201cA uni\u00e3o faz a for\u00e7a\u201d. Dezesseis homens e nove mulheres disputam nove cadeiras na C\u00e2mara de Vereadores.<\/p>\n\n\n\n<p>S\u00e3o eles Ant\u00f4nia do Carmo, Ant\u00f4nio Salgado, Arlene Ramos, Derli do Guincho, Douglas Mengoni, Ed. F\u00edsica Silv\u00e2nia, Edna Machado, Elizeu Mec\u00e2nico, Grace do Postinho, Jairo Lima, L\u00edgia, Lindayanne Couto, Marlene Lima, Matheus Tavares, Orizone do Dep\u00f3sito, Patr\u00edcia Pimentel do Hospital, Pr. Amarildo, Prof. Dennis Barros, Prof. Gil Fernandes, Ratinho, Rhaone, Sydvan CP, Thaynara de Melo, Valter Morais e Wiliam Teixeira.<\/p>\n\n\n\n<p>Agradecimentos<br>Dr. Alano agradeceu a popula\u00e7\u00e3o de Alvorada pela participa\u00e7\u00e3o na conven\u00e7\u00e3o e demonstrou muito orgulho em compor a chapa majorit\u00e1ria ao lado de Liliane. \u201cFoi um encontro de alegria, de uni\u00e3o e vamos com tudo para essa caminhada. Liliane, muito obrigado pelo convite para estar contigo nesse momento\u201d, agradeceu.<\/p>\n\n\n\n<p>Liliane, emocionada, demonstrou muita gratid\u00e3o e felicidade pelo carinho. \u201cQuero agradecer a Deus pelo in\u00edcio dessa caminhada e a cada um de voc\u00eas, pois nenhuma caminhada existe sem Deus e sem os amigos. Se estou nessa caminhada \u00e9 porque Deus me mostrou e voc\u00eas me acolheram. Obrigada, Alvorada. A uni\u00e3o faz a for\u00e7a\u201d, pontuou a pr\u00e9-candidata a prefeita.<\/p>\n\n\n\n<p>Durante a conven\u00e7\u00e3o, a popula\u00e7\u00e3o p\u00f4de assistir a v\u00eddeos de autoridades pol\u00edticas como do deputado federal Carlos Gaguim, senador Eduardo Gomes e senadora professora Dorinha. Participaram da conven\u00e7\u00e3o, al\u00e9m das autoridades citadas anteriormente, o prefeito Paulo Ant\u00f4nio, o vice-prefeito Terra Seca, os presidentes e os representantes dos partidos que comp\u00f5em a coliga\u00e7\u00e3o.<\/p>\n","protected":false},"excerpt":{"rendered":"<p>Por George Henrique BorgesJornalista Diversas autoridades pol\u00edticas federais, estaduais e municipais visitaram a pr\u00e9-candidata a prefeita Liliane nesta segunda-feira, 05, com o intuito de declarar apoio e fortalecer a conven\u00e7\u00e3o municipal do Uni\u00e3o Brasil e dos partidos coligados, em Alvorada. No per\u00edodo da manh\u00e3, o deputado federal e vice-presidente estadual do partido, Carlos Gaguim, visitou &hellip;<\/p>\n","protected":false},"author":5,"featured_media":8189,"comment_status":"open","ping_status":"open","sticky":false,"template":"","format":"standard","meta":{"footnotes":""},"categories":[1],"tags":[],"class_list":["post-8186","post","type-post","status-publish","format-standard","has-post-thumbnail","","category-sem-categoria"],"_links":{"self":[{"href":"https:\/\/focotocantinense.com.br\/index.php?rest_route=\/wp\/v2\/posts\/8186","targetHints":{"allow":["GET"]}}],"collection":[{"href":"https:\/\/focotocantinense.com.br\/index.php?rest_route=\/wp\/v2\/posts"}],"about":[{"href":"https:\/\/focotocantinense.com.br\/index.php?rest_route=\/wp\/v2\/types\/post"}],"author":[{"embeddable":true,"href":"https:\/\/focotocantinense.com.br\/index.php?rest_route=\/wp\/v2\/users\/5"}],"replies":[{"embeddable":true,"href":"https:\/\/focotocantinense.com.br\/index.php?rest_route=%2Fwp%2Fv2%2Fcomments&post=8186"}],"version-history":[{"count":3,"href":"https:\/\/focotocantinense.com.br\/index.php?rest_route=\/wp\/v2\/posts\/8186\/revisions"}],"predecessor-version":[{"id":8194,"href":"https:\/\/focotocantinense.com.br\/index.php?rest_route=\/wp\/v2\/posts\/8186\/revisions\/8194"}],"wp:featuredmedia":[{"embeddable":true,"href":"https:\/\/focotocantinense.com.br\/index.php?rest_route=\/wp\/v2\/media\/8189"}],"wp:attachment":[{"href":"https:\/\/focotocantinense.com.br\/index.php?rest_route=%2Fwp%2Fv2%2Fmedia&parent=8186"}],"wp:term":[{"taxonomy":"category","embeddable":true,"href":"https:\/\/focotocantinense.com.br\/index.php?rest_route=%2Fwp%2Fv2%2Fcategories&post=8186"},{"taxonomy":"post_tag","embeddable":true,"href":"https:\/\/focotocantinense.com.br\/index.php?rest_route=%2Fwp%2Fv2%2Ftags&post=8186"}],"curies":[{"name":"wp","href":"https:\/\/api.w.org\/{rel}","templated":true}]}}