{"id":818,"date":"2021-03-03T19:47:58","date_gmt":"2021-03-03T22:47:58","guid":{"rendered":"http:\/\/focotocantinense.com.br\/?p=818"},"modified":"2021-03-03T20:42:08","modified_gmt":"2021-03-03T23:42:08","slug":"vereadores-querem-uma-nova-sede-para-prefeitura-de-lagoa-da-confusao","status":"publish","type":"post","link":"https:\/\/focotocantinense.com.br\/?p=818","title":{"rendered":"Vereadores querem uma nova sede para Prefeitura de Lagoa da Confus\u00e3o"},"content":{"rendered":"\n<figure class=\"wp-block-image size-large\"><img loading=\"lazy\" decoding=\"async\" width=\"705\" height=\"537\" src=\"http:\/\/focotocantinense.com.br\/wp-content\/uploads\/2021\/03\/image.png\" alt=\"\" class=\"wp-image-819\" srcset=\"https:\/\/focotocantinense.com.br\/wp-content\/uploads\/2021\/03\/image.png 705w, https:\/\/focotocantinense.com.br\/wp-content\/uploads\/2021\/03\/image-300x229.png 300w\" sizes=\"auto, (max-width: 705px) 100vw, 705px\" \/><\/figure>\n\n\n\n<p><strong><em>Por Zacarias Martins<\/em><\/strong><\/p>\n\n\n\n<p>Todos os vereadores de Lagoa da Confus\u00e3o assinaram propositura encaminhada ao prefeito da cidade, Thiago Carlos, solicitando-lhe para que sejam tomadas todas as medidas cab\u00edveis e necess\u00e1rias visando a constru\u00e7\u00e3o de um novo pr\u00e9dio para abrigar o Pa\u00e7o Municipal.<br><br>Os nobres edis argumentam &nbsp;que o atual pr\u00e9dio da prefeitura encontra-se em &nbsp;situa\u00e7\u00e3o prec\u00e1ria e, tamb\u00e9m, n\u00e3o comporta todas os \u00f3rg\u00e3os&nbsp; da municipalidade, por isso, v\u00e1rias secretarias&nbsp; funcionam em locais espalhados pela cidade.<\/p>\n","protected":false},"excerpt":{"rendered":"<p>Por Zacarias Martins Todos os vereadores de Lagoa da Confus\u00e3o assinaram propositura encaminhada ao prefeito da cidade, Thiago Carlos, solicitando-lhe para que sejam tomadas todas as medidas cab\u00edveis e necess\u00e1rias visando a constru\u00e7\u00e3o de um novo pr\u00e9dio para abrigar o Pa\u00e7o Municipal.Os nobres edis argumentam &nbsp;que o atual pr\u00e9dio da prefeitura encontra-se em &nbsp;situa\u00e7\u00e3o prec\u00e1ria &hellip;<\/p>\n","protected":false},"author":5,"featured_media":821,"comment_status":"open","ping_status":"open","sticky":true,"template":"","format":"standard","meta":{"footnotes":""},"categories":[71,1],"tags":[],"class_list":["post-818","post","type-post","status-publish","format-standard","has-post-thumbnail","","category-lagoa-da-confusao","category-sem-categoria"],"_links":{"self":[{"href":"https:\/\/focotocantinense.com.br\/index.php?rest_route=\/wp\/v2\/posts\/818","targetHints":{"allow":["GET"]}}],"collection":[{"href":"https:\/\/focotocantinense.com.br\/index.php?rest_route=\/wp\/v2\/posts"}],"about":[{"href":"https:\/\/focotocantinense.com.br\/index.php?rest_route=\/wp\/v2\/types\/post"}],"author":[{"embeddable":true,"href":"https:\/\/focotocantinense.com.br\/index.php?rest_route=\/wp\/v2\/users\/5"}],"replies":[{"embeddable":true,"href":"https:\/\/focotocantinense.com.br\/index.php?rest_route=%2Fwp%2Fv2%2Fcomments&post=818"}],"version-history":[{"count":1,"href":"https:\/\/focotocantinense.com.br\/index.php?rest_route=\/wp\/v2\/posts\/818\/revisions"}],"predecessor-version":[{"id":820,"href":"https:\/\/focotocantinense.com.br\/index.php?rest_route=\/wp\/v2\/posts\/818\/revisions\/820"}],"wp:featuredmedia":[{"embeddable":true,"href":"https:\/\/focotocantinense.com.br\/index.php?rest_route=\/wp\/v2\/media\/821"}],"wp:attachment":[{"href":"https:\/\/focotocantinense.com.br\/index.php?rest_route=%2Fwp%2Fv2%2Fmedia&parent=818"}],"wp:term":[{"taxonomy":"category","embeddable":true,"href":"https:\/\/focotocantinense.com.br\/index.php?rest_route=%2Fwp%2Fv2%2Fcategories&post=818"},{"taxonomy":"post_tag","embeddable":true,"href":"https:\/\/focotocantinense.com.br\/index.php?rest_route=%2Fwp%2Fv2%2Ftags&post=818"}],"curies":[{"name":"wp","href":"https:\/\/api.w.org\/{rel}","templated":true}]}}