{"id":8178,"date":"2024-08-06T22:53:44","date_gmt":"2024-08-07T01:53:44","guid":{"rendered":"https:\/\/focotocantinense.com.br\/?p=8178"},"modified":"2024-08-06T22:55:06","modified_gmt":"2024-08-07T01:55:06","slug":"senadores-deputados-e-prefeitos-enaltecem-gestao-josi-nunes-e-garantem-que-ela-e-a-melhor-para-gurupi","status":"publish","type":"post","link":"https:\/\/focotocantinense.com.br\/?p=8178","title":{"rendered":"Senadores, deputados e prefeitos enaltecem gest\u00e3o Josi Nunes e garantem que ela \u00e9 a melhor para Gurupi"},"content":{"rendered":"\n<p>Durante a conven\u00e7\u00e3o do Uni\u00e3o Brasil que oficializou a candidatura da prefeita Josi Nunes \u00e0 reelei\u00e7\u00e3o, na segunda-feira, 5, prefeitos e deputados estaduais e federais declararam apoio \u00e0 prefeita de Gurupi e enalteceram o trabalho exemplar que vem fazendo pela cidade.&nbsp;<em>\u201cJosi Nunes tem compet\u00eancia para trabalhar. Ela continuar\u00e1 colocando toda sua experi\u00eancia em benef\u00edcio do povo. Com honradez, ela seguir\u00e1 cuidando de Gurupi\u201d,<\/em>&nbsp;defendeu a senadora Professora Dorinha.<\/p>\n\n\n\n<figure class=\"wp-block-image size-large is-resized\"><img loading=\"lazy\" decoding=\"async\" width=\"1024\" height=\"683\" src=\"https:\/\/focotocantinense.com.br\/wp-content\/uploads\/2024\/08\/1-josi-nunes-1024x683.jpg\" alt=\"\" class=\"wp-image-8182\" style=\"width:363px;height:auto\" srcset=\"https:\/\/focotocantinense.com.br\/wp-content\/uploads\/2024\/08\/1-josi-nunes-1024x683.jpg 1024w, https:\/\/focotocantinense.com.br\/wp-content\/uploads\/2024\/08\/1-josi-nunes-300x200.jpg 300w, https:\/\/focotocantinense.com.br\/wp-content\/uploads\/2024\/08\/1-josi-nunes-768x512.jpg 768w, https:\/\/focotocantinense.com.br\/wp-content\/uploads\/2024\/08\/1-josi-nunes.jpg 1421w\" sizes=\"auto, (max-width: 1024px) 100vw, 1024px\" \/><\/figure>\n\n\n\n<p><\/p>\n\n\n\n<p>Josi Nunes agradeceu aos parceiros e garantiu que continuar\u00e1 honrando a confian\u00e7a do povo, pois tudo que faz \u00e9 pensando no bem-estar de cada fam\u00edlia.&nbsp;<em>\u201cTemos o melhor projeto e tenho convic\u00e7\u00e3o que \u00e9 poss\u00edvel avan\u00e7ar mais. Em pouco tempo fizemos o que nenhum outro prefeito fez por Gurupi em seus 65 anos de hist\u00f3ria. &nbsp;Com coragem, garra, honestidade, quero trazer mais avan\u00e7os a nossa amada Gurupi\u201d<\/em>, declarou Josi.<\/p>\n\n\n\n<p>Visivelmente emocionado, o deputado federal Carlos Gaguim lembrou da garra de Josi Nunes, que n\u00e3o mede esfor\u00e7os em busca de recursos federais e parcerias em benef\u00edcio das fam\u00edlias gurupienses.&nbsp;<em>\u201cA prefeita Josi Nunes conhece a realidade da cidade, ela trabalha para honrar a confian\u00e7a do povo. \u00c9 a \u00fanica com projeto, grupo e meios para continuar levando o melhor para cada cidad\u00e3o\u201d,<\/em>&nbsp;defendeu.<\/p>\n\n\n\n<p><em>\u201cN\u00f3s bem sabemos o respeito que voc\u00ea tem com as pessoas. O sorriso que voc\u00ea leva no seu rosto, a vontade de atender o nosso cidad\u00e3o, a m\u00e3e de fam\u00edlia, o pai de fam\u00edlia, que voc\u00ea leva nos seus passos e nas palavras que saem da sua boca. Mas n\u00f3s tamb\u00e9m estamos assistindo a efici\u00eancia de gest\u00e3o, trazendo a pavimenta\u00e7\u00e3o em centenas de quil\u00f4metros nas ruas de Gurupi, fazendo pra\u00e7as lindas, obras bonitas e importantes para a cidade\u201d,<\/em>&nbsp;enalteceu o deputado estadual Eduardo do Dertins.<\/p>\n\n\n\n<p>A tamb\u00e9m deputada estadual Luana Ribeiro, demonstrou sua admira\u00e7\u00e3o e confian\u00e7a na gest\u00e3o Josi Nunes.&nbsp;<em>\u201c\u00c9 uma mulher guerreira e a melhor prefeita da hist\u00f3ria de Gurupi. N\u00e3o tenho d\u00favidas que far\u00e1 ainda melhor pela cidade\u201d,<\/em>&nbsp;defendeu a deputada em v\u00eddeo enviado \u00e0 conven\u00e7\u00e3o.<\/p>\n\n\n\n<figure class=\"wp-block-image size-large\"><img loading=\"lazy\" decoding=\"async\" width=\"1024\" height=\"683\" src=\"https:\/\/focotocantinense.com.br\/wp-content\/uploads\/2024\/08\/2-josi-geral-1024x683.jpg\" alt=\"\" class=\"wp-image-8180\" srcset=\"https:\/\/focotocantinense.com.br\/wp-content\/uploads\/2024\/08\/2-josi-geral-1024x683.jpg 1024w, https:\/\/focotocantinense.com.br\/wp-content\/uploads\/2024\/08\/2-josi-geral-300x200.jpg 300w, https:\/\/focotocantinense.com.br\/wp-content\/uploads\/2024\/08\/2-josi-geral-768x512.jpg 768w, https:\/\/focotocantinense.com.br\/wp-content\/uploads\/2024\/08\/2-josi-geral-1536x1024.jpg 1536w, https:\/\/focotocantinense.com.br\/wp-content\/uploads\/2024\/08\/2-josi-geral.jpg 1560w\" sizes=\"auto, (max-width: 1024px) 100vw, 1024px\" \/><\/figure>\n\n\n\n<p><\/p>\n\n\n\n<p><strong><em>Parceria municipal<\/em><\/strong><\/p>\n\n\n\n<p>O prefeito de Aragua\u00edna, Wagner Rodrigues, lembrou aos presentes que o trabalho feito por Josi Nunes n\u00e3o pode parar.&nbsp;<em>\u201cA prefeita Josi est\u00e1 executando esse projeto que tem dado a oportunidade para toda a cidade prosperar e trazer melhorias na qualidade de vida das pessoas. Josi tem grandes parceiros, praticamente toda a bancada federal destinando recursos para Gurupi e transformado a cidade num canteiro de obras\u201d.<\/em><\/p>\n\n\n\n<p>Ao ressaltar sobre a pol\u00edtica feita por Josi Nunes, o prefeito de Talism\u00e3 e representante da Associa\u00e7\u00e3o Tocantinense de Munic\u00edpios, Diogo Borges, atesta que a prefeita valorizou os &nbsp;empres\u00e1rios e as verdadeiras pessoas que investem em Gurupi.&nbsp;<em>\u201cJosi Nunes \u00e9 respeitada por onde passa, pois \u00e9 uma pessoa humana. N\u00f3s, das cidades pequenas da regi\u00e3o Sul, precis\u00e1vamos da Josi na Prefeitura, pois Gurupi \u00e9 capital da regi\u00e3o sul. Ela nos liderou nos momentos mais dif\u00edceis que n\u00f3s tivemos durante a pandemia. Todos os prefeitos lhe apoiam, porque ela \u00e9 diferente e tem apoio do povo\u201d.<\/em><\/p>\n\n\n\n<p>Ao avaliar a situa\u00e7\u00e3o de Gurupi, o prefeito de Para\u00edso do Tocantins, Celso Morais, garantiu que o munic\u00edpio est\u00e1 no caminho certo.&nbsp;<em>\u201cEu n\u00e3o tenho d\u00favida que Gurupi, com Josi Nunes, est\u00e1 no caminho certo e esse trabalho precisa continuar. Ela conta com o meu apoio e vamos fazer muito mais por Gurupi\u201d.<\/em><\/p>\n\n\n\n<figure class=\"wp-block-image size-full\"><img loading=\"lazy\" decoding=\"async\" width=\"1024\" height=\"536\" src=\"https:\/\/focotocantinense.com.br\/wp-content\/uploads\/2024\/08\/BANNER-VINICIUS-2.png\" alt=\"\" class=\"wp-image-8179\" srcset=\"https:\/\/focotocantinense.com.br\/wp-content\/uploads\/2024\/08\/BANNER-VINICIUS-2.png 1024w, https:\/\/focotocantinense.com.br\/wp-content\/uploads\/2024\/08\/BANNER-VINICIUS-2-300x157.png 300w, https:\/\/focotocantinense.com.br\/wp-content\/uploads\/2024\/08\/BANNER-VINICIUS-2-768x402.png 768w\" sizes=\"auto, (max-width: 1024px) 100vw, 1024px\" \/><\/figure>\n","protected":false},"excerpt":{"rendered":"<p>Durante a conven\u00e7\u00e3o do Uni\u00e3o Brasil que oficializou a candidatura da prefeita Josi Nunes \u00e0 reelei\u00e7\u00e3o, na segunda-feira, 5, prefeitos e deputados estaduais e federais declararam apoio \u00e0 prefeita de Gurupi e enalteceram o trabalho exemplar que vem fazendo pela cidade.&nbsp;\u201cJosi Nunes tem compet\u00eancia para trabalhar. Ela continuar\u00e1 colocando toda sua experi\u00eancia em benef\u00edcio do &hellip;<\/p>\n","protected":false},"author":5,"featured_media":8182,"comment_status":"open","ping_status":"open","sticky":false,"template":"","format":"standard","meta":{"footnotes":""},"categories":[1],"tags":[],"class_list":["post-8178","post","type-post","status-publish","format-standard","has-post-thumbnail","","category-sem-categoria"],"_links":{"self":[{"href":"https:\/\/focotocantinense.com.br\/index.php?rest_route=\/wp\/v2\/posts\/8178","targetHints":{"allow":["GET"]}}],"collection":[{"href":"https:\/\/focotocantinense.com.br\/index.php?rest_route=\/wp\/v2\/posts"}],"about":[{"href":"https:\/\/focotocantinense.com.br\/index.php?rest_route=\/wp\/v2\/types\/post"}],"author":[{"embeddable":true,"href":"https:\/\/focotocantinense.com.br\/index.php?rest_route=\/wp\/v2\/users\/5"}],"replies":[{"embeddable":true,"href":"https:\/\/focotocantinense.com.br\/index.php?rest_route=%2Fwp%2Fv2%2Fcomments&post=8178"}],"version-history":[{"count":2,"href":"https:\/\/focotocantinense.com.br\/index.php?rest_route=\/wp\/v2\/posts\/8178\/revisions"}],"predecessor-version":[{"id":8184,"href":"https:\/\/focotocantinense.com.br\/index.php?rest_route=\/wp\/v2\/posts\/8178\/revisions\/8184"}],"wp:featuredmedia":[{"embeddable":true,"href":"https:\/\/focotocantinense.com.br\/index.php?rest_route=\/wp\/v2\/media\/8182"}],"wp:attachment":[{"href":"https:\/\/focotocantinense.com.br\/index.php?rest_route=%2Fwp%2Fv2%2Fmedia&parent=8178"}],"wp:term":[{"taxonomy":"category","embeddable":true,"href":"https:\/\/focotocantinense.com.br\/index.php?rest_route=%2Fwp%2Fv2%2Fcategories&post=8178"},{"taxonomy":"post_tag","embeddable":true,"href":"https:\/\/focotocantinense.com.br\/index.php?rest_route=%2Fwp%2Fv2%2Ftags&post=8178"}],"curies":[{"name":"wp","href":"https:\/\/api.w.org\/{rel}","templated":true}]}}