{"id":8174,"date":"2024-08-05T12:31:50","date_gmt":"2024-08-05T15:31:50","guid":{"rendered":"https:\/\/focotocantinense.com.br\/?p=8174"},"modified":"2024-08-05T12:31:51","modified_gmt":"2024-08-05T15:31:51","slug":"representante-de-comite-de-cultura-no-tocantins-ministra-palestra-no-iii-seminario-internacional-marco-regulatorio-das-organizacoes-da-sociedade-civil-mrosc","status":"publish","type":"post","link":"https:\/\/focotocantinense.com.br\/?p=8174","title":{"rendered":"Representante de Comit\u00ea de Cultura no Tocantins ministra palestra no III Semin\u00e1rio Internacional Marco Regulat\u00f3rio das Organiza\u00e7\u00f5es da Sociedade Civil (MROSC)"},"content":{"rendered":"\n<p>O Tocantins est\u00e1 presente no III Semin\u00e1rio Internacional Marco Regulat\u00f3rio das Organiza\u00e7\u00f5es da Sociedade Civil (MROSC): Parcerias transformadoras para um mundo justo e sustent\u00e1vel, que foi finalizado nesta sexta-feira, 02, em Bras\u00edlia (DF).&nbsp;Nesta edi\u00e7\u00e3o, o evento tem como tema \u2018Parcerias Transformadoras para um Mundo Justo e Sustent\u00e1vel\u2019, e marca a retomada da iniciativa 10 anos ap\u00f3s a realiza\u00e7\u00e3o do \u00faltimo semin\u00e1rio.&nbsp;<\/p>\n\n\n\n<p>O coordenador-geral do Comit\u00ea de Cultura no Tocantins, Kak\u00e1 Nogueira, representou o Estado com palestra sobre a Import\u00e2ncia das OSCs como articuladoras de pol\u00edticas p\u00fablicas da regi\u00e3o Norte. O painel reuniu artistas, produtores e gestores culturais e de renomadas OSCs pelo Pa\u00eds e pelo mundo como da World Wide Fund for Nature Inc (WWF Brasil) e representantes governamentais. \u201cTive essa grata satisfa\u00e7\u00e3o de ser um dos mediadores desse painel com pessoas profissionais t\u00e3o relevantes. Levamos um pouco dessa experi\u00eancia para outros estados, munic\u00edpios e organiza\u00e7\u00f5es de todo o Brasil\u201d, afirmou.<\/p>\n\n\n\n<figure class=\"wp-block-image size-full is-resized\"><img loading=\"lazy\" decoding=\"async\" width=\"553\" height=\"603\" src=\"https:\/\/focotocantinense.com.br\/wp-content\/uploads\/2024\/08\/2-comite.jpg\" alt=\"\" class=\"wp-image-8176\" style=\"width:370px;height:auto\" srcset=\"https:\/\/focotocantinense.com.br\/wp-content\/uploads\/2024\/08\/2-comite.jpg 553w, https:\/\/focotocantinense.com.br\/wp-content\/uploads\/2024\/08\/2-comite-275x300.jpg 275w\" sizes=\"auto, (max-width: 553px) 100vw, 553px\" \/><\/figure>\n\n\n\n<p>\u00a0<em><strong>O coordenador-geral do Comit\u00ea de Cultura no Tocantins, Kak\u00e1 Nogueira, representou o Estado do Tocantins.<\/strong><\/em><\/p>\n\n\n\n<p>Al\u00e9m das mesas e pain\u00e9is de discuss\u00e3o com especialistas nacionais e internacionais; o Semin\u00e1rio contou ainda com oficinas pr\u00e1ticas para treinamento e discuss\u00f5es em profundidade; stands de parceiros e oportunidades de networking, e apresenta\u00e7\u00e3o de estudos em temas espec\u00edficos. O evento tem como objetivo retomar e fortalecer as discuss\u00f5es sobre parcerias entre a administra\u00e7\u00e3o p\u00fablica e as organiza\u00e7\u00f5es da sociedade civil.&nbsp;As parcerias entre o governo e as OSCs contribuem para a execu\u00e7\u00e3o de in\u00fameras pol\u00edticas p\u00fablicas em \u00e1reas como a assist\u00eancia social, educa\u00e7\u00e3o, sa\u00fade, esporte, cultura, entre outras.<\/p>\n\n\n\n<p>De acordo com o coordenador, que \u00e9 presidente da Federa\u00e7\u00e3o Tocantinense de Artes C\u00eanicas (Fetac), o evento foi importante para redefinir e revitalizar o di\u00e1logo sobre parcerias entre OSCs e administra\u00e7\u00e3o p\u00fablica, estabelecendo um caminho claro para coopera\u00e7\u00e3o transparente e eficaz. \u201cUma efervesc\u00eancia de atividades que nos trouxe uma compreens\u00e3o mais ampla sobre quest\u00f5es regulat\u00f3rias e operacionais enfrentadas por OSCs e administra\u00e7\u00e3o p\u00fablica, resultando em recomenda\u00e7\u00f5es pr\u00e1ticas para fortalecer legisla\u00e7\u00e3o e pr\u00e1ticas existentes\u201d, alegou.<\/p>\n\n\n\n<figure class=\"wp-block-image size-large\"><img loading=\"lazy\" decoding=\"async\" width=\"1024\" height=\"577\" src=\"https:\/\/focotocantinense.com.br\/wp-content\/uploads\/2024\/08\/1-comite-1024x577.jpg\" alt=\"\" class=\"wp-image-8175\" srcset=\"https:\/\/focotocantinense.com.br\/wp-content\/uploads\/2024\/08\/1-comite-1024x577.jpg 1024w, https:\/\/focotocantinense.com.br\/wp-content\/uploads\/2024\/08\/1-comite-300x169.jpg 300w, https:\/\/focotocantinense.com.br\/wp-content\/uploads\/2024\/08\/1-comite-768x432.jpg 768w, https:\/\/focotocantinense.com.br\/wp-content\/uploads\/2024\/08\/1-comite-1536x865.jpg 1536w, https:\/\/focotocantinense.com.br\/wp-content\/uploads\/2024\/08\/1-comite-2048x1153.jpg 2048w\" sizes=\"auto, (max-width: 1024px) 100vw, 1024px\" \/><\/figure>\n\n\n\n<p><\/p>\n\n\n\n<p><strong>Semin\u00e1rio<\/strong><\/p>\n\n\n\n<p>Integrando-se \u00e0s atividades do G20 Social, o Semin\u00e1rio visa ampliar os debates sobre temas cruciais para as OSC, aproveitando o espa\u00e7o global do G20 para tratar de quest\u00f5es econ\u00f4micas, pol\u00edticas e sociais. A iniciativa foi retomada 10 anos ap\u00f3s a realiza\u00e7\u00e3o da \u00faltima edi\u00e7\u00e3o.<\/p>\n\n\n\n<p><strong>Comit\u00ea&nbsp;de&nbsp;Cultura&nbsp;no Tocantins<\/strong><\/p>\n\n\n\n<p>O Comit\u00ea de Cultura no Tocantins \u00e9 coordenado pela Federa\u00e7\u00e3o Tocantinense de Artes C\u00eanicas do Tocantins (Fetac), presidida por Kak\u00e1 Nogueira, ator, produtor e coordenador geral do Comit\u00ea.&nbsp; O Comit\u00ea conta com a colabora\u00e7\u00e3o em rede da Associa\u00e7\u00e3o Gurupiense de Artes\u00e3os (AGA) e do Instituto Social e Cultural Araguaia (Isca). O Comit\u00ea do Tocantins ficou em 1\u00b0 lugar no Brasil na sele\u00e7\u00e3o realizada em 2023 pelo MinC e ter\u00e1 a\u00e7\u00f5es coordenadas pela Fetac por 24 meses.<\/p>\n\n\n\n<figure class=\"wp-block-image size-full\"><img loading=\"lazy\" decoding=\"async\" width=\"1024\" height=\"536\" src=\"https:\/\/focotocantinense.com.br\/wp-content\/uploads\/2024\/08\/BANNER-VINICIUS-1.png\" alt=\"\" class=\"wp-image-8167\" srcset=\"https:\/\/focotocantinense.com.br\/wp-content\/uploads\/2024\/08\/BANNER-VINICIUS-1.png 1024w, https:\/\/focotocantinense.com.br\/wp-content\/uploads\/2024\/08\/BANNER-VINICIUS-1-300x157.png 300w, https:\/\/focotocantinense.com.br\/wp-content\/uploads\/2024\/08\/BANNER-VINICIUS-1-768x402.png 768w\" sizes=\"auto, (max-width: 1024px) 100vw, 1024px\" \/><\/figure>\n","protected":false},"excerpt":{"rendered":"<p>O Tocantins est\u00e1 presente no III Semin\u00e1rio Internacional Marco Regulat\u00f3rio das Organiza\u00e7\u00f5es da Sociedade Civil (MROSC): Parcerias transformadoras para um mundo justo e sustent\u00e1vel, que foi finalizado nesta sexta-feira, 02, em Bras\u00edlia (DF).&nbsp;Nesta edi\u00e7\u00e3o, o evento tem como tema \u2018Parcerias Transformadoras para um Mundo Justo e Sustent\u00e1vel\u2019, e marca a retomada da iniciativa 10 anos &hellip;<\/p>\n","protected":false},"author":5,"featured_media":8175,"comment_status":"open","ping_status":"open","sticky":false,"template":"","format":"standard","meta":{"footnotes":""},"categories":[104],"tags":[],"class_list":["post-8174","post","type-post","status-publish","format-standard","has-post-thumbnail","","category-cultura"],"_links":{"self":[{"href":"https:\/\/focotocantinense.com.br\/index.php?rest_route=\/wp\/v2\/posts\/8174","targetHints":{"allow":["GET"]}}],"collection":[{"href":"https:\/\/focotocantinense.com.br\/index.php?rest_route=\/wp\/v2\/posts"}],"about":[{"href":"https:\/\/focotocantinense.com.br\/index.php?rest_route=\/wp\/v2\/types\/post"}],"author":[{"embeddable":true,"href":"https:\/\/focotocantinense.com.br\/index.php?rest_route=\/wp\/v2\/users\/5"}],"replies":[{"embeddable":true,"href":"https:\/\/focotocantinense.com.br\/index.php?rest_route=%2Fwp%2Fv2%2Fcomments&post=8174"}],"version-history":[{"count":1,"href":"https:\/\/focotocantinense.com.br\/index.php?rest_route=\/wp\/v2\/posts\/8174\/revisions"}],"predecessor-version":[{"id":8177,"href":"https:\/\/focotocantinense.com.br\/index.php?rest_route=\/wp\/v2\/posts\/8174\/revisions\/8177"}],"wp:featuredmedia":[{"embeddable":true,"href":"https:\/\/focotocantinense.com.br\/index.php?rest_route=\/wp\/v2\/media\/8175"}],"wp:attachment":[{"href":"https:\/\/focotocantinense.com.br\/index.php?rest_route=%2Fwp%2Fv2%2Fmedia&parent=8174"}],"wp:term":[{"taxonomy":"category","embeddable":true,"href":"https:\/\/focotocantinense.com.br\/index.php?rest_route=%2Fwp%2Fv2%2Fcategories&post=8174"},{"taxonomy":"post_tag","embeddable":true,"href":"https:\/\/focotocantinense.com.br\/index.php?rest_route=%2Fwp%2Fv2%2Ftags&post=8174"}],"curies":[{"name":"wp","href":"https:\/\/api.w.org\/{rel}","templated":true}]}}