{"id":8164,"date":"2024-08-04T21:50:26","date_gmt":"2024-08-05T00:50:26","guid":{"rendered":"https:\/\/focotocantinense.com.br\/?p=8164"},"modified":"2024-08-04T21:52:19","modified_gmt":"2024-08-05T00:52:19","slug":"convencao-em-tocantinia-confirma-chapa-de-joao-alberto-candidato-a-prefeito-e-a-empresaria-jordana-monteiro-como-vice","status":"publish","type":"post","link":"https:\/\/focotocantinense.com.br\/?p=8164","title":{"rendered":"Conven\u00e7\u00e3o em Tocant\u00ednia confirma chapa de Jo\u00e3o Alberto candidato a prefeito e a empres\u00e1ria Jordana Monteiro como vice"},"content":{"rendered":"\n<p><strong>Por Zacarias Martins<\/strong><\/p>\n\n\n\n<p>Na tarde de s\u00e1bado, 03, no audit\u00f3rio do Col\u00e9gio Batista de Tocant\u00ednia aconteceu a conven\u00e7\u00e3o do Partido Republicanos (PR), que confirmou a pr\u00e9-candidatura \u00e0 reelei\u00e7\u00e3o do prefeito Jo\u00e3o Alberto Coelho Machado, cuja chapa, &nbsp;conta, ainda,&nbsp; de candidatos a vereador do&nbsp; Partido da Social Democracia Brasileira (PSDB) e&nbsp; &nbsp;do Partido Democr\u00e1tico Brasileiro (PDT).&nbsp; A vice de Jo\u00e3o Alberto nessa elei\u00e7\u00e3o ser\u00e1 a empres\u00e1ria Jordana Monteiro, filiada ao PL.<\/p>\n\n\n\n<p>A grande novidade dessa conven\u00e7\u00e3o foi o an\u00fancio da &nbsp;ades\u00e3o do Uni\u00e3o Brasil (UB), partido que nos \u00faltimos pleitos eleitorais estava em outra coliga\u00e7\u00e3o e ainda em ainda, &nbsp;por filiados do Partido dos Trabalhadores (PT) e do Partido Liberal (PL). Jo\u00e3o Aberto conseguiu, ainda, o apoio da Rede Sustentabilidade.<\/p>\n\n\n\n<p>Mais de quinhentas pessoas se aglomeraram dentro e fora do audit\u00f3rio do Col\u00e9gio Batista &nbsp;para prestigiar a conven\u00e7\u00e3o da coliga\u00e7\u00e3o denominada de &nbsp;Paz e Uni\u00e3o. O &nbsp;t\u00edtulo dado faz alus\u00e3o ao lema da bandeira de Tocant\u00ednia.<\/p>\n\n\n\n<figure class=\"wp-block-image size-large is-resized\"><img loading=\"lazy\" decoding=\"async\" width=\"1024\" height=\"682\" src=\"https:\/\/focotocantinense.com.br\/wp-content\/uploads\/2024\/08\/6-CONVENCAO-DE-TOCANTINIA-1024x682.jpg\" alt=\"\" class=\"wp-image-8171\" style=\"width:388px;height:auto\" srcset=\"https:\/\/focotocantinense.com.br\/wp-content\/uploads\/2024\/08\/6-CONVENCAO-DE-TOCANTINIA-1024x682.jpg 1024w, https:\/\/focotocantinense.com.br\/wp-content\/uploads\/2024\/08\/6-CONVENCAO-DE-TOCANTINIA-300x200.jpg 300w, https:\/\/focotocantinense.com.br\/wp-content\/uploads\/2024\/08\/6-CONVENCAO-DE-TOCANTINIA-768x512.jpg 768w, https:\/\/focotocantinense.com.br\/wp-content\/uploads\/2024\/08\/6-CONVENCAO-DE-TOCANTINIA-310x205.jpg 310w, https:\/\/focotocantinense.com.br\/wp-content\/uploads\/2024\/08\/6-CONVENCAO-DE-TOCANTINIA.jpg 1280w\" sizes=\"auto, (max-width: 1024px) 100vw, 1024px\" \/><\/figure>\n\n\n\n<p><strong>Buscando o melhor para Tocant\u00ednia<\/strong><\/p>\n\n\n\n<p>\u201cO nosso grupo pol\u00edtico d\u00e1 &nbsp;significado e sentido ao desenvolvimento convencional em trazer ao mesmo objetivo de buscar o melhor e o bem comum para toda popula\u00e7\u00e3o. \u00c9 mostrar a todo o munic\u00edpio que se precisa de uni\u00e3o para que as melhorias venham de forma grandiosa a todos. \u00c9 uma coliga\u00e7\u00e3o que deseja ver levantar o nosso pavilh\u00e3o aqui em tantos lugares bradando um grito de vit\u00f3ria. Que vivamos bem felizes em paz e uni\u00e3o\u201d, disse Jo\u00e3o Alberto.<\/p>\n\n\n\n<p>Ainda no seu discurso Jo\u00e3o Alberto se &nbsp;emocionou v\u00e1rias vezes ao relembrar, &nbsp;in memorian, &nbsp;sua m\u00e3e, dona Raimunda e pela presen\u00e7a de seu pai, &nbsp;Zeca Veras, &nbsp;que lhe deu v\u00e1rios ensinamentos a partir tamb\u00e9m, &nbsp;de sua trajet\u00f3ria pol\u00edtica, com v\u00e1rios mandatos de vereador e vice-prefeito.<\/p>\n\n\n\n<p><strong>Presen\u00e7as<\/strong><\/p>\n\n\n\n<p>Estiveram presentes ao acontecimento diversas autoridades, &nbsp;dentre &nbsp;as quais, &nbsp;mais de vinte anci\u00e3os ind\u00edgenas, mais de 72 caciques, pastores, di\u00e1conos, ex-prefeitos, ex-vereadores, al\u00e9m&nbsp; do &nbsp;prefeito licenciado Manoel Silvino. juntamente com sua esposa, Nara Cristina, os presidentes do PSDB, &nbsp;Eduardo Bezerra, do PDT, &nbsp;Patr\u00edcia Ramos, do PL, Fernando Nunes e presidente do &nbsp;PT Jo\u00e3o Passos.<\/p>\n\n\n\n<figure class=\"wp-block-image size-large is-resized\"><img loading=\"lazy\" decoding=\"async\" width=\"1024\" height=\"682\" src=\"https:\/\/focotocantinense.com.br\/wp-content\/uploads\/2024\/08\/1-CONVENCAO-DE-TOCANTINIA-1024x682.jpg\" alt=\"\" class=\"wp-image-8166\" style=\"width:841px;height:auto\" srcset=\"https:\/\/focotocantinense.com.br\/wp-content\/uploads\/2024\/08\/1-CONVENCAO-DE-TOCANTINIA-1024x682.jpg 1024w, https:\/\/focotocantinense.com.br\/wp-content\/uploads\/2024\/08\/1-CONVENCAO-DE-TOCANTINIA-300x200.jpg 300w, https:\/\/focotocantinense.com.br\/wp-content\/uploads\/2024\/08\/1-CONVENCAO-DE-TOCANTINIA-768x512.jpg 768w, https:\/\/focotocantinense.com.br\/wp-content\/uploads\/2024\/08\/1-CONVENCAO-DE-TOCANTINIA-310x205.jpg 310w, https:\/\/focotocantinense.com.br\/wp-content\/uploads\/2024\/08\/1-CONVENCAO-DE-TOCANTINIA.jpg 1280w\" sizes=\"auto, (max-width: 1024px) 100vw, 1024px\" \/><\/figure>\n\n\n\n<p><\/p>\n\n\n\n<p><strong>Apoio do governador<\/strong><\/p>\n\n\n\n<p>O &nbsp;governador Wanderlei Barbosa foi representado nesta conven\u00e7\u00e3o pelo secret\u00e1rio de estado da Agricultura, &nbsp;Jaime Caf\u00e9. \u201cTrago o abra\u00e7o e o carinho do governador Wanderlei Barbosa e o total apoio \u00e0 coliga\u00e7\u00e3o do pr\u00e9-candidato a prefeito Jo\u00e3o Alberto e levarei com alegria a not\u00edcia ao governador em ver aqui essa multid\u00e3o que agrega a maioria dos mun\u00edcipes como apoiadores\u201d afirmou, enf\u00e1tico, Jaime Caf\u00e9.<\/p>\n\n\n\n<p>Em &nbsp;v\u00eddeo exibido durante a conven\u00e7\u00e3o, o&nbsp; governador&nbsp;&nbsp; Wanderlei Barbosa externou o apoio \u00e0 chapa encabe\u00e7ada pelo &nbsp;Republicanos: &nbsp;\u201cO Jo\u00e3o Alberto \u00e9 o nosso pr\u00e9-candidato a prefeito porque queremos trabalhar juntos com ele e com nosso prefeito licenciado Silvino, para continuar fazendo o melhor por Tocant\u00ednia com total apoio do nosso governo\u201d, enfatizou o governador.<\/p>\n\n\n\n<figure class=\"wp-block-image size-large\"><img loading=\"lazy\" decoding=\"async\" width=\"1024\" height=\"682\" src=\"https:\/\/focotocantinense.com.br\/wp-content\/uploads\/2024\/08\/3-CONVENCAO-DE-TOCANTINIA-1024x682.jpg\" alt=\"\" class=\"wp-image-8169\" srcset=\"https:\/\/focotocantinense.com.br\/wp-content\/uploads\/2024\/08\/3-CONVENCAO-DE-TOCANTINIA-1024x682.jpg 1024w, https:\/\/focotocantinense.com.br\/wp-content\/uploads\/2024\/08\/3-CONVENCAO-DE-TOCANTINIA-300x200.jpg 300w, https:\/\/focotocantinense.com.br\/wp-content\/uploads\/2024\/08\/3-CONVENCAO-DE-TOCANTINIA-768x512.jpg 768w, https:\/\/focotocantinense.com.br\/wp-content\/uploads\/2024\/08\/3-CONVENCAO-DE-TOCANTINIA-310x205.jpg 310w, https:\/\/focotocantinense.com.br\/wp-content\/uploads\/2024\/08\/3-CONVENCAO-DE-TOCANTINIA.jpg 1280w\" sizes=\"auto, (max-width: 1024px) 100vw, 1024px\" \/><\/figure>\n\n\n\n<p><\/p>\n\n\n\n<figure class=\"wp-block-image size-large\"><img loading=\"lazy\" decoding=\"async\" width=\"1024\" height=\"682\" src=\"https:\/\/focotocantinense.com.br\/wp-content\/uploads\/2024\/08\/4-CONVENCAO-DE-TOCANTINIA-1024x682.jpg\" alt=\"\" class=\"wp-image-8165\" srcset=\"https:\/\/focotocantinense.com.br\/wp-content\/uploads\/2024\/08\/4-CONVENCAO-DE-TOCANTINIA-1024x682.jpg 1024w, https:\/\/focotocantinense.com.br\/wp-content\/uploads\/2024\/08\/4-CONVENCAO-DE-TOCANTINIA-300x200.jpg 300w, https:\/\/focotocantinense.com.br\/wp-content\/uploads\/2024\/08\/4-CONVENCAO-DE-TOCANTINIA-768x512.jpg 768w, https:\/\/focotocantinense.com.br\/wp-content\/uploads\/2024\/08\/4-CONVENCAO-DE-TOCANTINIA-310x205.jpg 310w, https:\/\/focotocantinense.com.br\/wp-content\/uploads\/2024\/08\/4-CONVENCAO-DE-TOCANTINIA.jpg 1280w\" sizes=\"auto, (max-width: 1024px) 100vw, 1024px\" \/><\/figure>\n\n\n\n<p><\/p>\n\n\n\n<figure class=\"wp-block-image size-large\"><img loading=\"lazy\" decoding=\"async\" width=\"1024\" height=\"682\" src=\"https:\/\/focotocantinense.com.br\/wp-content\/uploads\/2024\/08\/2-CONVENCAO-DE-TOCANTINIA-1024x682.jpg\" alt=\"\" class=\"wp-image-8168\" srcset=\"https:\/\/focotocantinense.com.br\/wp-content\/uploads\/2024\/08\/2-CONVENCAO-DE-TOCANTINIA-1024x682.jpg 1024w, https:\/\/focotocantinense.com.br\/wp-content\/uploads\/2024\/08\/2-CONVENCAO-DE-TOCANTINIA-300x200.jpg 300w, https:\/\/focotocantinense.com.br\/wp-content\/uploads\/2024\/08\/2-CONVENCAO-DE-TOCANTINIA-768x512.jpg 768w, https:\/\/focotocantinense.com.br\/wp-content\/uploads\/2024\/08\/2-CONVENCAO-DE-TOCANTINIA-310x205.jpg 310w, https:\/\/focotocantinense.com.br\/wp-content\/uploads\/2024\/08\/2-CONVENCAO-DE-TOCANTINIA.jpg 1280w\" sizes=\"auto, (max-width: 1024px) 100vw, 1024px\" \/><\/figure>\n\n\n\n<p><\/p>\n\n\n\n<figure class=\"wp-block-image size-full\"><img loading=\"lazy\" decoding=\"async\" width=\"1024\" height=\"536\" src=\"https:\/\/focotocantinense.com.br\/wp-content\/uploads\/2024\/08\/BANNER-VINICIUS-1.png\" alt=\"\" class=\"wp-image-8167\" srcset=\"https:\/\/focotocantinense.com.br\/wp-content\/uploads\/2024\/08\/BANNER-VINICIUS-1.png 1024w, https:\/\/focotocantinense.com.br\/wp-content\/uploads\/2024\/08\/BANNER-VINICIUS-1-300x157.png 300w, https:\/\/focotocantinense.com.br\/wp-content\/uploads\/2024\/08\/BANNER-VINICIUS-1-768x402.png 768w\" sizes=\"auto, (max-width: 1024px) 100vw, 1024px\" \/><\/figure>\n","protected":false},"excerpt":{"rendered":"<p>Por Zacarias Martins Na tarde de s\u00e1bado, 03, no audit\u00f3rio do Col\u00e9gio Batista de Tocant\u00ednia aconteceu a conven\u00e7\u00e3o do Partido Republicanos (PR), que confirmou a pr\u00e9-candidatura \u00e0 reelei\u00e7\u00e3o do prefeito Jo\u00e3o Alberto Coelho Machado, cuja chapa, &nbsp;conta, ainda,&nbsp; de candidatos a vereador do&nbsp; Partido da Social Democracia Brasileira (PSDB) e&nbsp; &nbsp;do Partido Democr\u00e1tico Brasileiro (PDT).&nbsp; &hellip;<\/p>\n","protected":false},"author":5,"featured_media":8165,"comment_status":"open","ping_status":"open","sticky":false,"template":"","format":"standard","meta":{"footnotes":""},"categories":[78],"tags":[],"class_list":["post-8164","post","type-post","status-publish","format-standard","has-post-thumbnail","","category-tocantinia"],"_links":{"self":[{"href":"https:\/\/focotocantinense.com.br\/index.php?rest_route=\/wp\/v2\/posts\/8164","targetHints":{"allow":["GET"]}}],"collection":[{"href":"https:\/\/focotocantinense.com.br\/index.php?rest_route=\/wp\/v2\/posts"}],"about":[{"href":"https:\/\/focotocantinense.com.br\/index.php?rest_route=\/wp\/v2\/types\/post"}],"author":[{"embeddable":true,"href":"https:\/\/focotocantinense.com.br\/index.php?rest_route=\/wp\/v2\/users\/5"}],"replies":[{"embeddable":true,"href":"https:\/\/focotocantinense.com.br\/index.php?rest_route=%2Fwp%2Fv2%2Fcomments&post=8164"}],"version-history":[{"count":3,"href":"https:\/\/focotocantinense.com.br\/index.php?rest_route=\/wp\/v2\/posts\/8164\/revisions"}],"predecessor-version":[{"id":8173,"href":"https:\/\/focotocantinense.com.br\/index.php?rest_route=\/wp\/v2\/posts\/8164\/revisions\/8173"}],"wp:featuredmedia":[{"embeddable":true,"href":"https:\/\/focotocantinense.com.br\/index.php?rest_route=\/wp\/v2\/media\/8165"}],"wp:attachment":[{"href":"https:\/\/focotocantinense.com.br\/index.php?rest_route=%2Fwp%2Fv2%2Fmedia&parent=8164"}],"wp:term":[{"taxonomy":"category","embeddable":true,"href":"https:\/\/focotocantinense.com.br\/index.php?rest_route=%2Fwp%2Fv2%2Fcategories&post=8164"},{"taxonomy":"post_tag","embeddable":true,"href":"https:\/\/focotocantinense.com.br\/index.php?rest_route=%2Fwp%2Fv2%2Ftags&post=8164"}],"curies":[{"name":"wp","href":"https:\/\/api.w.org\/{rel}","templated":true}]}}