{"id":8161,"date":"2024-08-02T12:22:48","date_gmt":"2024-08-02T15:22:48","guid":{"rendered":"https:\/\/focotocantinense.com.br\/?p=8161"},"modified":"2024-08-02T12:22:48","modified_gmt":"2024-08-02T15:22:48","slug":"republicanos-lanca-candidatura-de-antonio-andrade-a-prefeitura-de-porto-nacional-nesta-segunda-feira-5","status":"publish","type":"post","link":"https:\/\/focotocantinense.com.br\/?p=8161","title":{"rendered":"Republicanos lan\u00e7a candidatura de Antonio Andrade \u00e0 prefeitura de Porto Nacional nesta segunda-feira, 5"},"content":{"rendered":"\n<p>Candidatura ser\u00e1 oficializada em conven\u00e7\u00e3o no setor Novo Planalto<\/p>\n\n\n\n<p>O Republicanos, lan\u00e7ar\u00e1 nesta segunda-feira, 5, a candidatura do deputado federal Antonio Andrade \u00e0 prefeitura de Porto Nacional. A conven\u00e7\u00e3o da chapa ser\u00e1 realizada entre 17h30 at\u00e9 22h na Quadra Poliesportiva da Pra\u00e7a do Setor Novo Planalto.<\/p>\n\n\n\n<figure class=\"wp-block-image size-large is-resized\"><img loading=\"lazy\" decoding=\"async\" width=\"682\" height=\"1024\" src=\"https:\/\/focotocantinense.com.br\/wp-content\/uploads\/2024\/08\/WhatsApp-Image-2024-08-02-at-11.03.25-682x1024.jpeg\" alt=\"\" class=\"wp-image-8162\" style=\"width:365px;height:auto\" srcset=\"https:\/\/focotocantinense.com.br\/wp-content\/uploads\/2024\/08\/WhatsApp-Image-2024-08-02-at-11.03.25-682x1024.jpeg 682w, https:\/\/focotocantinense.com.br\/wp-content\/uploads\/2024\/08\/WhatsApp-Image-2024-08-02-at-11.03.25-200x300.jpeg 200w, https:\/\/focotocantinense.com.br\/wp-content\/uploads\/2024\/08\/WhatsApp-Image-2024-08-02-at-11.03.25-768x1153.jpeg 768w, https:\/\/focotocantinense.com.br\/wp-content\/uploads\/2024\/08\/WhatsApp-Image-2024-08-02-at-11.03.25-1023x1536.jpeg 1023w, https:\/\/focotocantinense.com.br\/wp-content\/uploads\/2024\/08\/WhatsApp-Image-2024-08-02-at-11.03.25.jpeg 1066w\" sizes=\"auto, (max-width: 682px) 100vw, 682px\" \/><\/figure>\n\n\n\n<p>Andrade ter\u00e1 como vice, Soares Filho (PP), segundo vereador mais votado de Porto Nacional nas \u00faltimas elei\u00e7\u00f5es.<\/p>\n\n\n\n<p>Alian\u00e7as<\/p>\n\n\n\n<p>Os partidos PP, Podemos, Solidariedade, PDT e PL, j\u00e1 anunciaram apoio \u00e0 chapa encabe\u00e7ada pelo Republicanos.<\/p>\n\n\n\n<p>Desde o dia 20 de julho os partidos pol\u00edticos e alian\u00e7as de partidos est\u00e3o autorizados a realizar suas conven\u00e7\u00f5es, para oficializar a escolha dos candidatos a prefeito e vereadores nas elei\u00e7\u00f5es de outubro. O prazo se encerra no dia 5 de agosto.<\/p>\n\n\n\n<p>Assessoria de Imprensa \u2013 Deputado Federal Antonio Andrade<\/p>\n","protected":false},"excerpt":{"rendered":"<p>Candidatura ser\u00e1 oficializada em conven\u00e7\u00e3o no setor Novo Planalto O Republicanos, lan\u00e7ar\u00e1 nesta segunda-feira, 5, a candidatura do deputado federal Antonio Andrade \u00e0 prefeitura de Porto Nacional. A conven\u00e7\u00e3o da chapa ser\u00e1 realizada entre 17h30 at\u00e9 22h na Quadra Poliesportiva da Pra\u00e7a do Setor Novo Planalto. Andrade ter\u00e1 como vice, Soares Filho (PP), segundo vereador &hellip;<\/p>\n","protected":false},"author":5,"featured_media":8162,"comment_status":"open","ping_status":"open","sticky":false,"template":"","format":"standard","meta":{"footnotes":""},"categories":[1],"tags":[],"class_list":["post-8161","post","type-post","status-publish","format-standard","has-post-thumbnail","","category-sem-categoria"],"_links":{"self":[{"href":"https:\/\/focotocantinense.com.br\/index.php?rest_route=\/wp\/v2\/posts\/8161","targetHints":{"allow":["GET"]}}],"collection":[{"href":"https:\/\/focotocantinense.com.br\/index.php?rest_route=\/wp\/v2\/posts"}],"about":[{"href":"https:\/\/focotocantinense.com.br\/index.php?rest_route=\/wp\/v2\/types\/post"}],"author":[{"embeddable":true,"href":"https:\/\/focotocantinense.com.br\/index.php?rest_route=\/wp\/v2\/users\/5"}],"replies":[{"embeddable":true,"href":"https:\/\/focotocantinense.com.br\/index.php?rest_route=%2Fwp%2Fv2%2Fcomments&post=8161"}],"version-history":[{"count":1,"href":"https:\/\/focotocantinense.com.br\/index.php?rest_route=\/wp\/v2\/posts\/8161\/revisions"}],"predecessor-version":[{"id":8163,"href":"https:\/\/focotocantinense.com.br\/index.php?rest_route=\/wp\/v2\/posts\/8161\/revisions\/8163"}],"wp:featuredmedia":[{"embeddable":true,"href":"https:\/\/focotocantinense.com.br\/index.php?rest_route=\/wp\/v2\/media\/8162"}],"wp:attachment":[{"href":"https:\/\/focotocantinense.com.br\/index.php?rest_route=%2Fwp%2Fv2%2Fmedia&parent=8161"}],"wp:term":[{"taxonomy":"category","embeddable":true,"href":"https:\/\/focotocantinense.com.br\/index.php?rest_route=%2Fwp%2Fv2%2Fcategories&post=8161"},{"taxonomy":"post_tag","embeddable":true,"href":"https:\/\/focotocantinense.com.br\/index.php?rest_route=%2Fwp%2Fv2%2Ftags&post=8161"}],"curies":[{"name":"wp","href":"https:\/\/api.w.org\/{rel}","templated":true}]}}