{"id":8156,"date":"2024-08-02T09:42:27","date_gmt":"2024-08-02T12:42:27","guid":{"rendered":"https:\/\/focotocantinense.com.br\/?p=8156"},"modified":"2024-08-02T09:42:27","modified_gmt":"2024-08-02T12:42:27","slug":"governador-wanderlei-barbosa-e-ministro-renan-filho-inauguram-primeira-etapa-da-duplicacao-da-br-153-em-gurupi","status":"publish","type":"post","link":"https:\/\/focotocantinense.com.br\/?p=8156","title":{"rendered":"Governador Wanderlei Barbosa e ministro Renan Filho inauguram primeira etapa da duplica\u00e7\u00e3o da BR-153, em Gurupi"},"content":{"rendered":"\n<p><em>Trecho conta com 8 km de duplica\u00e7\u00e3o e um investimento de R$ 40,5 milh\u00f5es&nbsp;<\/em><\/p>\n\n\n\n<figure class=\"wp-block-image size-large is-resized\"><img loading=\"lazy\" decoding=\"async\" width=\"1024\" height=\"585\" src=\"https:\/\/focotocantinense.com.br\/wp-content\/uploads\/2024\/08\/F3-Governador-Wanderlei-Barbosa-discursa-durante-entrega-da-duplicacao-da-BR-153-e-Assinatura-OS-BR-010-foto-Adilvan-Nogueira-Governo-do-Tocantins-1024x585.jpg\" alt=\"\" class=\"wp-image-8157\" style=\"width:396px;height:auto\" srcset=\"https:\/\/focotocantinense.com.br\/wp-content\/uploads\/2024\/08\/F3-Governador-Wanderlei-Barbosa-discursa-durante-entrega-da-duplicacao-da-BR-153-e-Assinatura-OS-BR-010-foto-Adilvan-Nogueira-Governo-do-Tocantins-1024x585.jpg 1024w, https:\/\/focotocantinense.com.br\/wp-content\/uploads\/2024\/08\/F3-Governador-Wanderlei-Barbosa-discursa-durante-entrega-da-duplicacao-da-BR-153-e-Assinatura-OS-BR-010-foto-Adilvan-Nogueira-Governo-do-Tocantins-300x171.jpg 300w, https:\/\/focotocantinense.com.br\/wp-content\/uploads\/2024\/08\/F3-Governador-Wanderlei-Barbosa-discursa-durante-entrega-da-duplicacao-da-BR-153-e-Assinatura-OS-BR-010-foto-Adilvan-Nogueira-Governo-do-Tocantins-768x439.jpg 768w, https:\/\/focotocantinense.com.br\/wp-content\/uploads\/2024\/08\/F3-Governador-Wanderlei-Barbosa-discursa-durante-entrega-da-duplicacao-da-BR-153-e-Assinatura-OS-BR-010-foto-Adilvan-Nogueira-Governo-do-Tocantins-1536x878.jpg 1536w, https:\/\/focotocantinense.com.br\/wp-content\/uploads\/2024\/08\/F3-Governador-Wanderlei-Barbosa-discursa-durante-entrega-da-duplicacao-da-BR-153-e-Assinatura-OS-BR-010-foto-Adilvan-Nogueira-Governo-do-Tocantins-2048x1170.jpg 2048w\" sizes=\"auto, (max-width: 1024px) 100vw, 1024px\" \/><\/figure>\n\n\n\n<p><strong>Jarbas Coutinho\/Governo do Tocantins<\/strong><\/p>\n\n\n\n<p>O governador do Tocantins, Wanderlei Barbosa, ao lado do ministro dos Transportes, Renan Filho; da primeira-dama e secret\u00e1ria extraordin\u00e1ria de Participa\u00e7\u00f5es Sociais, Karynne Sotero, e de outras autoridades, participou nesta quinta-feira, 1\u00b0 de agosto, da inaugura\u00e7\u00e3o dos primeiros 8 km de duplica\u00e7\u00e3o da BR-153, em Gurupi. O trecho, entre os km 662 e 671, contou com um investimento de R$ 40,5 milh\u00f5es, por meio da concession\u00e1ria Ecovias do Araguaia. Durante a solenidade, tamb\u00e9m foi assinada a Ordem de Servi\u00e7o para pavimenta\u00e7\u00e3o do trecho remanescente da BR-010\/TO, entre Paran\u00e3 e o Povoado de Pr\u00edncipe, na regi\u00e3o sudeste do Estado.<\/p>\n\n\n\n<p>O per\u00edmetro em quest\u00e3o recebeu, tamb\u00e9m, uma nova ponte no c\u00f3rrego Pouso do Meio, al\u00e9m da melhoria da j\u00e1 existente, bem como a implanta\u00e7\u00e3o de tr\u00eas retornos. At\u00e9 o fim do ano, ser\u00e3o entregues 11,25 km de duplica\u00e7\u00e3o em Gurupi e Alian\u00e7a do Tocantins, incluindo passagens inferiores, uma passarela para pedestres e dois viadutos nas entradas norte e sul de Gurupi.<\/p>\n\n\n\n<p>Na ocasi\u00e3o, o governador Wanderlei Barbosa reiterou a import\u00e2ncia das rodovias para o desenvolvimento do Tocantins e para o escoamento da produ\u00e7\u00e3o, visto que o agroneg\u00f3cio \u00e9 um dos destaques da economia estadual. &#8220;Essas obras s\u00e3o muito importantes para o desenvolvimento do Estado e a entrega deste primeiro trecho nos alegra, queremos que essa obra seja conclu\u00edda em todo o Tocantins&#8221;, ressaltou o governador.&nbsp;<\/p>\n\n\n\n<p>O ministro dos Transportes, Renan Filho, enfatizou que a duplica\u00e7\u00e3o representa um grande ciclo de investimentos rodovi\u00e1rios no Tocantins. &#8220;Entregamos, hoje&nbsp;<em>[quinta-feira,1\u00b0 de agosto],<\/em>&nbsp;8 km em rodovias duplicadas, mas vamos entregar 100 km da BR-153 duplicados para a popula\u00e7\u00e3o daqui. Tamb\u00e9m vamos entregar a ponte de Xambio\u00e1 e fazer muitas outras obras relevantes, integrando o Tocantins a Goi\u00e1s, ao Par\u00e1 e a outros estados brasileiros para impulsionar o desenvolvimento de um Estado que j\u00e1 \u00e9 um dos que mais crescem nacionalmente&#8221;, salientou o ministro.&nbsp;<\/p>\n\n\n\n<p>Presente na inaugura\u00e7\u00e3o, o vice-governador do Tocantins, Laurez Moreira, pontuou que a obra n\u00e3o apenas melhora a infraestrutura regional, mas tamb\u00e9m traz in\u00fameros benef\u00edcios econ\u00f4micos e sociais para a popula\u00e7\u00e3o. \u201cFacilitar\u00e1, consideravelmente, a mobilidade dos cidad\u00e3os, reduzindo o tempo de deslocamento e aumentando a seguran\u00e7a nas estradas&#8221;, declarou o vice-governador.&nbsp;<\/p>\n\n\n\n<figure class=\"wp-block-image size-large\"><img loading=\"lazy\" decoding=\"async\" width=\"1024\" height=\"585\" src=\"https:\/\/focotocantinense.com.br\/wp-content\/uploads\/2024\/08\/F7-Governador-Wanderlei-Barbosa-Ministro-dos-Transportes-Renan-Filho-e-autoridades-durante-assinatura-da-OS-BR-010-foto-Adilvan-Nogueira-Governo-do-Tocantins-1024x585.jpg\" alt=\"\" class=\"wp-image-8158\" srcset=\"https:\/\/focotocantinense.com.br\/wp-content\/uploads\/2024\/08\/F7-Governador-Wanderlei-Barbosa-Ministro-dos-Transportes-Renan-Filho-e-autoridades-durante-assinatura-da-OS-BR-010-foto-Adilvan-Nogueira-Governo-do-Tocantins-1024x585.jpg 1024w, https:\/\/focotocantinense.com.br\/wp-content\/uploads\/2024\/08\/F7-Governador-Wanderlei-Barbosa-Ministro-dos-Transportes-Renan-Filho-e-autoridades-durante-assinatura-da-OS-BR-010-foto-Adilvan-Nogueira-Governo-do-Tocantins-300x171.jpg 300w, https:\/\/focotocantinense.com.br\/wp-content\/uploads\/2024\/08\/F7-Governador-Wanderlei-Barbosa-Ministro-dos-Transportes-Renan-Filho-e-autoridades-durante-assinatura-da-OS-BR-010-foto-Adilvan-Nogueira-Governo-do-Tocantins-768x439.jpg 768w, https:\/\/focotocantinense.com.br\/wp-content\/uploads\/2024\/08\/F7-Governador-Wanderlei-Barbosa-Ministro-dos-Transportes-Renan-Filho-e-autoridades-durante-assinatura-da-OS-BR-010-foto-Adilvan-Nogueira-Governo-do-Tocantins-1536x877.jpg 1536w, https:\/\/focotocantinense.com.br\/wp-content\/uploads\/2024\/08\/F7-Governador-Wanderlei-Barbosa-Ministro-dos-Transportes-Renan-Filho-e-autoridades-durante-assinatura-da-OS-BR-010-foto-Adilvan-Nogueira-Governo-do-Tocantins-2048x1170.jpg 2048w\" sizes=\"auto, (max-width: 1024px) 100vw, 1024px\" \/><\/figure>\n\n\n\n<p>A duplica\u00e7\u00e3o da BR-153\/TO representa um marco significativo para a passagem urbana de Alian\u00e7a e Gurupi, com um investimento de R$ 200 milh\u00f5es. O projeto oferece novas oportunidades para o setor produtivo da regi\u00e3o, ao facilitar o escoamento da produ\u00e7\u00e3o, incentivar o turismo e proporcionar uma maior seguran\u00e7a para motoristas e pedestres.<\/p>\n\n\n\n<p>O diretor-geral de concess\u00f5es da Ecorodovias, Rui Klein, salientou que a inaugura\u00e7\u00e3o representa um marco especial para Gurupi e toda a regi\u00e3o. &#8220;S\u00e3o diversos anos de grandes entregas, tanto no Tocantins quanto em Goi\u00e1s. Ao todo, a Ecovias do Araguaia vai duplicar mais de 600 km da BR-153. Ent\u00e3o, esse \u00e9 s\u00f3 um primeiro passo. Em setembro, vamos entregar a segunda etapa e, em 2025, vamos inaugurar mais 60 km&#8221;, explicou o diretor.<\/p>\n\n\n\n<p>&#8220;Essa obra na BR-153 representa a retomada da confian\u00e7a de que os investimentos p\u00fablicos e privados est\u00e3o sendo realizados, especialmente para melhorar a vida de todos que trafegam pela rodovia&#8221;, evidenciou o diretor da Ag\u00eancia Nacional de Transporte Terrestre (ANTT), Guilherme Sampaio.&nbsp;<\/p>\n\n\n\n<figure class=\"wp-block-image size-large\"><img loading=\"lazy\" decoding=\"async\" width=\"1024\" height=\"585\" src=\"https:\/\/focotocantinense.com.br\/wp-content\/uploads\/2024\/08\/F8-Governador-Wanderlei-Barbosa-e-Ministro-dos-Transportes-Renan-Filho-Duplicacao-BR-153-Gurupi-TO-foto-Adilvan-Nogueira-Governo-do-Tocantins-1024x585.jpg\" alt=\"\" class=\"wp-image-8159\" srcset=\"https:\/\/focotocantinense.com.br\/wp-content\/uploads\/2024\/08\/F8-Governador-Wanderlei-Barbosa-e-Ministro-dos-Transportes-Renan-Filho-Duplicacao-BR-153-Gurupi-TO-foto-Adilvan-Nogueira-Governo-do-Tocantins-1024x585.jpg 1024w, https:\/\/focotocantinense.com.br\/wp-content\/uploads\/2024\/08\/F8-Governador-Wanderlei-Barbosa-e-Ministro-dos-Transportes-Renan-Filho-Duplicacao-BR-153-Gurupi-TO-foto-Adilvan-Nogueira-Governo-do-Tocantins-300x171.jpg 300w, https:\/\/focotocantinense.com.br\/wp-content\/uploads\/2024\/08\/F8-Governador-Wanderlei-Barbosa-e-Ministro-dos-Transportes-Renan-Filho-Duplicacao-BR-153-Gurupi-TO-foto-Adilvan-Nogueira-Governo-do-Tocantins-768x439.jpg 768w, https:\/\/focotocantinense.com.br\/wp-content\/uploads\/2024\/08\/F8-Governador-Wanderlei-Barbosa-e-Ministro-dos-Transportes-Renan-Filho-Duplicacao-BR-153-Gurupi-TO-foto-Adilvan-Nogueira-Governo-do-Tocantins-1536x878.jpg 1536w, https:\/\/focotocantinense.com.br\/wp-content\/uploads\/2024\/08\/F8-Governador-Wanderlei-Barbosa-e-Ministro-dos-Transportes-Renan-Filho-Duplicacao-BR-153-Gurupi-TO-foto-Adilvan-Nogueira-Governo-do-Tocantins-2048x1170.jpg 2048w\" sizes=\"auto, (max-width: 1024px) 100vw, 1024px\" \/><\/figure>\n\n\n\n<p><strong>Ordem de Servi\u00e7o<\/strong><\/p>\n\n\n\n<p>A Ordem de Servi\u00e7o, assinada pelo ministro dos Transportes, Renan Filho, autoriza o in\u00edcio das obras de asfaltamento do trecho de 7 km remanescente da rodovia BR-10, no trecho que compreende o Povoado de Pr\u00edncipe e a cidade de Paran\u00e3, na regi\u00e3o sudeste do Tocantins. A obra est\u00e1 or\u00e7ada em R$ 15,4 milh\u00f5es, com prazo para conclus\u00e3o de 180 dias a partir da assinatura da Ordem de Servi\u00e7o.<\/p>\n\n\n\n<p>&#8220;A Ordem de Servi\u00e7o foi assinada hoje&nbsp;<em>[quinta-feira, 1\u00b0 de agosto]&nbsp;<\/em>e as obras v\u00e3o come\u00e7ar imediatamente, no trecho que liga Paran\u00e3 a Palmas. \u00c9 uma a\u00e7\u00e3o que o governador Wanderlei Barbosa defendeu bastante&#8221;, refor\u00e7ou o ministro Renan Filho.&nbsp;<\/p>\n\n\n\n<p>O governador Wanderlei Barbosa destacou que o asfaltamento do trecho p\u00f5e fim a anos de espera. &#8220;Agradecemos ao ministro por atender \u00e0s nossas solicita\u00e7\u00f5es para realiza\u00e7\u00e3o dessa obra t\u00e3o esperada&#8221;, concluiu.&nbsp;<\/p>\n\n\n\n<p><strong>Cronograma<\/strong><\/p>\n\n\n\n<p>O contrato de concess\u00e3o prev\u00ea a duplica\u00e7\u00e3o de 622 km de rodovias, com 57% a serem conclu\u00eddos at\u00e9 o 10\u00b0 ano, totalizando um investimento de R$ 7,8 bilh\u00f5es em obras, al\u00e9m de R$ 6,2 bilh\u00f5es em custos operacionais. No Tocantins, est\u00e1 prevista a duplica\u00e7\u00e3o de 173,98 km, enquanto em Goi\u00e1s, at\u00e9 o final do 4\u00b0 ano de concess\u00e3o, ser\u00e3o duplicados 53,44 km, contemplando cidades como Urua\u00e7u, Campinorte, Rialma e Rian\u00e1polis. Ao final do contrato, 448,54 km de rodovias estar\u00e3o duplicadas no estado de Goi\u00e1s.<\/p>\n","protected":false},"excerpt":{"rendered":"<p>Trecho conta com 8 km de duplica\u00e7\u00e3o e um investimento de R$ 40,5 milh\u00f5es&nbsp; Jarbas Coutinho\/Governo do Tocantins O governador do Tocantins, Wanderlei Barbosa, ao lado do ministro dos Transportes, Renan Filho; da primeira-dama e secret\u00e1ria extraordin\u00e1ria de Participa\u00e7\u00f5es Sociais, Karynne Sotero, e de outras autoridades, participou nesta quinta-feira, 1\u00b0 de agosto, da inaugura\u00e7\u00e3o dos &hellip;<\/p>\n","protected":false},"author":5,"featured_media":8159,"comment_status":"open","ping_status":"open","sticky":false,"template":"","format":"standard","meta":{"footnotes":""},"categories":[1],"tags":[],"class_list":["post-8156","post","type-post","status-publish","format-standard","has-post-thumbnail","","category-sem-categoria"],"_links":{"self":[{"href":"https:\/\/focotocantinense.com.br\/index.php?rest_route=\/wp\/v2\/posts\/8156","targetHints":{"allow":["GET"]}}],"collection":[{"href":"https:\/\/focotocantinense.com.br\/index.php?rest_route=\/wp\/v2\/posts"}],"about":[{"href":"https:\/\/focotocantinense.com.br\/index.php?rest_route=\/wp\/v2\/types\/post"}],"author":[{"embeddable":true,"href":"https:\/\/focotocantinense.com.br\/index.php?rest_route=\/wp\/v2\/users\/5"}],"replies":[{"embeddable":true,"href":"https:\/\/focotocantinense.com.br\/index.php?rest_route=%2Fwp%2Fv2%2Fcomments&post=8156"}],"version-history":[{"count":1,"href":"https:\/\/focotocantinense.com.br\/index.php?rest_route=\/wp\/v2\/posts\/8156\/revisions"}],"predecessor-version":[{"id":8160,"href":"https:\/\/focotocantinense.com.br\/index.php?rest_route=\/wp\/v2\/posts\/8156\/revisions\/8160"}],"wp:featuredmedia":[{"embeddable":true,"href":"https:\/\/focotocantinense.com.br\/index.php?rest_route=\/wp\/v2\/media\/8159"}],"wp:attachment":[{"href":"https:\/\/focotocantinense.com.br\/index.php?rest_route=%2Fwp%2Fv2%2Fmedia&parent=8156"}],"wp:term":[{"taxonomy":"category","embeddable":true,"href":"https:\/\/focotocantinense.com.br\/index.php?rest_route=%2Fwp%2Fv2%2Fcategories&post=8156"},{"taxonomy":"post_tag","embeddable":true,"href":"https:\/\/focotocantinense.com.br\/index.php?rest_route=%2Fwp%2Fv2%2Ftags&post=8156"}],"curies":[{"name":"wp","href":"https:\/\/api.w.org\/{rel}","templated":true}]}}