{"id":8150,"date":"2024-08-01T17:40:23","date_gmt":"2024-08-01T20:40:23","guid":{"rendered":"https:\/\/focotocantinense.com.br\/?p=8150"},"modified":"2024-08-01T17:42:57","modified_gmt":"2024-08-01T20:42:57","slug":"julia-dpaula-e-nubio-brito-preparam-exp","status":"publish","type":"post","link":"https:\/\/focotocantinense.com.br\/?p=8150","title":{"rendered":"J\u00falia d&#8217;Paula e N\u00fabio Brito preparam exposi\u00e7\u00e3o com tem\u00e1tica sobre o cerrado"},"content":{"rendered":"\n<p>No pr\u00f3ximo dia 8 de agosto, \u00e0s 19 horas, a exposi\u00e7\u00e3o \u201cSalve o Cerrado\u201d ser\u00e1 aberta ao p\u00fablico, na Galeria NILA &#8211; N\u00facleo Integrado de Literatura e Arte do Espa\u00e7o Cultural Jos\u00e9 Gomes Sobrinho \u2013 Funda\u00e7\u00e3o Cultural de Palmas.<\/p>\n\n\n\n<p>Os artistas Julia d\u00b4Paula e N\u00fabio Brito, se uniram para levar ao p\u00fablico uma produ\u00e7\u00e3o art\u00edstica voltada para uma reflex\u00e3o sobre o meio ambiente, a sociedade e o bioma Cerrado. A exposi\u00e7\u00e3o recebe a curadoria da Artista Visual e Mestre em Comunica\u00e7\u00e3o e Sociedade Luara Aquino.<\/p>\n\n\n\n<p>O projeto da exposi\u00e7\u00e3o de pintura em \u00f3leo sobre tela transmite express\u00f5es que fazem alus\u00e3o a fauna e a flora, entre animais, frutos e flores, as cores e pinceladas nos faz um convite para conhecer a diversidade e riquezas naturais que comp\u00f5e o cerrado brasileiro.<\/p>\n\n\n\n<p>\u201cSalve o Cerrado\u201d \u00e9 um alerta e um apelo contra todas as a\u00e7\u00f5es que sufocam as vidas no cerrado, \u00e0 sua biodiversidade e em favor de a\u00e7\u00f5es de preserva\u00e7\u00e3o e conserva\u00e7\u00e3o de esp\u00e9cies em risco de extin\u00e7\u00e3o.<\/p>\n\n\n\n<figure class=\"wp-block-image size-large is-resized\"><img loading=\"lazy\" decoding=\"async\" width=\"1024\" height=\"624\" src=\"https:\/\/focotocantinense.com.br\/wp-content\/uploads\/2024\/08\/5be9084e-2261-4621-9817-2a356b681e91-1024x624.jpg\" alt=\"\" class=\"wp-image-8152\" style=\"width:342px;height:auto\" srcset=\"https:\/\/focotocantinense.com.br\/wp-content\/uploads\/2024\/08\/5be9084e-2261-4621-9817-2a356b681e91-1024x624.jpg 1024w, https:\/\/focotocantinense.com.br\/wp-content\/uploads\/2024\/08\/5be9084e-2261-4621-9817-2a356b681e91-300x183.jpg 300w, https:\/\/focotocantinense.com.br\/wp-content\/uploads\/2024\/08\/5be9084e-2261-4621-9817-2a356b681e91-768x468.jpg 768w, https:\/\/focotocantinense.com.br\/wp-content\/uploads\/2024\/08\/5be9084e-2261-4621-9817-2a356b681e91.jpg 1280w\" sizes=\"auto, (max-width: 1024px) 100vw, 1024px\" \/><\/figure>\n\n\n\n<p><\/p>\n\n\n\n<figure class=\"wp-block-image size-full\"><img loading=\"lazy\" decoding=\"async\" width=\"1024\" height=\"536\" src=\"https:\/\/focotocantinense.com.br\/wp-content\/uploads\/2024\/08\/BANNER-VINICIUS.png\" alt=\"\" class=\"wp-image-8151\" srcset=\"https:\/\/focotocantinense.com.br\/wp-content\/uploads\/2024\/08\/BANNER-VINICIUS.png 1024w, https:\/\/focotocantinense.com.br\/wp-content\/uploads\/2024\/08\/BANNER-VINICIUS-300x157.png 300w, https:\/\/focotocantinense.com.br\/wp-content\/uploads\/2024\/08\/BANNER-VINICIUS-768x402.png 768w\" sizes=\"auto, (max-width: 1024px) 100vw, 1024px\" \/><\/figure>\n","protected":false},"excerpt":{"rendered":"<p>No pr\u00f3ximo dia 8 de agosto, \u00e0s 19 horas, a exposi\u00e7\u00e3o \u201cSalve o Cerrado\u201d ser\u00e1 aberta ao p\u00fablico, na Galeria NILA &#8211; N\u00facleo Integrado de Literatura e Arte do Espa\u00e7o Cultural Jos\u00e9 Gomes Sobrinho \u2013 Funda\u00e7\u00e3o Cultural de Palmas. Os artistas Julia d\u00b4Paula e N\u00fabio Brito, se uniram para levar ao p\u00fablico uma produ\u00e7\u00e3o art\u00edstica &hellip;<\/p>\n","protected":false},"author":5,"featured_media":8152,"comment_status":"open","ping_status":"open","sticky":false,"template":"","format":"standard","meta":{"footnotes":""},"categories":[1],"tags":[],"class_list":["post-8150","post","type-post","status-publish","format-standard","has-post-thumbnail","","category-sem-categoria"],"_links":{"self":[{"href":"https:\/\/focotocantinense.com.br\/index.php?rest_route=\/wp\/v2\/posts\/8150","targetHints":{"allow":["GET"]}}],"collection":[{"href":"https:\/\/focotocantinense.com.br\/index.php?rest_route=\/wp\/v2\/posts"}],"about":[{"href":"https:\/\/focotocantinense.com.br\/index.php?rest_route=\/wp\/v2\/types\/post"}],"author":[{"embeddable":true,"href":"https:\/\/focotocantinense.com.br\/index.php?rest_route=\/wp\/v2\/users\/5"}],"replies":[{"embeddable":true,"href":"https:\/\/focotocantinense.com.br\/index.php?rest_route=%2Fwp%2Fv2%2Fcomments&post=8150"}],"version-history":[{"count":3,"href":"https:\/\/focotocantinense.com.br\/index.php?rest_route=\/wp\/v2\/posts\/8150\/revisions"}],"predecessor-version":[{"id":8155,"href":"https:\/\/focotocantinense.com.br\/index.php?rest_route=\/wp\/v2\/posts\/8150\/revisions\/8155"}],"wp:featuredmedia":[{"embeddable":true,"href":"https:\/\/focotocantinense.com.br\/index.php?rest_route=\/wp\/v2\/media\/8152"}],"wp:attachment":[{"href":"https:\/\/focotocantinense.com.br\/index.php?rest_route=%2Fwp%2Fv2%2Fmedia&parent=8150"}],"wp:term":[{"taxonomy":"category","embeddable":true,"href":"https:\/\/focotocantinense.com.br\/index.php?rest_route=%2Fwp%2Fv2%2Fcategories&post=8150"},{"taxonomy":"post_tag","embeddable":true,"href":"https:\/\/focotocantinense.com.br\/index.php?rest_route=%2Fwp%2Fv2%2Ftags&post=8150"}],"curies":[{"name":"wp","href":"https:\/\/api.w.org\/{rel}","templated":true}]}}