{"id":8143,"date":"2024-07-31T17:31:00","date_gmt":"2024-07-31T20:31:00","guid":{"rendered":"https:\/\/focotocantinense.com.br\/?p=8143"},"modified":"2024-07-31T17:32:36","modified_gmt":"2024-07-31T20:32:36","slug":"josi-nunes-anuncia-adailton-fonseca-como-pre-candidato-a-vice-prefeito-de-gurupi","status":"publish","type":"post","link":"https:\/\/focotocantinense.com.br\/?p=8143","title":{"rendered":"Josi Nunes anuncia Adailton Fonseca como pr\u00e9-candidato a vice-prefeito de Gurupi"},"content":{"rendered":"\n<p><em>A prefeita de Gurupi e candidata \u00e0 reelei\u00e7\u00e3o, Josi Nunes (UB), anunciou nesta quarta-feira, 31, o empres\u00e1rio Adailton Fonseca como pr\u00e9-candidato a vice-prefeito em sua chapa. &nbsp;Fonseca integra o Partido Liberal (PL) e chega com a chancela do senador e presidente do partido no Tocantins, Eduardo Gomes.<\/em><\/p>\n\n\n\n<p>O an\u00fancio aconteceu em uma reuni\u00e3o com a presen\u00e7a dos presidentes dos partidos que comp\u00f5em o grupo pol\u00edtico da prefeita Josi Nunes. Durante o encontro, a prefeita ressaltou a import\u00e2ncia de ter ao seu lado algu\u00e9m comprometido com o desenvolvimento de Gurupi.&nbsp;<em>\u201cEscolhemos Adailton Fonseca porque acreditamos no seu potencial e na sua dedica\u00e7\u00e3o \u00e0 nossa cidade. Ele \u00e9 um empres\u00e1rio respeitado, com uma trajet\u00f3ria de sucesso, e tenho certeza de que juntos faremos Gurupi crescer ainda mais\u201d,<\/em>&nbsp;declarou.<\/p>\n\n\n\n<p>Fonseca declarou que est\u00e1 \u00e0 disposi\u00e7\u00e3o de todos os segmentos, especialmente o empresarial, para ajudar o munic\u00edpio a seguir trilhando o caminho de prosperidade sob o comando de Josi Nunes.&nbsp;<em>\u201cViemos apoiar em fun\u00e7\u00e3o do que entendemos ser o melhor para a cidade. Josi mostrou para mim, e para muita gente, que herdou a sensibilidade da m\u00e3e e o empreendedorismo do pai\u201d,&nbsp;<\/em>completou o empres\u00e1rio.<\/p>\n\n\n\n<figure class=\"wp-block-image size-large is-resized\"><img loading=\"lazy\" decoding=\"async\" width=\"1024\" height=\"639\" src=\"https:\/\/focotocantinense.com.br\/wp-content\/uploads\/2024\/07\/Josi-Nunes-ao-lado-de-Adailton-Fonseca_lado-esquerdo_e-aliados-politicos_-1-1536x958-1-1024x639.jpg\" alt=\"\" class=\"wp-image-8145\" style=\"width:407px;height:auto\" srcset=\"https:\/\/focotocantinense.com.br\/wp-content\/uploads\/2024\/07\/Josi-Nunes-ao-lado-de-Adailton-Fonseca_lado-esquerdo_e-aliados-politicos_-1-1536x958-1-1024x639.jpg 1024w, https:\/\/focotocantinense.com.br\/wp-content\/uploads\/2024\/07\/Josi-Nunes-ao-lado-de-Adailton-Fonseca_lado-esquerdo_e-aliados-politicos_-1-1536x958-1-300x187.jpg 300w, https:\/\/focotocantinense.com.br\/wp-content\/uploads\/2024\/07\/Josi-Nunes-ao-lado-de-Adailton-Fonseca_lado-esquerdo_e-aliados-politicos_-1-1536x958-1-768x479.jpg 768w, https:\/\/focotocantinense.com.br\/wp-content\/uploads\/2024\/07\/Josi-Nunes-ao-lado-de-Adailton-Fonseca_lado-esquerdo_e-aliados-politicos_-1-1536x958-1.jpg 1536w\" sizes=\"auto, (max-width: 1024px) 100vw, 1024px\" \/><\/figure>\n\n\n\n<p><\/p>\n\n\n\n<p><strong><em>Quem \u00e9 Adailton Fonseca<\/em><\/strong><\/p>\n\n\n\n<p>&nbsp;Advogado por forma\u00e7\u00e3o e empres\u00e1rio por voca\u00e7\u00e3o, Adailton Fonseca mora em Gurupi desde a d\u00e9cada de 1980, quando chegou, ainda crian\u00e7a, com a fam\u00edlia, vindos de Guara\u00ed. \u00c9 casado com a empres\u00e1ria Claudia Vicenzotti e tem dois filhos, Lucas, de 16 anos, e Pedro, de 3 anos.<\/p>\n\n\n\n<p>Adailton come\u00e7ou a empreender em Gurupi desde muito jovem. Por ter postura de lideran\u00e7a e por buscar estar sempre \u00e0 frente das demandas do meio empresarial, foi eleito para a presid\u00eancia da C\u00e2mara de Dirigentes Lojistas e da Associa\u00e7\u00e3o Comercial e Industrial de Gurupi.<\/p>\n\n\n\n<figure class=\"wp-block-image size-full\"><img loading=\"lazy\" decoding=\"async\" width=\"1024\" height=\"536\" src=\"https:\/\/focotocantinense.com.br\/wp-content\/uploads\/2024\/07\/BANNER-VINICIUS-7.png\" alt=\"\" class=\"wp-image-8144\" srcset=\"https:\/\/focotocantinense.com.br\/wp-content\/uploads\/2024\/07\/BANNER-VINICIUS-7.png 1024w, https:\/\/focotocantinense.com.br\/wp-content\/uploads\/2024\/07\/BANNER-VINICIUS-7-300x157.png 300w, https:\/\/focotocantinense.com.br\/wp-content\/uploads\/2024\/07\/BANNER-VINICIUS-7-768x402.png 768w\" sizes=\"auto, (max-width: 1024px) 100vw, 1024px\" \/><\/figure>\n","protected":false},"excerpt":{"rendered":"<p>A prefeita de Gurupi e candidata \u00e0 reelei\u00e7\u00e3o, Josi Nunes (UB), anunciou nesta quarta-feira, 31, o empres\u00e1rio Adailton Fonseca como pr\u00e9-candidato a vice-prefeito em sua chapa. &nbsp;Fonseca integra o Partido Liberal (PL) e chega com a chancela do senador e presidente do partido no Tocantins, Eduardo Gomes. O an\u00fancio aconteceu em uma reuni\u00e3o com a &hellip;<\/p>\n","protected":false},"author":5,"featured_media":8145,"comment_status":"open","ping_status":"open","sticky":false,"template":"","format":"standard","meta":{"footnotes":""},"categories":[1],"tags":[],"class_list":["post-8143","post","type-post","status-publish","format-standard","has-post-thumbnail","","category-sem-categoria"],"_links":{"self":[{"href":"https:\/\/focotocantinense.com.br\/index.php?rest_route=\/wp\/v2\/posts\/8143","targetHints":{"allow":["GET"]}}],"collection":[{"href":"https:\/\/focotocantinense.com.br\/index.php?rest_route=\/wp\/v2\/posts"}],"about":[{"href":"https:\/\/focotocantinense.com.br\/index.php?rest_route=\/wp\/v2\/types\/post"}],"author":[{"embeddable":true,"href":"https:\/\/focotocantinense.com.br\/index.php?rest_route=\/wp\/v2\/users\/5"}],"replies":[{"embeddable":true,"href":"https:\/\/focotocantinense.com.br\/index.php?rest_route=%2Fwp%2Fv2%2Fcomments&post=8143"}],"version-history":[{"count":4,"href":"https:\/\/focotocantinense.com.br\/index.php?rest_route=\/wp\/v2\/posts\/8143\/revisions"}],"predecessor-version":[{"id":8149,"href":"https:\/\/focotocantinense.com.br\/index.php?rest_route=\/wp\/v2\/posts\/8143\/revisions\/8149"}],"wp:featuredmedia":[{"embeddable":true,"href":"https:\/\/focotocantinense.com.br\/index.php?rest_route=\/wp\/v2\/media\/8145"}],"wp:attachment":[{"href":"https:\/\/focotocantinense.com.br\/index.php?rest_route=%2Fwp%2Fv2%2Fmedia&parent=8143"}],"wp:term":[{"taxonomy":"category","embeddable":true,"href":"https:\/\/focotocantinense.com.br\/index.php?rest_route=%2Fwp%2Fv2%2Fcategories&post=8143"},{"taxonomy":"post_tag","embeddable":true,"href":"https:\/\/focotocantinense.com.br\/index.php?rest_route=%2Fwp%2Fv2%2Ftags&post=8143"}],"curies":[{"name":"wp","href":"https:\/\/api.w.org\/{rel}","templated":true}]}}