{"id":8138,"date":"2024-07-30T14:51:57","date_gmt":"2024-07-30T17:51:57","guid":{"rendered":"https:\/\/focotocantinense.com.br\/?p=8138"},"modified":"2024-07-30T14:51:57","modified_gmt":"2024-07-30T17:51:57","slug":"em-novo-livro-o-tocantinense-adamor-neves-se-envereda-pela-a-origem-mental-da-doenca","status":"publish","type":"post","link":"https:\/\/focotocantinense.com.br\/?p=8138","title":{"rendered":"Em novo livro, o tocantinense Adamor Neves se envereda pela a origem mental da doen\u00e7a"},"content":{"rendered":"\n<p><\/p>\n\n\n\n<p><strong><em>Por Zacarias Martins <\/em><\/strong><\/p>\n\n\n\n<p>Publica\u00e7\u00e3o da Editora Veloso, o livro &nbsp;\u201c<strong><em>O corpo \u00e9 proje\u00e7\u00e3o da mente: origem mental da doen\u00e7a<\/em><\/strong>\u201d, de autoria do escritor e especialista em psicoterapia, &nbsp;Jos\u00e9 Adamor Dias Neves, &nbsp;ser\u00e1 lan\u00e7ado no s\u00e1bado, dia 3 de agosto, \u00e0s&nbsp; 19h30,&nbsp; no Audit\u00f3rio da APAE, em Aragua\u00edna. O evento conta com o apoio da Acalanto &#8211; Academia de Letras de Aragua\u00edna.<\/p>\n\n\n\n<p><strong>Sobre a gera\u00e7\u00e3o da doen\u00e7a<\/strong><\/p>\n\n\n\n<p>O jornalista &nbsp;Ramiro Greco Solha, que atua no &nbsp;jornal&nbsp;<em>O Estado de Minas<\/em>, destaca no pref\u00e1cio da obra que Adamor Neves &nbsp;demonstra que, no geral, toda doen\u00e7a \u00e9 gerada na mente, antes de se instalar no corpo f\u00edsico.<\/p>\n\n\n\n<figure class=\"wp-block-image size-full\"><img loading=\"lazy\" decoding=\"async\" width=\"386\" height=\"567\" src=\"https:\/\/focotocantinense.com.br\/wp-content\/uploads\/2024\/07\/6c75b45e-3dfc-4361-a72e-027dc236c729.jpg\" alt=\"\" class=\"wp-image-8141\" srcset=\"https:\/\/focotocantinense.com.br\/wp-content\/uploads\/2024\/07\/6c75b45e-3dfc-4361-a72e-027dc236c729.jpg 386w, https:\/\/focotocantinense.com.br\/wp-content\/uploads\/2024\/07\/6c75b45e-3dfc-4361-a72e-027dc236c729-204x300.jpg 204w\" sizes=\"auto, (max-width: 386px) 100vw, 386px\" \/><\/figure>\n\n\n\n<p><\/p>\n\n\n\n<p><strong>Sa\u00fade mental<\/strong><\/p>\n\n\n\n<p>\u201cO autor tamb\u00e9m enfatiza a import\u00e2ncia de cuidar da sa\u00fade mental, a fim de se preservar a sa\u00fade f\u00edsica, indicando, para tanto, v\u00e1rios elementos que nos permitem cuidar melhor da sa\u00fade. Melhor ainda \u00e9 constatar que o Professor Adamor pratica tudo o que descreve no livro, estando atuante, como psicoterapeuta vibrante, como m\u00fasico, com um corpo jovem e saud\u00e1vel, aos 80 anos de vida\u201d, assevera o prefaciador.<\/p>\n\n\n\n<p><strong>Credenciais do autor<\/strong><\/p>\n\n\n\n<p>Al\u00e9m de escritor, Adamor Neves possui gradua\u00e7\u00e3o em Filosofia, com \u00eanfase em Psicologia, pela Universidade Federal de Minas Gerais (1972), especializa\u00e7\u00e3o e mestrado em Administra\u00e7\u00e3o, \u00e1rea de Marketing, pela Universidade Federal de Minas Gerais (1977), e doutorado em Gest\u00e3o e Neg\u00f3cios \u2013 University of Stirling, Esc\u00f3cia (1988). Atualmente se dedica ao canto coral e avalia periodicamente artigos cient\u00edficos. \u00c9 professor titular aposentado da Universidade Federal de Uberl\u00e2ndia. Tem experi\u00eancia na \u00e1rea de Administra\u00e7\u00e3o, com \u00eanfase em Marketing e Gest\u00e3o de Pessoas, atuando principalmente nas seguintes \u00e1reas: estrat\u00e9gia de marketing, marketing de servi\u00e7os, marketing interno, responsabilidade social e estrat\u00e9gia. Al\u00e9m&nbsp; de \u201c<em>O corpo \u00e9 proje\u00e7\u00e3o da mente: origem mental da doen\u00e7a<\/em>\u201d, \u00e9 autor dos livros &nbsp;\u201c<em>Casos de trabalhosa e Arredores<\/em>\u201d, \u201c<em>Fam\u00edlia Neves \u2013 Hist\u00f3rias e costumes<\/em>\u201d e \u201c<em>Versos e can\u00e7\u00f5es<\/em>\u201c, todos publicados pela editora Veloso.<\/p>\n\n\n\n<figure class=\"wp-block-image size-full\"><img loading=\"lazy\" decoding=\"async\" width=\"1024\" height=\"536\" src=\"https:\/\/focotocantinense.com.br\/wp-content\/uploads\/2024\/07\/BANNER-VINICIUS-6.png\" alt=\"\" class=\"wp-image-8140\" srcset=\"https:\/\/focotocantinense.com.br\/wp-content\/uploads\/2024\/07\/BANNER-VINICIUS-6.png 1024w, https:\/\/focotocantinense.com.br\/wp-content\/uploads\/2024\/07\/BANNER-VINICIUS-6-300x157.png 300w, https:\/\/focotocantinense.com.br\/wp-content\/uploads\/2024\/07\/BANNER-VINICIUS-6-768x402.png 768w\" sizes=\"auto, (max-width: 1024px) 100vw, 1024px\" \/><\/figure>\n","protected":false},"excerpt":{"rendered":"<p>Por Zacarias Martins Publica\u00e7\u00e3o da Editora Veloso, o livro &nbsp;\u201cO corpo \u00e9 proje\u00e7\u00e3o da mente: origem mental da doen\u00e7a\u201d, de autoria do escritor e especialista em psicoterapia, &nbsp;Jos\u00e9 Adamor Dias Neves, &nbsp;ser\u00e1 lan\u00e7ado no s\u00e1bado, dia 3 de agosto, \u00e0s&nbsp; 19h30,&nbsp; no Audit\u00f3rio da APAE, em Aragua\u00edna. O evento conta com o apoio da Acalanto &hellip;<\/p>\n","protected":false},"author":5,"featured_media":8139,"comment_status":"open","ping_status":"open","sticky":false,"template":"","format":"standard","meta":{"footnotes":""},"categories":[104],"tags":[],"class_list":["post-8138","post","type-post","status-publish","format-standard","has-post-thumbnail","","category-cultura"],"_links":{"self":[{"href":"https:\/\/focotocantinense.com.br\/index.php?rest_route=\/wp\/v2\/posts\/8138","targetHints":{"allow":["GET"]}}],"collection":[{"href":"https:\/\/focotocantinense.com.br\/index.php?rest_route=\/wp\/v2\/posts"}],"about":[{"href":"https:\/\/focotocantinense.com.br\/index.php?rest_route=\/wp\/v2\/types\/post"}],"author":[{"embeddable":true,"href":"https:\/\/focotocantinense.com.br\/index.php?rest_route=\/wp\/v2\/users\/5"}],"replies":[{"embeddable":true,"href":"https:\/\/focotocantinense.com.br\/index.php?rest_route=%2Fwp%2Fv2%2Fcomments&post=8138"}],"version-history":[{"count":1,"href":"https:\/\/focotocantinense.com.br\/index.php?rest_route=\/wp\/v2\/posts\/8138\/revisions"}],"predecessor-version":[{"id":8142,"href":"https:\/\/focotocantinense.com.br\/index.php?rest_route=\/wp\/v2\/posts\/8138\/revisions\/8142"}],"wp:featuredmedia":[{"embeddable":true,"href":"https:\/\/focotocantinense.com.br\/index.php?rest_route=\/wp\/v2\/media\/8139"}],"wp:attachment":[{"href":"https:\/\/focotocantinense.com.br\/index.php?rest_route=%2Fwp%2Fv2%2Fmedia&parent=8138"}],"wp:term":[{"taxonomy":"category","embeddable":true,"href":"https:\/\/focotocantinense.com.br\/index.php?rest_route=%2Fwp%2Fv2%2Fcategories&post=8138"},{"taxonomy":"post_tag","embeddable":true,"href":"https:\/\/focotocantinense.com.br\/index.php?rest_route=%2Fwp%2Fv2%2Ftags&post=8138"}],"curies":[{"name":"wp","href":"https:\/\/api.w.org\/{rel}","templated":true}]}}