{"id":813,"date":"2021-02-27T18:18:53","date_gmt":"2021-02-27T21:18:53","guid":{"rendered":"http:\/\/focotocantinense.com.br\/?p=813"},"modified":"2021-02-27T18:22:25","modified_gmt":"2021-02-27T21:22:25","slug":"em-encontro-com-o-senador-eduardo-gomes-prefeito-de-tocantinia-busca-apoio-para-asfaltamento-de-estradas-que-cortam-o-municipio","status":"publish","type":"post","link":"https:\/\/focotocantinense.com.br\/?p=813","title":{"rendered":"Em encontro com o senador Eduardo Gomes, prefeito de Tocant\u00ednia busca apoio para asfaltamento de estradas que cortam o munic\u00edpio"},"content":{"rendered":"\n<figure class=\"wp-block-image\"><img decoding=\"async\" src=\"https:\/\/portaldoamaral.com.br\/wp-content\/uploads\/2021\/02\/Tocantinia.jpeg\" alt=\"\"\/><\/figure>\n\n\n\n<p><strong><em>Por Zacarias Martins<\/em><\/strong><\/p>\n\n\n\n<p>Nesta semana, o prefeito de Tocant\u00ednia, Manoel Silvino (SD), acompanhado pelo deputado estadual Vilmar de Oliveira, (SD), esteve em Bras\u00edlia, onde se encontrou com parlamentares da bancada tocantinense no Congresso Nacional, em busca de garantir recurso financeiros para importantes obras no munic\u00edpio.<\/p>\n\n\n\n<p>No encontro que manteve com o l\u00edder do governo no Congresso Nacional, senador Eduardo Gomes (MDB), o prefeito Manuel Silvino solicitou o empenho do parlamentar para que sejam envidados esfor\u00e7os junto ao Poder Executivo Federal, a fim de serem declaradas como de utilidade p\u00fablica para fins de pavimenta\u00e7\u00e3o asf\u00e1ltica, o trecho de 7 km da estrada TO-010, entre Lajeado e Tocant\u00ednia, que passa dentro da \u00e1rea da reserva ind\u00edgena Funil; bem como, no trecho de 33 km que liga Tocant\u00ednia at\u00e9 a divisa com o munic\u00edpio de Pedro Afonso, cortando a reserva ind\u00edgena Xerente, al\u00e9m do trecho de 42 Km, da TO-245, do entroncamento da TO \u2013 010 at\u00e9 a cidade de Rio Sono, tamb\u00e9m passando pela reserva ind\u00edgena Xerente.<\/p>\n\n\n\n<p>\u201cA exist\u00eancia de trecho sem asfalto nessa rodovia dificulta o acesso aos munic\u00edpios circunvizinhos e, por consequ\u00eancia, impede o desenvolvimento de toda a regi\u00e3o\u201d, afirmou o prefeito Silvino, ressaltando que n\u00e3o obstante as diversas solicita\u00e7\u00f5es aos poderes constitu\u00eddos, o pleito nunca foi atendido em raz\u00e3o da intransig\u00eancia da Funai, que simplesmente solicitou que seja alterado o tra\u00e7ado da rodovia, a fim de que n\u00e3o incida em \u00e1reas ind\u00edgenas.<\/p>\n\n\n\n<p><strong>\u201cDesconhecimento\u201d<\/strong><\/p>\n\n\n\n<p>\u201cOcorre que, talvez por desconhecimento geogr\u00e1fico da Funai, inexiste a possibilidade de altera\u00e7\u00e3o do trajeto da TO-010, tendo em vista que o munic\u00edpio de Tocant\u00ednia possui toda a sua circunscri\u00e7\u00e3o margeada por reserva ind\u00edgenas, sendo, portanto, impratic\u00e1vel a altera\u00e7\u00e3o do tra\u00e7ado para que n\u00e3o incida sobre terras ind\u00edgenas\u201d, esclareceu Manoel Silvino.<\/p>\n\n\n\n<p>O prefeito de Tocant\u00ednia ainda lembrou que o Supremo Tribunal Federal ao concluir o julgamento em que manteve a demarca\u00e7\u00e3o em faixa cont\u00ednua da terra ind\u00edgena Raposa Serra do Sol, em Roraima, estabeleceu que as \u00e1reas ind\u00edgenas s\u00e3o inalien\u00e1veis e indispon\u00edveis, no entanto, nada impede que sejam realizadas benfeitorias de infraestrutura, dentre elas, a instala\u00e7\u00e3o de redes de comunica\u00e7\u00e3o, estradas e vias de transportes<\/p>\n\n\n\n<p><strong>Aprova\u00e7\u00e3o da comunidade ind\u00edgena<\/strong><\/p>\n\n\n\n<p>Manuel Silvino ainda argumentou que a comunidade ind\u00edgena, atualmente, n\u00e3o se op\u00f5e ao asfaltamento desses trechos da estrada de terra, uma vez que tal benfeitoria, tamb\u00e9m ir\u00e1 beneficiar a popula\u00e7\u00e3o ind\u00edgena Xerente, conforme decis\u00e3o tomada em audi\u00eancia p\u00fablica realizada pela Assembleia Legislativa do Tocantins, em 10 de julho de 2019.<\/p>\n\n\n\n<p>Por fim, o prefeito Manuel Silvino destacou que o munic\u00edpio de Tocant\u00ednia fica apenas a 75 quil\u00f4metros da capital, Palmas, \u201cno entanto, o pleno desenvolvimento e o incremento das pol\u00edticas p\u00fablicas encontram-se obstadas em raz\u00e3o da dificuldade de acesso face a exist\u00eancia dos trechos de estradas sem pavimenta\u00e7\u00e3o, as quais, chegam a ficar intransit\u00e1veis em determinada \u00e9poca do ano\u201d.<\/p>\n\n\n\n<p>O pleito de Manoel Silvino tamb\u00e9m foi subscrito pelos prefeito d Pedro Afonso, Joaquim Martins Pinheiro Filho, prefeito de Campos Lindos, Romil, Iakov Kalungin, e pelo prefeito de Rio Sono, Itair Gomes Martins.<\/p>\n\n\n\n<p><strong>Apoio<\/strong><br>Em resposta ao prefeito Manuel Silvino, Eduardo Gomes se comprometeu a buscar o apoio de toda a bancada tocantinense no Congresso Nacional, do governo federal, especialmente, dos \u00f3rg\u00e3os de controle e dos \u00f3rg\u00e3os do Estado, para que se encontre uma solu\u00e7\u00e3o definitiva para essa quest\u00e3o. Tamb\u00e9m garantiu apoio na busca de recursos or\u00e7ament\u00e1rios que venham viabilizar a conclus\u00e3o da pavimenta\u00e7\u00e3o asf\u00e1ltica de toda TO-010.<\/p>\n","protected":false},"excerpt":{"rendered":"<p>Por Zacarias Martins Nesta semana, o prefeito de Tocant\u00ednia, Manoel Silvino (SD), acompanhado pelo deputado estadual Vilmar de Oliveira, (SD), esteve em Bras\u00edlia, onde se encontrou com parlamentares da bancada tocantinense no Congresso Nacional, em busca de garantir recurso financeiros para importantes obras no munic\u00edpio. No encontro que manteve com o l\u00edder do governo no &hellip;<\/p>\n","protected":false},"author":5,"featured_media":816,"comment_status":"open","ping_status":"open","sticky":true,"template":"","format":"standard","meta":{"footnotes":""},"categories":[1,78],"tags":[],"class_list":["post-813","post","type-post","status-publish","format-standard","has-post-thumbnail","","category-sem-categoria","category-tocantinia"],"_links":{"self":[{"href":"https:\/\/focotocantinense.com.br\/index.php?rest_route=\/wp\/v2\/posts\/813","targetHints":{"allow":["GET"]}}],"collection":[{"href":"https:\/\/focotocantinense.com.br\/index.php?rest_route=\/wp\/v2\/posts"}],"about":[{"href":"https:\/\/focotocantinense.com.br\/index.php?rest_route=\/wp\/v2\/types\/post"}],"author":[{"embeddable":true,"href":"https:\/\/focotocantinense.com.br\/index.php?rest_route=\/wp\/v2\/users\/5"}],"replies":[{"embeddable":true,"href":"https:\/\/focotocantinense.com.br\/index.php?rest_route=%2Fwp%2Fv2%2Fcomments&post=813"}],"version-history":[{"count":1,"href":"https:\/\/focotocantinense.com.br\/index.php?rest_route=\/wp\/v2\/posts\/813\/revisions"}],"predecessor-version":[{"id":814,"href":"https:\/\/focotocantinense.com.br\/index.php?rest_route=\/wp\/v2\/posts\/813\/revisions\/814"}],"wp:featuredmedia":[{"embeddable":true,"href":"https:\/\/focotocantinense.com.br\/index.php?rest_route=\/wp\/v2\/media\/816"}],"wp:attachment":[{"href":"https:\/\/focotocantinense.com.br\/index.php?rest_route=%2Fwp%2Fv2%2Fmedia&parent=813"}],"wp:term":[{"taxonomy":"category","embeddable":true,"href":"https:\/\/focotocantinense.com.br\/index.php?rest_route=%2Fwp%2Fv2%2Fcategories&post=813"},{"taxonomy":"post_tag","embeddable":true,"href":"https:\/\/focotocantinense.com.br\/index.php?rest_route=%2Fwp%2Fv2%2Ftags&post=813"}],"curies":[{"name":"wp","href":"https:\/\/api.w.org\/{rel}","templated":true}]}}