{"id":8129,"date":"2024-07-29T14:48:53","date_gmt":"2024-07-29T17:48:53","guid":{"rendered":"https:\/\/focotocantinense.com.br\/?p=8129"},"modified":"2024-07-29T15:01:05","modified_gmt":"2024-07-29T18:01:05","slug":"partido-progressistas-de-gurupi-confirma-convencao-em-edital-para-o-dia-05-de-agosto","status":"publish","type":"post","link":"https:\/\/focotocantinense.com.br\/?p=8129","title":{"rendered":"Partido Progressistas de Gurupi confirma conven\u00e7\u00e3o em edital para o dia 05 de agosto"},"content":{"rendered":"\n<p>O presidente municipal dos Progressistas em Gurupi Iran Fran\u00e7a confirma a conven\u00e7\u00e3o do PP juntamente com os partidos aliados ao grupo que apoia Eduardo Fortes para prefeito s\u00e3o eles PP, PDT, PSB, MDB E PSD.<\/p>\n\n\n\n<figure class=\"wp-block-image size-full is-resized\"><img loading=\"lazy\" decoding=\"async\" width=\"684\" height=\"938\" src=\"https:\/\/focotocantinense.com.br\/wp-content\/uploads\/2024\/07\/WhatsApp-Image-2024-07-29-at-13.49.15.jpeg\" alt=\"\" class=\"wp-image-8132\" style=\"width:322px;height:auto\" srcset=\"https:\/\/focotocantinense.com.br\/wp-content\/uploads\/2024\/07\/WhatsApp-Image-2024-07-29-at-13.49.15.jpeg 684w, https:\/\/focotocantinense.com.br\/wp-content\/uploads\/2024\/07\/WhatsApp-Image-2024-07-29-at-13.49.15-219x300.jpeg 219w\" sizes=\"auto, (max-width: 684px) 100vw, 684px\" \/><\/figure>\n\n\n\n<p>A conven\u00e7\u00e3o tem confirmada  a presen\u00e7a do deputado federal e presidente estadual dos progressistas Vicentinho J\u00fanior e outras lideran\u00e7as. <\/p>\n\n\n\n<p>O evento est\u00e1 marcado para iniciar as 17h e ser\u00e1 no CTG de Gurupi situado na avenida Goi\u00e1s. E nota oficial o presidente fez o convite:<\/p>\n\n\n\n<figure class=\"wp-block-image size-large is-resized\"><img loading=\"lazy\" decoding=\"async\" width=\"1024\" height=\"779\" src=\"https:\/\/focotocantinense.com.br\/wp-content\/uploads\/2024\/07\/foto-convencao-gurupi-1-1024x779.jpg\" alt=\"\" class=\"wp-image-8134\" style=\"width:710px;height:auto\" srcset=\"https:\/\/focotocantinense.com.br\/wp-content\/uploads\/2024\/07\/foto-convencao-gurupi-1-1024x779.jpg 1024w, https:\/\/focotocantinense.com.br\/wp-content\/uploads\/2024\/07\/foto-convencao-gurupi-1-300x228.jpg 300w, https:\/\/focotocantinense.com.br\/wp-content\/uploads\/2024\/07\/foto-convencao-gurupi-1-768x584.jpg 768w, https:\/\/focotocantinense.com.br\/wp-content\/uploads\/2024\/07\/foto-convencao-gurupi-1.jpg 1536w\" sizes=\"auto, (max-width: 1024px) 100vw, 1024px\" \/><\/figure>\n\n\n\n<p>O evento est\u00e1 marcado para iniciar as 17h  e ser\u00e1 no CTG de Gurupi situado na avenida Goi\u00e1s. E nota oficial o presidente fez o convite: <\/p>\n\n\n\n<p>&#8220;Venho agora at\u00e9 voc\u00eas cidad\u00e3s e cidad\u00e3os dessa importante cidade do estado do Tocantins trazer not\u00edcias de boas novas.<\/p>\n\n\n\n<p>Com oportunidades que a nossa Gurupi merece e tanto deseja!!!<\/p>\n\n\n\n<p>Estou presidente do Partido Progressistas e convido a todos para participar da nossa conven\u00e7\u00e3o que acontecer\u00e1 no dia 5 de agosto a partir das 17horas no CTG da Avenida Goi\u00e1s.<\/p>\n\n\n\n<p>Venha com a gente nesse grande movimento empunhar essa bandeira a favor da democracia, com respeito, f\u00e9 e esperan\u00e7a!!!<\/p>\n\n\n\n<p>Temos a certeza que Gurupi pode muito mais!<\/p>\n\n\n\n<p>Por isso, vamos juntos em busca de um novo tempo!<\/p>\n\n\n\n<p>Porque juntos somos mais FORTES!!!<\/p>\n\n\n\n<p>Meu muito obrigado&#8221;.<\/p>\n\n\n\n<figure class=\"wp-block-image size-large is-resized\"><img loading=\"lazy\" decoding=\"async\" width=\"708\" height=\"1024\" src=\"https:\/\/focotocantinense.com.br\/wp-content\/uploads\/2024\/07\/edital-pp-gurupi-okk-1-708x1024.jpg\" alt=\"\" class=\"wp-image-8133\" style=\"width:484px;height:auto\" srcset=\"https:\/\/focotocantinense.com.br\/wp-content\/uploads\/2024\/07\/edital-pp-gurupi-okk-1-708x1024.jpg 708w, https:\/\/focotocantinense.com.br\/wp-content\/uploads\/2024\/07\/edital-pp-gurupi-okk-1-207x300.jpg 207w, https:\/\/focotocantinense.com.br\/wp-content\/uploads\/2024\/07\/edital-pp-gurupi-okk-1-768x1112.jpg 768w, https:\/\/focotocantinense.com.br\/wp-content\/uploads\/2024\/07\/edital-pp-gurupi-okk-1.jpg 807w\" sizes=\"auto, (max-width: 708px) 100vw, 708px\" \/><\/figure>\n","protected":false},"excerpt":{"rendered":"<p>O presidente municipal dos Progressistas em Gurupi Iran Fran\u00e7a confirma a conven\u00e7\u00e3o do PP juntamente com os partidos aliados ao grupo que apoia Eduardo Fortes para prefeito s\u00e3o eles PP, PDT, PSB, MDB E PSD. A conven\u00e7\u00e3o tem confirmada a presen\u00e7a do deputado federal e presidente estadual dos progressistas Vicentinho J\u00fanior e outras lideran\u00e7as. O &hellip;<\/p>\n","protected":false},"author":5,"featured_media":8134,"comment_status":"open","ping_status":"open","sticky":false,"template":"","format":"standard","meta":{"footnotes":""},"categories":[1],"tags":[],"class_list":["post-8129","post","type-post","status-publish","format-standard","has-post-thumbnail","","category-sem-categoria"],"_links":{"self":[{"href":"https:\/\/focotocantinense.com.br\/index.php?rest_route=\/wp\/v2\/posts\/8129","targetHints":{"allow":["GET"]}}],"collection":[{"href":"https:\/\/focotocantinense.com.br\/index.php?rest_route=\/wp\/v2\/posts"}],"about":[{"href":"https:\/\/focotocantinense.com.br\/index.php?rest_route=\/wp\/v2\/types\/post"}],"author":[{"embeddable":true,"href":"https:\/\/focotocantinense.com.br\/index.php?rest_route=\/wp\/v2\/users\/5"}],"replies":[{"embeddable":true,"href":"https:\/\/focotocantinense.com.br\/index.php?rest_route=%2Fwp%2Fv2%2Fcomments&post=8129"}],"version-history":[{"count":3,"href":"https:\/\/focotocantinense.com.br\/index.php?rest_route=\/wp\/v2\/posts\/8129\/revisions"}],"predecessor-version":[{"id":8137,"href":"https:\/\/focotocantinense.com.br\/index.php?rest_route=\/wp\/v2\/posts\/8129\/revisions\/8137"}],"wp:featuredmedia":[{"embeddable":true,"href":"https:\/\/focotocantinense.com.br\/index.php?rest_route=\/wp\/v2\/media\/8134"}],"wp:attachment":[{"href":"https:\/\/focotocantinense.com.br\/index.php?rest_route=%2Fwp%2Fv2%2Fmedia&parent=8129"}],"wp:term":[{"taxonomy":"category","embeddable":true,"href":"https:\/\/focotocantinense.com.br\/index.php?rest_route=%2Fwp%2Fv2%2Fcategories&post=8129"},{"taxonomy":"post_tag","embeddable":true,"href":"https:\/\/focotocantinense.com.br\/index.php?rest_route=%2Fwp%2Fv2%2Ftags&post=8129"}],"curies":[{"name":"wp","href":"https:\/\/api.w.org\/{rel}","templated":true}]}}