{"id":8116,"date":"2024-07-29T11:42:55","date_gmt":"2024-07-29T14:42:55","guid":{"rendered":"https:\/\/focotocantinense.com.br\/?p=8116"},"modified":"2024-07-29T11:50:06","modified_gmt":"2024-07-29T14:50:06","slug":"porto-nacional-os-partidos-pp-pdt-podemos-pl-solidariedade-e-republicanos-lancam-editais-de-convocacao-para-as-convencoes-do-dia-05-de-agosto-a-partir-das-17h","status":"publish","type":"post","link":"https:\/\/focotocantinense.com.br\/?p=8116","title":{"rendered":"PORTO NACIONAL: Os partidos PP, PDT, PODEMOS, PL, SOLIDARIEDADE E REPUBLICANOS lan\u00e7am editais de convoca\u00e7\u00e3o para as Conven\u00e7\u00f5es do dia 05 de agosto a partir das 17h"},"content":{"rendered":"\n<p>EM PORTO NACIONAL PARTIDOS ALIADOS PP, PDT, PODEMOS, PL, SOLIDARIEDADE E REPUBLICANOS lan\u00e7am editais de convoca\u00e7\u00e3o para as Conven\u00e7\u00f5es do dia 05 de agosto a partir das 17h.<\/p>\n\n\n\n<p>EDITAL DE CONVOCA\u00c7\u00c3O PARTIDO SOLIDARIEDADE DE PORTO NACIONAL<\/p>\n\n\n\n<figure class=\"wp-block-image size-full\"><img loading=\"lazy\" decoding=\"async\" width=\"360\" height=\"486\" src=\"https:\/\/focotocantinense.com.br\/wp-content\/uploads\/2024\/07\/EDITAL-SOLIDARIEDADE-PORTO.jpg\" alt=\"\" class=\"wp-image-8118\" srcset=\"https:\/\/focotocantinense.com.br\/wp-content\/uploads\/2024\/07\/EDITAL-SOLIDARIEDADE-PORTO.jpg 360w, https:\/\/focotocantinense.com.br\/wp-content\/uploads\/2024\/07\/EDITAL-SOLIDARIEDADE-PORTO-222x300.jpg 222w\" sizes=\"auto, (max-width: 360px) 100vw, 360px\" \/><\/figure>\n\n\n\n<p>EDITAL DE CONVOCA\u00c7\u00c3O PARTIDO REPUBLICANDOS DE PORTO NACIONAL<\/p>\n\n\n\n<figure class=\"wp-block-image size-full\"><img loading=\"lazy\" decoding=\"async\" width=\"374\" height=\"521\" src=\"https:\/\/focotocantinense.com.br\/wp-content\/uploads\/2024\/07\/EDITAL-REPUBLICANO-PORTO.jpg\" alt=\"\" class=\"wp-image-8119\" srcset=\"https:\/\/focotocantinense.com.br\/wp-content\/uploads\/2024\/07\/EDITAL-REPUBLICANO-PORTO.jpg 374w, https:\/\/focotocantinense.com.br\/wp-content\/uploads\/2024\/07\/EDITAL-REPUBLICANO-PORTO-215x300.jpg 215w\" sizes=\"auto, (max-width: 374px) 100vw, 374px\" \/><\/figure>\n\n\n\n<p>EDITAL DE CONVOCA\u00c7\u00c3O PARTIDO LIBERAL DE PORTO NACIONAL<\/p>\n\n\n\n<figure class=\"wp-block-image size-full\"><img loading=\"lazy\" decoding=\"async\" width=\"360\" height=\"455\" src=\"https:\/\/focotocantinense.com.br\/wp-content\/uploads\/2024\/07\/EDITAL-PL-PORTO.jpg\" alt=\"\" class=\"wp-image-8120\" srcset=\"https:\/\/focotocantinense.com.br\/wp-content\/uploads\/2024\/07\/EDITAL-PL-PORTO.jpg 360w, https:\/\/focotocantinense.com.br\/wp-content\/uploads\/2024\/07\/EDITAL-PL-PORTO-237x300.jpg 237w\" sizes=\"auto, (max-width: 360px) 100vw, 360px\" \/><\/figure>\n\n\n\n<p>EDITAL DE CONVOCA\u00c7\u00c3O PARTIDO TRABALHISTA BRASILEIRO PDT DE PORTO NACIONAL<\/p>\n\n\n\n<figure class=\"wp-block-image size-full\"><img loading=\"lazy\" decoding=\"async\" width=\"528\" height=\"579\" src=\"https:\/\/focotocantinense.com.br\/wp-content\/uploads\/2024\/07\/EDITAL-PDT-PORTO.jpg\" alt=\"\" class=\"wp-image-8121\" srcset=\"https:\/\/focotocantinense.com.br\/wp-content\/uploads\/2024\/07\/EDITAL-PDT-PORTO.jpg 528w, https:\/\/focotocantinense.com.br\/wp-content\/uploads\/2024\/07\/EDITAL-PDT-PORTO-274x300.jpg 274w\" sizes=\"auto, (max-width: 528px) 100vw, 528px\" \/><\/figure>\n\n\n\n<p>EDITAL DE CONVOCA\u00c7\u00c3O PARTIDO PODEMOS  DE PORTO NACIONAL<\/p>\n\n\n\n<figure class=\"wp-block-image size-full\"><img loading=\"lazy\" decoding=\"async\" width=\"591\" height=\"572\" src=\"https:\/\/focotocantinense.com.br\/wp-content\/uploads\/2024\/07\/EDITAL-PODEMOS-PORTO.jpg\" alt=\"\" class=\"wp-image-8122\" srcset=\"https:\/\/focotocantinense.com.br\/wp-content\/uploads\/2024\/07\/EDITAL-PODEMOS-PORTO.jpg 591w, https:\/\/focotocantinense.com.br\/wp-content\/uploads\/2024\/07\/EDITAL-PODEMOS-PORTO-300x290.jpg 300w\" sizes=\"auto, (max-width: 591px) 100vw, 591px\" \/><\/figure>\n\n\n\n<p>EDITAL DE CONVOCA\u00c7\u00c3O PARTIDO PROGRESSISTAS DE PORTO NACIONAL<\/p>\n\n\n\n<figure class=\"wp-block-image size-full\"><img loading=\"lazy\" decoding=\"async\" width=\"577\" height=\"581\" src=\"https:\/\/focotocantinense.com.br\/wp-content\/uploads\/2024\/07\/EDITAL-PP-PORTO-1.jpg\" alt=\"\" class=\"wp-image-8123\" srcset=\"https:\/\/focotocantinense.com.br\/wp-content\/uploads\/2024\/07\/EDITAL-PP-PORTO-1.jpg 577w, https:\/\/focotocantinense.com.br\/wp-content\/uploads\/2024\/07\/EDITAL-PP-PORTO-1-298x300.jpg 298w, https:\/\/focotocantinense.com.br\/wp-content\/uploads\/2024\/07\/EDITAL-PP-PORTO-1-150x150.jpg 150w\" sizes=\"auto, (max-width: 577px) 100vw, 577px\" \/><\/figure>\n\n\n\n<p>As conven\u00e7\u00f5es de todos esses partidos ir\u00e3o acontecer juntas  na Quadra Esportiva Coberta, situada na Pra\u00e7a do Setor Novo Planalto na cidade de Porto Nacional a partir das 17h.<\/p>\n\n\n\n<p><\/p>\n\n\n\n<p><\/p>\n","protected":false},"excerpt":{"rendered":"<p>EM PORTO NACIONAL PARTIDOS ALIADOS PP, PDT, PODEMOS, PL, SOLIDARIEDADE E REPUBLICANOS lan\u00e7am editais de convoca\u00e7\u00e3o para as Conven\u00e7\u00f5es do dia 05 de agosto a partir das 17h. EDITAL DE CONVOCA\u00c7\u00c3O PARTIDO SOLIDARIEDADE DE PORTO NACIONAL EDITAL DE CONVOCA\u00c7\u00c3O PARTIDO REPUBLICANDOS DE PORTO NACIONAL EDITAL DE CONVOCA\u00c7\u00c3O PARTIDO LIBERAL DE PORTO NACIONAL EDITAL DE CONVOCA\u00c7\u00c3O &hellip;<\/p>\n","protected":false},"author":5,"featured_media":8124,"comment_status":"open","ping_status":"open","sticky":false,"template":"","format":"standard","meta":{"footnotes":""},"categories":[1],"tags":[],"class_list":["post-8116","post","type-post","status-publish","format-standard","has-post-thumbnail","","category-sem-categoria"],"_links":{"self":[{"href":"https:\/\/focotocantinense.com.br\/index.php?rest_route=\/wp\/v2\/posts\/8116","targetHints":{"allow":["GET"]}}],"collection":[{"href":"https:\/\/focotocantinense.com.br\/index.php?rest_route=\/wp\/v2\/posts"}],"about":[{"href":"https:\/\/focotocantinense.com.br\/index.php?rest_route=\/wp\/v2\/types\/post"}],"author":[{"embeddable":true,"href":"https:\/\/focotocantinense.com.br\/index.php?rest_route=\/wp\/v2\/users\/5"}],"replies":[{"embeddable":true,"href":"https:\/\/focotocantinense.com.br\/index.php?rest_route=%2Fwp%2Fv2%2Fcomments&post=8116"}],"version-history":[{"count":2,"href":"https:\/\/focotocantinense.com.br\/index.php?rest_route=\/wp\/v2\/posts\/8116\/revisions"}],"predecessor-version":[{"id":8126,"href":"https:\/\/focotocantinense.com.br\/index.php?rest_route=\/wp\/v2\/posts\/8116\/revisions\/8126"}],"wp:featuredmedia":[{"embeddable":true,"href":"https:\/\/focotocantinense.com.br\/index.php?rest_route=\/wp\/v2\/media\/8124"}],"wp:attachment":[{"href":"https:\/\/focotocantinense.com.br\/index.php?rest_route=%2Fwp%2Fv2%2Fmedia&parent=8116"}],"wp:term":[{"taxonomy":"category","embeddable":true,"href":"https:\/\/focotocantinense.com.br\/index.php?rest_route=%2Fwp%2Fv2%2Fcategories&post=8116"},{"taxonomy":"post_tag","embeddable":true,"href":"https:\/\/focotocantinense.com.br\/index.php?rest_route=%2Fwp%2Fv2%2Ftags&post=8116"}],"curies":[{"name":"wp","href":"https:\/\/api.w.org\/{rel}","templated":true}]}}