{"id":8107,"date":"2024-07-25T20:35:25","date_gmt":"2024-07-25T23:35:25","guid":{"rendered":"https:\/\/focotocantinense.com.br\/?p=8107"},"modified":"2024-07-25T20:36:36","modified_gmt":"2024-07-25T23:36:36","slug":"matriculas-abertas-para-educacao-de-jovens-e-adultos-eja-na-rede-municipal-de-tocantinia","status":"publish","type":"post","link":"https:\/\/focotocantinense.com.br\/?p=8107","title":{"rendered":"Matr\u00edculas abertas para Educa\u00e7\u00e3o de Jovens e Adultos (EJA) na rede municipal de Tocant\u00ednia"},"content":{"rendered":"\n<p>A dire\u00e7\u00e3o da Escola Municipal de Tempo Integral Ant\u00f4nio Benvindo da Luz, em Tocant\u00ednia, comunica que seguem at\u00e9 o pr\u00f3ximo dia 05 de agosto, as inscri\u00e7\u00f5es para quem deixou de estudar, precisa completar ou concluir o ensino fundamental, por meio&nbsp; da modalidade&nbsp; EJA &#8211; Educa\u00e7\u00e3o de Jovens e Adultos.<\/p>\n\n\n\n<p>Est\u00e3o sendo ofertadas cerca de 15 vagas para &nbsp;&nbsp;cada segmento. O primeiro e segundo segmento com turmas do 1\u00ba ao 5\u00ba ano &nbsp;e do segundo segmento que vai&nbsp; do &nbsp;6\u00ba &nbsp;ao 9\u00ba &nbsp;ano do Ensino Fundamental e destinadas para &nbsp;quem tem acima de 15 anos.<\/p>\n\n\n\n<p>Por meio da EJA a Secretaria Municipal da Educa\u00e7\u00e3o de Tocant\u00ednia (SEMED), tem a oportunidade de ofertar ensino para adolescentes, jovens e adultos que est\u00e3o com atraso nos estudos ou distor\u00e7\u00e3o idade\/escolaridade.<\/p>\n\n\n\n<p>A EJA \u00e9 voltada \u00e0quelas pessoas que n\u00e3o tiveram a oportunidade de concluir o ensino regular na idade certa. A &nbsp;inten\u00e7\u00e3o da SEMED de Tocant\u00ednia \u00e9 que esse aluno, que por algum motivo n\u00e3o concluiu seus estudos no tempo regular, ele n\u00e3o perca essa oportunidade de terminar, visto que o tempo passa para quem est\u00e1 estudando quanto para quem n\u00e3o est\u00e1 estudando, portanto, \u00e9 importante essa matr\u00edcula.<\/p>\n\n\n\n<figure class=\"wp-block-image size-full is-resized\"><img loading=\"lazy\" decoding=\"async\" width=\"967\" height=\"544\" src=\"https:\/\/focotocantinense.com.br\/wp-content\/uploads\/2024\/07\/5bd36f1a-37c0-42e6-8ec3-7f3cb9ebb264-1.jpg\" alt=\"\" class=\"wp-image-8111\" style=\"width:404px;height:auto\" srcset=\"https:\/\/focotocantinense.com.br\/wp-content\/uploads\/2024\/07\/5bd36f1a-37c0-42e6-8ec3-7f3cb9ebb264-1.jpg 967w, https:\/\/focotocantinense.com.br\/wp-content\/uploads\/2024\/07\/5bd36f1a-37c0-42e6-8ec3-7f3cb9ebb264-1-300x169.jpg 300w, https:\/\/focotocantinense.com.br\/wp-content\/uploads\/2024\/07\/5bd36f1a-37c0-42e6-8ec3-7f3cb9ebb264-1-768x432.jpg 768w\" sizes=\"auto, (max-width: 967px) 100vw, 967px\" \/><\/figure>\n\n\n\n<p><\/p>\n\n\n\n<figure class=\"wp-block-image size-full\"><img loading=\"lazy\" decoding=\"async\" width=\"1024\" height=\"536\" src=\"https:\/\/focotocantinense.com.br\/wp-content\/uploads\/2024\/07\/BANNER-VINICIUS-5.png\" alt=\"\" class=\"wp-image-8109\" srcset=\"https:\/\/focotocantinense.com.br\/wp-content\/uploads\/2024\/07\/BANNER-VINICIUS-5.png 1024w, https:\/\/focotocantinense.com.br\/wp-content\/uploads\/2024\/07\/BANNER-VINICIUS-5-300x157.png 300w, https:\/\/focotocantinense.com.br\/wp-content\/uploads\/2024\/07\/BANNER-VINICIUS-5-768x402.png 768w\" sizes=\"auto, (max-width: 1024px) 100vw, 1024px\" \/><\/figure>\n","protected":false},"excerpt":{"rendered":"<p>A dire\u00e7\u00e3o da Escola Municipal de Tempo Integral Ant\u00f4nio Benvindo da Luz, em Tocant\u00ednia, comunica que seguem at\u00e9 o pr\u00f3ximo dia 05 de agosto, as inscri\u00e7\u00f5es para quem deixou de estudar, precisa completar ou concluir o ensino fundamental, por meio&nbsp; da modalidade&nbsp; EJA &#8211; Educa\u00e7\u00e3o de Jovens e Adultos. Est\u00e3o sendo ofertadas cerca de 15 &hellip;<\/p>\n","protected":false},"author":5,"featured_media":8108,"comment_status":"open","ping_status":"open","sticky":false,"template":"","format":"standard","meta":{"footnotes":""},"categories":[78],"tags":[],"class_list":["post-8107","post","type-post","status-publish","format-standard","has-post-thumbnail","","category-tocantinia"],"_links":{"self":[{"href":"https:\/\/focotocantinense.com.br\/index.php?rest_route=\/wp\/v2\/posts\/8107","targetHints":{"allow":["GET"]}}],"collection":[{"href":"https:\/\/focotocantinense.com.br\/index.php?rest_route=\/wp\/v2\/posts"}],"about":[{"href":"https:\/\/focotocantinense.com.br\/index.php?rest_route=\/wp\/v2\/types\/post"}],"author":[{"embeddable":true,"href":"https:\/\/focotocantinense.com.br\/index.php?rest_route=\/wp\/v2\/users\/5"}],"replies":[{"embeddable":true,"href":"https:\/\/focotocantinense.com.br\/index.php?rest_route=%2Fwp%2Fv2%2Fcomments&post=8107"}],"version-history":[{"count":3,"href":"https:\/\/focotocantinense.com.br\/index.php?rest_route=\/wp\/v2\/posts\/8107\/revisions"}],"predecessor-version":[{"id":8113,"href":"https:\/\/focotocantinense.com.br\/index.php?rest_route=\/wp\/v2\/posts\/8107\/revisions\/8113"}],"wp:featuredmedia":[{"embeddable":true,"href":"https:\/\/focotocantinense.com.br\/index.php?rest_route=\/wp\/v2\/media\/8108"}],"wp:attachment":[{"href":"https:\/\/focotocantinense.com.br\/index.php?rest_route=%2Fwp%2Fv2%2Fmedia&parent=8107"}],"wp:term":[{"taxonomy":"category","embeddable":true,"href":"https:\/\/focotocantinense.com.br\/index.php?rest_route=%2Fwp%2Fv2%2Fcategories&post=8107"},{"taxonomy":"post_tag","embeddable":true,"href":"https:\/\/focotocantinense.com.br\/index.php?rest_route=%2Fwp%2Fv2%2Ftags&post=8107"}],"curies":[{"name":"wp","href":"https:\/\/api.w.org\/{rel}","templated":true}]}}