{"id":8092,"date":"2024-07-24T15:57:00","date_gmt":"2024-07-24T18:57:00","guid":{"rendered":"https:\/\/focotocantinense.com.br\/?p=8092"},"modified":"2024-07-24T16:03:20","modified_gmt":"2024-07-24T19:03:20","slug":"atencao-gestores-de-cultura-do-tocantins-prazo-para-envio-do-paar-da-lei-aldir-blanc-somente-ate-o-dia-31-de-julho","status":"publish","type":"post","link":"https:\/\/focotocantinense.com.br\/?p=8092","title":{"rendered":"Aten\u00e7\u00e3o, gestores de Cultura do Tocantins: Prazo para envio do PAAR da Lei Aldir Blanc somente at\u00e9 o dia 31 de Julho"},"content":{"rendered":"\n<p><br>Aten\u00e7\u00e3o, gestores de Cultura do Tocantins! O prazo para envio do Plano Anual de Aplica\u00e7\u00e3o de Recursos (PAAR) da Pol\u00edtica Nacional Aldir Blanc de Fomento \u00e0 Cultura (PNAB) segue somente at\u00e9 o dia 31 de Julho. A orienta\u00e7\u00e3o \u00e9 do Comit\u00ea de Cultura no Tocantins, respons\u00e1vel pela forma\u00e7\u00e3o de redes, comunica\u00e7\u00e3o e mobiliza\u00e7\u00e3o de tem\u00e1ticas relacionadas \u00e0s pautas do Minist\u00e9rio da Cultura no Estado.<\/p>\n\n\n\n<p>O preenchimento do plano anual \u00e9 essencial para a aplica\u00e7\u00e3o dos recursos da Lei Aldir Blanc, que vai beneficiar a classe art\u00edstica de forma geral com editais de fomento \u00e0 Cultura. De acordo com o coordenador-geral do Comit\u00ea no Tocantins, o produtor cultural Kak\u00e1 Nogueira, \u00e9 importante que todos os gestores se atentem ao prazo para n\u00e3o perder o investimento. \u201cO preenchimento do PAAR \u00e9 essencial ara que o munic\u00edpio possa receber os recursos da Pol\u00edtica Nacional Aldir Blanc de Fomento \u00e0 Cultura\u201d, ressalta.<\/p>\n\n\n\n<p>Diferente das Lei Aldir Blanc 1 e Lei Paulo Gustavo, adotadas de modo emergencial, a PNAB seguir\u00e1 por cinco anos consecutivos e apresenta-se como uma oportunidade de estruturar o sistema federativo de financiamento \u00e0 cultura, com repasses previstos anualmente para os entes federativos.&nbsp;De acordo com informa\u00e7\u00e3o da Secretaria Estadual da Cultura (Secult), s\u00e3o 115 munic\u00edpios tocantinenses que ainda n\u00e3o enviaram o PAAR.<\/p>\n\n\n\n<p>O prazo estava previsto at\u00e9 31 de Maio, mas foi prorrogado diante do n\u00famero reduzido de formul\u00e1rios enviados. O MinC entendeu que foi preciso estender o calend\u00e1rio para evitar preju\u00edzos \u00e0 execu\u00e7\u00e3o da Pol\u00edtica. O presidente do Comit\u00ea clama ainda aos artistas de cada munic\u00edpio para que cobrem seus gestores de Cultura. \u201c\u00c9 uma pol\u00edtica cultural que nasceu como um recurso emergencial na pandemia, mas que veio para ficar e atender as necessidades de todos os munic\u00edpios com pol\u00edticas p\u00fablicas para a cultura em todas as \u00e1reas e categorias\u201d, ressalta.<\/p>\n\n\n\n<p><\/p>\n\n\n\n<p><strong>Plano<\/strong><\/p>\n\n\n\n<p>O PAAR \u00e9 um formul\u00e1rio que vai detalhar o Plano de A\u00e7\u00e3o cadastrado na plataforma Transferegov pelos entes federativos que aderiram \u00e0 PNAB. \u00c9 por meio desse documento que os gestores v\u00e3o especificar as atividades que ser\u00e3o realizadas com os recursos recebidos.<\/p>\n\n\n\n<p>Apesar do preenchimento do documento ser de responsabilidade dos gestores culturais, \u00e9 necess\u00e1rio garantir a participa\u00e7\u00e3o da sociedade civil na elabora\u00e7\u00e3o do Plano, por meio de escutas ou audi\u00eancias p\u00fablicas. \u201cO objetivo \u00e9 garantir que o dinheiro seja utilizado para atender as demandas reais de cada territ\u00f3rio\u201d, ressalta Kak\u00e1 Nogueira.<\/p>\n\n\n\n<p><strong>Programa<\/strong><\/p>\n\n\n\n<p>O Programa Nacional dos Comit\u00eas de Cultura \u00e9 uma pol\u00edtica do Minist\u00e9rio da Cultura e no Tocantins \u00e9 coordenada pela Federa\u00e7\u00e3o Tocantinense de Artes C\u00eanicas (Fetac), que conta com a colabora\u00e7\u00e3o em rede da Associa\u00e7\u00e3o Gurupiense de Artes\u00e3os (AGA) e do Instituto Social e Cultural Araguaia (Isca). O Comit\u00ea do Tocantins ficou em 1\u00b0 lugar no Brasil na sele\u00e7\u00e3o realizada em 2023 pelo MinC e ter\u00e1 a\u00e7\u00f5es coordenadas pela Fetac por 24 meses.<\/p>\n\n\n\n<figure class=\"wp-block-image size-large\"><img loading=\"lazy\" decoding=\"async\" width=\"1024\" height=\"576\" src=\"https:\/\/focotocantinense.com.br\/wp-content\/uploads\/2024\/07\/WhatsApp-Image-2024-07-15-at-10.43.26-3-1024x576.jpeg\" alt=\"\" class=\"wp-image-8099\" srcset=\"https:\/\/focotocantinense.com.br\/wp-content\/uploads\/2024\/07\/WhatsApp-Image-2024-07-15-at-10.43.26-3-1024x576.jpeg 1024w, https:\/\/focotocantinense.com.br\/wp-content\/uploads\/2024\/07\/WhatsApp-Image-2024-07-15-at-10.43.26-3-300x169.jpeg 300w, https:\/\/focotocantinense.com.br\/wp-content\/uploads\/2024\/07\/WhatsApp-Image-2024-07-15-at-10.43.26-3-768x432.jpeg 768w, https:\/\/focotocantinense.com.br\/wp-content\/uploads\/2024\/07\/WhatsApp-Image-2024-07-15-at-10.43.26-3-1536x864.jpeg 1536w, https:\/\/focotocantinense.com.br\/wp-content\/uploads\/2024\/07\/WhatsApp-Image-2024-07-15-at-10.43.26-3.jpeg 1600w\" sizes=\"auto, (max-width: 1024px) 100vw, 1024px\" \/><\/figure>\n\n\n\n<p><\/p>\n\n\n\n<figure class=\"wp-block-image size-full\"><img loading=\"lazy\" decoding=\"async\" width=\"1024\" height=\"536\" src=\"https:\/\/focotocantinense.com.br\/wp-content\/uploads\/2024\/07\/BANNER-VINICIUS-3.png\" alt=\"\" class=\"wp-image-8077\" srcset=\"https:\/\/focotocantinense.com.br\/wp-content\/uploads\/2024\/07\/BANNER-VINICIUS-3.png 1024w, https:\/\/focotocantinense.com.br\/wp-content\/uploads\/2024\/07\/BANNER-VINICIUS-3-300x157.png 300w, https:\/\/focotocantinense.com.br\/wp-content\/uploads\/2024\/07\/BANNER-VINICIUS-3-768x402.png 768w\" sizes=\"auto, (max-width: 1024px) 100vw, 1024px\" \/><\/figure>\n","protected":false},"excerpt":{"rendered":"<p>Aten\u00e7\u00e3o, gestores de Cultura do Tocantins! O prazo para envio do Plano Anual de Aplica\u00e7\u00e3o de Recursos (PAAR) da Pol\u00edtica Nacional Aldir Blanc de Fomento \u00e0 Cultura (PNAB) segue somente at\u00e9 o dia 31 de Julho. A orienta\u00e7\u00e3o \u00e9 do Comit\u00ea de Cultura no Tocantins, respons\u00e1vel pela forma\u00e7\u00e3o de redes, comunica\u00e7\u00e3o e mobiliza\u00e7\u00e3o de tem\u00e1ticas &hellip;<\/p>\n","protected":false},"author":5,"featured_media":8093,"comment_status":"open","ping_status":"open","sticky":false,"template":"","format":"standard","meta":{"footnotes":""},"categories":[104],"tags":[],"class_list":["post-8092","post","type-post","status-publish","format-standard","has-post-thumbnail","","category-cultura"],"_links":{"self":[{"href":"https:\/\/focotocantinense.com.br\/index.php?rest_route=\/wp\/v2\/posts\/8092","targetHints":{"allow":["GET"]}}],"collection":[{"href":"https:\/\/focotocantinense.com.br\/index.php?rest_route=\/wp\/v2\/posts"}],"about":[{"href":"https:\/\/focotocantinense.com.br\/index.php?rest_route=\/wp\/v2\/types\/post"}],"author":[{"embeddable":true,"href":"https:\/\/focotocantinense.com.br\/index.php?rest_route=\/wp\/v2\/users\/5"}],"replies":[{"embeddable":true,"href":"https:\/\/focotocantinense.com.br\/index.php?rest_route=%2Fwp%2Fv2%2Fcomments&post=8092"}],"version-history":[{"count":4,"href":"https:\/\/focotocantinense.com.br\/index.php?rest_route=\/wp\/v2\/posts\/8092\/revisions"}],"predecessor-version":[{"id":8100,"href":"https:\/\/focotocantinense.com.br\/index.php?rest_route=\/wp\/v2\/posts\/8092\/revisions\/8100"}],"wp:featuredmedia":[{"embeddable":true,"href":"https:\/\/focotocantinense.com.br\/index.php?rest_route=\/wp\/v2\/media\/8093"}],"wp:attachment":[{"href":"https:\/\/focotocantinense.com.br\/index.php?rest_route=%2Fwp%2Fv2%2Fmedia&parent=8092"}],"wp:term":[{"taxonomy":"category","embeddable":true,"href":"https:\/\/focotocantinense.com.br\/index.php?rest_route=%2Fwp%2Fv2%2Fcategories&post=8092"},{"taxonomy":"post_tag","embeddable":true,"href":"https:\/\/focotocantinense.com.br\/index.php?rest_route=%2Fwp%2Fv2%2Ftags&post=8092"}],"curies":[{"name":"wp","href":"https:\/\/api.w.org\/{rel}","templated":true}]}}