{"id":8085,"date":"2024-07-19T17:43:10","date_gmt":"2024-07-19T20:43:10","guid":{"rendered":"https:\/\/focotocantinense.com.br\/?p=8085"},"modified":"2024-07-19T17:44:29","modified_gmt":"2024-07-19T20:44:29","slug":"josi-nunes-vai-criar-uma-casa-de-acolhimento-para-familiares-de-pacientes-em-tratamento-na-capital","status":"publish","type":"post","link":"https:\/\/focotocantinense.com.br\/?p=8085","title":{"rendered":"Josi Nunes vai criar uma Casa de Acolhimento para familiares de pacientes em tratamento na Capital"},"content":{"rendered":"\n<p><br>A prefeita de Gurupi, Josi Nunes (UB), anunciou com entusiasmo a cria\u00e7\u00e3o de uma Casa de Acolhimento em Palmas, especialmente destinada a apoiar as fam\u00edlias de Gurupi que se deslocam para a Capital em busca de tratamento m\u00e9dico de alta complexidade.&nbsp;<em>\u201cQueremos garantir que nossos pacientes recebam o cuidado necess\u00e1rio, sem o peso adicional dos custos de estadia e alimenta\u00e7\u00e3o em outra cidade\u201d<\/em>, destacou a prefeita.<\/p>\n\n\n\n<p>Atualmente, muitos pacientes precisam se deslocar at\u00e9 Palmas para realizar tratamentos oncol\u00f3gicos com radioterapia. \u201c<em>Esses tratamentos causam rea\u00e7\u00f5es adversas que impedem o retorno no mesmo dia para Gurupi\u201d<\/em>, explicou Josi Nunes.<\/p>\n\n\n\n<figure class=\"wp-block-image size-large is-resized\"><img loading=\"lazy\" decoding=\"async\" width=\"768\" height=\"1024\" src=\"https:\/\/focotocantinense.com.br\/wp-content\/uploads\/2024\/07\/Prefeita-Josi-Nunes-2-1536x2048-1-768x1024.jpg\" alt=\"\" class=\"wp-image-8086\" style=\"width:359px;height:auto\" srcset=\"https:\/\/focotocantinense.com.br\/wp-content\/uploads\/2024\/07\/Prefeita-Josi-Nunes-2-1536x2048-1-768x1024.jpg 768w, https:\/\/focotocantinense.com.br\/wp-content\/uploads\/2024\/07\/Prefeita-Josi-Nunes-2-1536x2048-1-225x300.jpg 225w, https:\/\/focotocantinense.com.br\/wp-content\/uploads\/2024\/07\/Prefeita-Josi-Nunes-2-1536x2048-1-1152x1536.jpg 1152w, https:\/\/focotocantinense.com.br\/wp-content\/uploads\/2024\/07\/Prefeita-Josi-Nunes-2-1536x2048-1.jpg 1536w\" sizes=\"auto, (max-width: 768px) 100vw, 768px\" \/><\/figure>\n\n\n\n<p><\/p>\n\n\n\n<p><em>\u201cA Casa de Acolhimento ser\u00e1 um ref\u00fagio seguro, oferecendo suporte e assist\u00eancia durante esses momentos de vulnerabilidade. Estamos cuidando de cada detalhe para que essas pessoas se sintam amparadas e protegidas\u201d,<\/em>&nbsp;afirmou Josi Nunes, refor\u00e7ando seu compromisso com a sa\u00fade e o bem-estar da popula\u00e7\u00e3o de Gurupi.<\/p>\n\n\n\n<p><\/p>\n\n\n\n<figure class=\"wp-block-image size-full\"><img loading=\"lazy\" decoding=\"async\" width=\"1024\" height=\"536\" src=\"https:\/\/focotocantinense.com.br\/wp-content\/uploads\/2024\/07\/BANNER-VINICIUS-3.png\" alt=\"\" class=\"wp-image-8077\" srcset=\"https:\/\/focotocantinense.com.br\/wp-content\/uploads\/2024\/07\/BANNER-VINICIUS-3.png 1024w, https:\/\/focotocantinense.com.br\/wp-content\/uploads\/2024\/07\/BANNER-VINICIUS-3-300x157.png 300w, https:\/\/focotocantinense.com.br\/wp-content\/uploads\/2024\/07\/BANNER-VINICIUS-3-768x402.png 768w\" sizes=\"auto, (max-width: 1024px) 100vw, 1024px\" \/><\/figure>\n","protected":false},"excerpt":{"rendered":"<p>A prefeita de Gurupi, Josi Nunes (UB), anunciou com entusiasmo a cria\u00e7\u00e3o de uma Casa de Acolhimento em Palmas, especialmente destinada a apoiar as fam\u00edlias de Gurupi que se deslocam para a Capital em busca de tratamento m\u00e9dico de alta complexidade.&nbsp;\u201cQueremos garantir que nossos pacientes recebam o cuidado necess\u00e1rio, sem o peso adicional dos custos &hellip;<\/p>\n","protected":false},"author":5,"featured_media":8088,"comment_status":"open","ping_status":"open","sticky":false,"template":"","format":"standard","meta":{"footnotes":""},"categories":[38],"tags":[],"class_list":["post-8085","post","type-post","status-publish","format-standard","has-post-thumbnail","","category-gurupi"],"_links":{"self":[{"href":"https:\/\/focotocantinense.com.br\/index.php?rest_route=\/wp\/v2\/posts\/8085","targetHints":{"allow":["GET"]}}],"collection":[{"href":"https:\/\/focotocantinense.com.br\/index.php?rest_route=\/wp\/v2\/posts"}],"about":[{"href":"https:\/\/focotocantinense.com.br\/index.php?rest_route=\/wp\/v2\/types\/post"}],"author":[{"embeddable":true,"href":"https:\/\/focotocantinense.com.br\/index.php?rest_route=\/wp\/v2\/users\/5"}],"replies":[{"embeddable":true,"href":"https:\/\/focotocantinense.com.br\/index.php?rest_route=%2Fwp%2Fv2%2Fcomments&post=8085"}],"version-history":[{"count":2,"href":"https:\/\/focotocantinense.com.br\/index.php?rest_route=\/wp\/v2\/posts\/8085\/revisions"}],"predecessor-version":[{"id":8090,"href":"https:\/\/focotocantinense.com.br\/index.php?rest_route=\/wp\/v2\/posts\/8085\/revisions\/8090"}],"wp:featuredmedia":[{"embeddable":true,"href":"https:\/\/focotocantinense.com.br\/index.php?rest_route=\/wp\/v2\/media\/8088"}],"wp:attachment":[{"href":"https:\/\/focotocantinense.com.br\/index.php?rest_route=%2Fwp%2Fv2%2Fmedia&parent=8085"}],"wp:term":[{"taxonomy":"category","embeddable":true,"href":"https:\/\/focotocantinense.com.br\/index.php?rest_route=%2Fwp%2Fv2%2Fcategories&post=8085"},{"taxonomy":"post_tag","embeddable":true,"href":"https:\/\/focotocantinense.com.br\/index.php?rest_route=%2Fwp%2Fv2%2Ftags&post=8085"}],"curies":[{"name":"wp","href":"https:\/\/api.w.org\/{rel}","templated":true}]}}