{"id":8080,"date":"2024-07-17T21:03:03","date_gmt":"2024-07-18T00:03:03","guid":{"rendered":"https:\/\/focotocantinense.com.br\/?p=8080"},"modified":"2024-07-17T21:04:39","modified_gmt":"2024-07-18T00:04:39","slug":"prefeitura-de-gurupi-e-empresa-do-transporte-coletivo-iniciarao-confeccao-da-carteirinha-para-desconto-na-tarifa-e-gratuidade","status":"publish","type":"post","link":"https:\/\/focotocantinense.com.br\/?p=8080","title":{"rendered":"Prefeitura de Gurupi e empresa do transporte coletivo iniciar\u00e3o confec\u00e7\u00e3o da carteirinha para desconto na tarifa e gratuidade"},"content":{"rendered":"\n<p>A Prefeitura de Gurupi, em parceria com a empresa respons\u00e1vel pelo transporte coletivo, vai iniciar na pr\u00f3xima segunda-feira, 22, a partir das 08h, um atendimento espec\u00edfico para cadastrar e confeccionar as \u201ccarteirinhas\u201d para os passageiros com direito \u00e0 gratuidade ou 50% de desconto na tarifa do transporte.<\/p>\n\n\n\n<p>O atendimento ser\u00e1 realizado na Casa do Empreendedor, localizada Avenida Par\u00e1, esquina com a Rua 04. Os interessados devem levar documentos pessoais, comprovante de resid\u00eancia e documento que comprove o direito \u00e0 gratuidade ou desconto (como laudo m\u00e9dico, carteira de estudante, entre outros).<\/p>\n\n\n\n<p>Conforme comunicado pela empresa, a tarifa do transporte come\u00e7ar\u00e1 a ser cobrada na segunda-feira, 22, e custar\u00e1 R$ 5,00, ap\u00f3s quatro meses de gratuidade desde o in\u00edcio da presta\u00e7\u00e3o do servi\u00e7o.<\/p>\n\n\n\n<p><strong>Gratuidade:<\/strong><\/p>\n\n\n\n<p>Maiores de 60 anos; portadores de defici\u00eancia mental, auditiva, neurossensorial ou mista em grau de severa ou profunda; defici\u00eancia de fala; defici\u00eancia f\u00edsica; defici\u00eancia visual; hemof\u00edlicos que se submetem a tratamento de di\u00e1lise e hemodi\u00e1lise e portadores de doen\u00e7as cr\u00f4nicas terminais devidamente evidenciadas por meio de laudo m\u00e9dico, comprovadamente carentes e ao acompanhante do deficiente incapaz sem assist\u00eancia de terceiros; policial militar, bombeiro militar, policial civil e guarda municipal; menores de 06 (seis) anos.<\/p>\n\n\n\n<p><strong>Desconto de 50%:<\/strong><\/p>\n\n\n\n<p>Estudantes e professores da rede p\u00fablica e da rede privada de ensino.<\/p>\n\n\n\n<figure class=\"wp-block-image size-full\"><img loading=\"lazy\" decoding=\"async\" width=\"890\" height=\"563\" src=\"https:\/\/focotocantinense.com.br\/wp-content\/uploads\/2024\/07\/a2d11c67-636a-47ab-93a2-7b84fc006fd6.jpg\" alt=\"\" class=\"wp-image-8081\" srcset=\"https:\/\/focotocantinense.com.br\/wp-content\/uploads\/2024\/07\/a2d11c67-636a-47ab-93a2-7b84fc006fd6.jpg 890w, https:\/\/focotocantinense.com.br\/wp-content\/uploads\/2024\/07\/a2d11c67-636a-47ab-93a2-7b84fc006fd6-300x190.jpg 300w, https:\/\/focotocantinense.com.br\/wp-content\/uploads\/2024\/07\/a2d11c67-636a-47ab-93a2-7b84fc006fd6-768x486.jpg 768w\" sizes=\"auto, (max-width: 890px) 100vw, 890px\" \/><\/figure>\n\n\n\n<p><\/p>\n\n\n\n<figure class=\"wp-block-image size-full\"><img loading=\"lazy\" decoding=\"async\" width=\"1024\" height=\"536\" src=\"https:\/\/focotocantinense.com.br\/wp-content\/uploads\/2024\/07\/BANNER-VINICIUS-2.png\" alt=\"\" class=\"wp-image-8057\" srcset=\"https:\/\/focotocantinense.com.br\/wp-content\/uploads\/2024\/07\/BANNER-VINICIUS-2.png 1024w, https:\/\/focotocantinense.com.br\/wp-content\/uploads\/2024\/07\/BANNER-VINICIUS-2-300x157.png 300w, https:\/\/focotocantinense.com.br\/wp-content\/uploads\/2024\/07\/BANNER-VINICIUS-2-768x402.png 768w\" sizes=\"auto, (max-width: 1024px) 100vw, 1024px\" \/><\/figure>\n","protected":false},"excerpt":{"rendered":"<p>A Prefeitura de Gurupi, em parceria com a empresa respons\u00e1vel pelo transporte coletivo, vai iniciar na pr\u00f3xima segunda-feira, 22, a partir das 08h, um atendimento espec\u00edfico para cadastrar e confeccionar as \u201ccarteirinhas\u201d para os passageiros com direito \u00e0 gratuidade ou 50% de desconto na tarifa do transporte. O atendimento ser\u00e1 realizado na Casa do Empreendedor, &hellip;<\/p>\n","protected":false},"author":5,"featured_media":8081,"comment_status":"open","ping_status":"open","sticky":false,"template":"","format":"standard","meta":{"footnotes":""},"categories":[38],"tags":[],"class_list":["post-8080","post","type-post","status-publish","format-standard","has-post-thumbnail","","category-gurupi"],"_links":{"self":[{"href":"https:\/\/focotocantinense.com.br\/index.php?rest_route=\/wp\/v2\/posts\/8080","targetHints":{"allow":["GET"]}}],"collection":[{"href":"https:\/\/focotocantinense.com.br\/index.php?rest_route=\/wp\/v2\/posts"}],"about":[{"href":"https:\/\/focotocantinense.com.br\/index.php?rest_route=\/wp\/v2\/types\/post"}],"author":[{"embeddable":true,"href":"https:\/\/focotocantinense.com.br\/index.php?rest_route=\/wp\/v2\/users\/5"}],"replies":[{"embeddable":true,"href":"https:\/\/focotocantinense.com.br\/index.php?rest_route=%2Fwp%2Fv2%2Fcomments&post=8080"}],"version-history":[{"count":2,"href":"https:\/\/focotocantinense.com.br\/index.php?rest_route=\/wp\/v2\/posts\/8080\/revisions"}],"predecessor-version":[{"id":8083,"href":"https:\/\/focotocantinense.com.br\/index.php?rest_route=\/wp\/v2\/posts\/8080\/revisions\/8083"}],"wp:featuredmedia":[{"embeddable":true,"href":"https:\/\/focotocantinense.com.br\/index.php?rest_route=\/wp\/v2\/media\/8081"}],"wp:attachment":[{"href":"https:\/\/focotocantinense.com.br\/index.php?rest_route=%2Fwp%2Fv2%2Fmedia&parent=8080"}],"wp:term":[{"taxonomy":"category","embeddable":true,"href":"https:\/\/focotocantinense.com.br\/index.php?rest_route=%2Fwp%2Fv2%2Fcategories&post=8080"},{"taxonomy":"post_tag","embeddable":true,"href":"https:\/\/focotocantinense.com.br\/index.php?rest_route=%2Fwp%2Fv2%2Ftags&post=8080"}],"curies":[{"name":"wp","href":"https:\/\/api.w.org\/{rel}","templated":true}]}}