{"id":8075,"date":"2024-07-17T15:42:50","date_gmt":"2024-07-17T18:42:50","guid":{"rendered":"https:\/\/focotocantinense.com.br\/?p=8075"},"modified":"2024-07-17T15:43:33","modified_gmt":"2024-07-17T18:43:33","slug":"rubao-amaral-anuncia-pre-candidatura-a-prefeito-de-monte-do-carmo-pelo-pdt","status":"publish","type":"post","link":"https:\/\/focotocantinense.com.br\/?p=8075","title":{"rendered":"Rub\u00e3o Amaral anuncia pr\u00e9-candidatura a prefeito de Monte do Carmo pelo PDT"},"content":{"rendered":"\n<p><strong>Por Jonas Amaral<\/strong><\/p>\n\n\n\n<p>Rubens Amaral, conhecido como Rub\u00e3o, vice-prefeito de Monte do Carmo, confirmou sua pr\u00e9-candidatura a prefeito nas elei\u00e7\u00f5es de outubro pelo Partido Democr\u00e1tico Trabalhista (PDT), do vice-governador Laurez Moreira. Em entrevista ao Portal do Amaral, Rub\u00e3o destacou sua determina\u00e7\u00e3o em contribuir ainda mais com o munic\u00edpio e os carmelitanos.<\/p>\n\n\n\n<p><strong><em>Vis\u00e3o de Governo: Modernidade e Transpar\u00eancia<\/em><\/strong><\/p>\n\n\n\n<p>Rub\u00e3o enfatizou seu desejo de uma administra\u00e7\u00e3o moderna e transparente.&nbsp;<em>\u201cO que eu sempre defendo \u00e9 o poder para servir um n\u00famero maior de pessoas. Eu tenho ajudado muitas pessoas aqui em Monte do Carmo. O trabalho social \u00e9 muito forte\u201d,<\/em>&nbsp;afirmou. Ele destaca a import\u00e2ncia de dar oportunidades iguais para todos os cidad\u00e3os e de atrair empresas para a cidade, promovendo prosperidade atrav\u00e9s do trabalho.<\/p>\n\n\n\n<p><\/p>\n\n\n\n<figure class=\"wp-block-image size-full is-resized\"><img loading=\"lazy\" decoding=\"async\" width=\"960\" height=\"720\" src=\"https:\/\/focotocantinense.com.br\/wp-content\/uploads\/2024\/07\/QQQQQQQQQQQQ.jpg\" alt=\"\" class=\"wp-image-8076\" style=\"width:691px;height:auto\" srcset=\"https:\/\/focotocantinense.com.br\/wp-content\/uploads\/2024\/07\/QQQQQQQQQQQQ.jpg 960w, https:\/\/focotocantinense.com.br\/wp-content\/uploads\/2024\/07\/QQQQQQQQQQQQ-300x225.jpg 300w, https:\/\/focotocantinense.com.br\/wp-content\/uploads\/2024\/07\/QQQQQQQQQQQQ-768x576.jpg 768w\" sizes=\"auto, (max-width: 960px) 100vw, 960px\" \/><\/figure>\n\n\n\n<p><\/p>\n\n\n\n<p><strong><em>Investimentos e Crescimento Econ\u00f4mico<\/em><\/strong><\/p>\n\n\n\n<p>Rub\u00e3o acredita que ajudar as pessoas a produzir mais \u00e9 um investimento que a prefeitura deve fazer, garantindo retornos com a produ\u00e7\u00e3o local.&nbsp;<em>\u201cO munic\u00edpio s\u00f3 vai crescer se a popula\u00e7\u00e3o tamb\u00e9m crescer. Ent\u00e3o, s\u00e3o nesse sentido que eu pretendo trabalhar aqui, ajudando as pessoas de Monte do Carmo\u201d,<\/em>&nbsp;disse.<\/p>\n\n\n\n<p><strong><em>Experi\u00eancia e Compromisso<\/em><\/strong><\/p>\n\n\n\n<p>Atualmente em seu segundo mandato como vice-prefeito, Rub\u00e3o nunca participou ativamente da gest\u00e3o municipal, mas est\u00e1 determinado a mudar isso.&nbsp;<em>\u201cTenho interesse em contribuir com Monte do Carmo. Quero ser um filho l\u00facido que Monte do Carmo tem. Meu objetivo \u00e9 fazer uma boa gest\u00e3o\u201d,<\/em>&nbsp;declarou.<\/p>\n\n\n\n<p><strong><em>Capacidade Administrativa e Busca por Recursos<\/em><\/strong><\/p>\n\n\n\n<p>Para Rub\u00e3o, \u00e9 fundamental que os eleitores conhe\u00e7am os programas de governo e escolham candidatos capazes de buscar recursos e fazer investimentos necess\u00e1rios para o crescimento da cidade. Ele criticou a administra\u00e7\u00e3o atual, que possui um or\u00e7amento de cerca de 40 milh\u00f5es de reais, e ele pretende elevar esse valor para 90 milh\u00f5es atrav\u00e9s de projetos e investimentos.<\/p>\n\n\n\n<p><em>\u201cA iniciativa privada tem que ser forte para fortalecer a economia do munic\u00edpio\u201d,<\/em>&nbsp;finalizou Rub\u00e3o, demonstrando seu compromisso com o desenvolvimento econ\u00f4mico de Monte do Carmo.<\/p>\n\n\n\n<figure class=\"wp-block-image size-full\"><img loading=\"lazy\" decoding=\"async\" width=\"1024\" height=\"536\" src=\"https:\/\/focotocantinense.com.br\/wp-content\/uploads\/2024\/07\/BANNER-VINICIUS-3.png\" alt=\"\" class=\"wp-image-8077\" srcset=\"https:\/\/focotocantinense.com.br\/wp-content\/uploads\/2024\/07\/BANNER-VINICIUS-3.png 1024w, https:\/\/focotocantinense.com.br\/wp-content\/uploads\/2024\/07\/BANNER-VINICIUS-3-300x157.png 300w, https:\/\/focotocantinense.com.br\/wp-content\/uploads\/2024\/07\/BANNER-VINICIUS-3-768x402.png 768w\" sizes=\"auto, (max-width: 1024px) 100vw, 1024px\" \/><\/figure>\n","protected":false},"excerpt":{"rendered":"<p>Por Jonas Amaral Rubens Amaral, conhecido como Rub\u00e3o, vice-prefeito de Monte do Carmo, confirmou sua pr\u00e9-candidatura a prefeito nas elei\u00e7\u00f5es de outubro pelo Partido Democr\u00e1tico Trabalhista (PDT), do vice-governador Laurez Moreira. Em entrevista ao Portal do Amaral, Rub\u00e3o destacou sua determina\u00e7\u00e3o em contribuir ainda mais com o munic\u00edpio e os carmelitanos. Vis\u00e3o de Governo: Modernidade &hellip;<\/p>\n","protected":false},"author":5,"featured_media":8076,"comment_status":"open","ping_status":"open","sticky":false,"template":"","format":"standard","meta":{"footnotes":""},"categories":[116],"tags":[],"class_list":["post-8075","post","type-post","status-publish","format-standard","has-post-thumbnail","","category-monte-do-carmo"],"_links":{"self":[{"href":"https:\/\/focotocantinense.com.br\/index.php?rest_route=\/wp\/v2\/posts\/8075","targetHints":{"allow":["GET"]}}],"collection":[{"href":"https:\/\/focotocantinense.com.br\/index.php?rest_route=\/wp\/v2\/posts"}],"about":[{"href":"https:\/\/focotocantinense.com.br\/index.php?rest_route=\/wp\/v2\/types\/post"}],"author":[{"embeddable":true,"href":"https:\/\/focotocantinense.com.br\/index.php?rest_route=\/wp\/v2\/users\/5"}],"replies":[{"embeddable":true,"href":"https:\/\/focotocantinense.com.br\/index.php?rest_route=%2Fwp%2Fv2%2Fcomments&post=8075"}],"version-history":[{"count":2,"href":"https:\/\/focotocantinense.com.br\/index.php?rest_route=\/wp\/v2\/posts\/8075\/revisions"}],"predecessor-version":[{"id":8079,"href":"https:\/\/focotocantinense.com.br\/index.php?rest_route=\/wp\/v2\/posts\/8075\/revisions\/8079"}],"wp:featuredmedia":[{"embeddable":true,"href":"https:\/\/focotocantinense.com.br\/index.php?rest_route=\/wp\/v2\/media\/8076"}],"wp:attachment":[{"href":"https:\/\/focotocantinense.com.br\/index.php?rest_route=%2Fwp%2Fv2%2Fmedia&parent=8075"}],"wp:term":[{"taxonomy":"category","embeddable":true,"href":"https:\/\/focotocantinense.com.br\/index.php?rest_route=%2Fwp%2Fv2%2Fcategories&post=8075"},{"taxonomy":"post_tag","embeddable":true,"href":"https:\/\/focotocantinense.com.br\/index.php?rest_route=%2Fwp%2Fv2%2Ftags&post=8075"}],"curies":[{"name":"wp","href":"https:\/\/api.w.org\/{rel}","templated":true}]}}