{"id":8062,"date":"2024-07-17T14:52:01","date_gmt":"2024-07-17T17:52:01","guid":{"rendered":"https:\/\/focotocantinense.com.br\/?p=8062"},"modified":"2024-07-17T14:58:53","modified_gmt":"2024-07-17T17:58:53","slug":"selecao-para-agentes-territoriais-de-cultura-anuncia-resultado-preliminar-33-candidatos-foram-pre-selecionados-no-tocantins","status":"publish","type":"post","link":"https:\/\/focotocantinense.com.br\/?p=8062","title":{"rendered":"Sele\u00e7\u00e3o para Agentes Territoriais de Cultura anuncia resultado preliminar; 33 candidatos foram pr\u00e9-selecionados no Tocantins"},"content":{"rendered":"\n<p>A sele\u00e7\u00e3o para Agentes Territoriais de Cultura do Tocantins anunciou na segunda-feira \u00faltima, 16, o Resultado Preliminar da Etapa de An\u00e1lise da Atua\u00e7\u00e3o Cultural. De acordo com o Comit\u00ea de Cultura no Tocantins, gerido pela Federa\u00e7\u00e3o Tocantinense de Artes C\u00eanicas (Fetac), o edital recebeu um total de 62 inscri\u00e7\u00f5es do Tocantins, sendo que deste 29 foram desclassificadas e 33 pessoas foram classificadas para a fase de entrevista.<\/p>\n\n\n\n<figure class=\"wp-block-image size-large is-resized\"><img loading=\"lazy\" decoding=\"async\" width=\"1024\" height=\"681\" src=\"https:\/\/focotocantinense.com.br\/wp-content\/uploads\/2024\/07\/agentes-territoriais-1024x681.jpg\" alt=\"\" class=\"wp-image-8070\" style=\"width:381px;height:auto\" srcset=\"https:\/\/focotocantinense.com.br\/wp-content\/uploads\/2024\/07\/agentes-territoriais-1024x681.jpg 1024w, https:\/\/focotocantinense.com.br\/wp-content\/uploads\/2024\/07\/agentes-territoriais-300x199.jpg 300w, https:\/\/focotocantinense.com.br\/wp-content\/uploads\/2024\/07\/agentes-territoriais-768x510.jpg 768w, https:\/\/focotocantinense.com.br\/wp-content\/uploads\/2024\/07\/agentes-territoriais-310x205.jpg 310w, https:\/\/focotocantinense.com.br\/wp-content\/uploads\/2024\/07\/agentes-territoriais.jpg 1154w\" sizes=\"auto, (max-width: 1024px) 100vw, 1024px\" \/><\/figure>\n\n\n\n<p><\/p>\n\n\n\n<p>Na lista de pr\u00e9-sele\u00e7\u00e3o para a entrevista h\u00e1 inscri\u00e7\u00f5es de Aragua\u00edna, Araguatins, Colinas do Tocantins, Dian\u00f3polis, Guara\u00ed, Gurupi, Miracema do Tocantins, Palmas, Para\u00edso do Tocantins, Porto Nacional e Tocantin\u00f3polis. A lista completa pode ser conferida no site do Minist\u00e9rio da Cultura ou nas redes sociais da Fetac.<\/p>\n\n\n\n<p><strong>Etapas<\/strong><\/p>\n\n\n\n<p>Com esta fase de sele\u00e7\u00e3o, est\u00e1 em aberto o per\u00edodo para recursos dos desclassificados quanto \u00e0s notas da An\u00e1lise da Atua\u00e7\u00e3o Cultural, resultado este que ser\u00e1 anunciado na pr\u00f3xima ter\u00e7a-feira, 23. J\u00e1 os candidatos selecionados devem aguardar a etapa de divulga\u00e7\u00e3o das datas de realiza\u00e7\u00e3o das entrevistas, dia 29 de Julho.<\/p>\n\n\n\n<p>Coordenador dos Agentes Territoriais no Tocantins, o professor Sebasti\u00e3o Silva explica que a proposta \u00e9 de selecionar pessoas que j\u00e1 est\u00e3o envolvidas no fazer cultural, com sensibilidade para perceber suas comunidades; que sejam animadoras culturais e reconhe\u00e7am a import\u00e2ncia dos saberes que permeiam as regi\u00f5es imediatamente priorit\u00e1rias.<\/p>\n\n\n\n<p>O presidente da Fetac, Kak\u00e1 Nogueira, apontou a import\u00e2ncia do Tocantins contar com pessoas representadas no processo seletivo que s\u00e3o de todas as regi\u00f5es. \u201cTornou-se um processo seletivo diverso, tanto quanto a pluralidade das pessoas que se inscreveram como quilombolas, ind\u00edgenas, que atuam em diversas fun\u00e7\u00f5es como artistas e t\u00e9cnicos, mas principalmente por conseguirmos alcan\u00e7ar inscri\u00e7\u00f5es de todas as regi\u00f5es, que era uma meta de todos os Comit\u00eas e o Tocantins alcan\u00e7ou com \u00eaxito\u201d, celebra Kak\u00e1 Nogueira.<\/p>\n\n\n\n<p><strong>Qualifica\u00e7\u00e3o<\/strong><\/p>\n\n\n\n<p>O edital busca qualificar profissionais para o desenvolvimento de a\u00e7\u00f5es culturais em suas comunidades e territ\u00f3rios, a partir dos princ\u00edpios da educa\u00e7\u00e3o popular, do combate a todas as formas de discrimina\u00e7\u00e3o e da valoriza\u00e7\u00e3o da diversidade cultural, \u00e9tnico-racial e regional, estimulando a economia da cultura e as cadeias produtivas locais.<\/p>\n\n\n\n<p>Os agentes aprovados receber\u00e3o forma\u00e7\u00e3o continuada para a realiza\u00e7\u00e3o de atividades de mapeamento participativo, comunica\u00e7\u00e3o e mobiliza\u00e7\u00e3o social em seus territ\u00f3rios. Tamb\u00e9m est\u00e3o previstos encontros, eventos, a\u00e7\u00f5es de mobiliza\u00e7\u00e3o e articula\u00e7\u00e3o nas comunidades.<\/p>\n\n\n\n<p><\/p>\n\n\n\n<p><strong>Programa<\/strong><\/p>\n\n\n\n<p>A iniciativa \u00e9 parte da estrat\u00e9gia de implementa\u00e7\u00e3o do Programa Nacional dos Comit\u00eas de Cultura (PNCC), uma articula\u00e7\u00e3o territorial nacional que visa promover iniciativas e a\u00e7\u00f5es de mobiliza\u00e7\u00e3o social, forma\u00e7\u00e3o em direitos e pol\u00edticas culturais, apoio \u00e0 elabora\u00e7\u00e3o de projetos e parcerias, comunica\u00e7\u00e3o social e difus\u00e3o de informa\u00e7\u00e3o e conhecimento sobre as pol\u00edticas culturais.<\/p>\n\n\n\n<p>As atividades s\u00e3o feitas por meio da rede de parceiros do programa, dos Comit\u00eas de Cultura e de Agentes Territoriais de Cultura. Est\u00e3o abertas \u00e0 participa\u00e7\u00e3o de todas as pessoas, uma vez que s\u00e3o espa\u00e7os de debate, comunica\u00e7\u00e3o e mobiliza\u00e7\u00e3o da sociedade civil.<\/p>\n\n\n\n<p><\/p>\n\n\n\n<p><strong>Comit\u00ea de Cultura no Tocantins<\/strong><\/p>\n\n\n\n<p>O Comit\u00ea de Cultura no Tocantins \u00e9 gerido pela Federa\u00e7\u00e3o Tocantinense de Artes C\u00eanicas do Tocantins (Fetac), presidida por Kak\u00e1 Nogueira, ator, produtor e coordenador geral do Comit\u00ea. As Organiza\u00e7\u00f5es da Sociedade Civil (OSCs) foram selecionadas, por meio de edital, em dezembro de 2023. O termo de colabora\u00e7\u00e3o com as organiza\u00e7\u00f5es tem dura\u00e7\u00e3o de 24 meses.<\/p>\n\n\n\n<figure class=\"wp-block-image size-full\"><img loading=\"lazy\" decoding=\"async\" width=\"1024\" height=\"536\" src=\"https:\/\/focotocantinense.com.br\/wp-content\/uploads\/2024\/07\/BANNER-VINICIUS-2.png\" alt=\"\" class=\"wp-image-8057\" srcset=\"https:\/\/focotocantinense.com.br\/wp-content\/uploads\/2024\/07\/BANNER-VINICIUS-2.png 1024w, https:\/\/focotocantinense.com.br\/wp-content\/uploads\/2024\/07\/BANNER-VINICIUS-2-300x157.png 300w, https:\/\/focotocantinense.com.br\/wp-content\/uploads\/2024\/07\/BANNER-VINICIUS-2-768x402.png 768w\" sizes=\"auto, (max-width: 1024px) 100vw, 1024px\" \/><\/figure>\n","protected":false},"excerpt":{"rendered":"<p>A sele\u00e7\u00e3o para Agentes Territoriais de Cultura do Tocantins anunciou na segunda-feira \u00faltima, 16, o Resultado Preliminar da Etapa de An\u00e1lise da Atua\u00e7\u00e3o Cultural. De acordo com o Comit\u00ea de Cultura no Tocantins, gerido pela Federa\u00e7\u00e3o Tocantinense de Artes C\u00eanicas (Fetac), o edital recebeu um total de 62 inscri\u00e7\u00f5es do Tocantins, sendo que deste 29 &hellip;<\/p>\n","protected":false},"author":5,"featured_media":8070,"comment_status":"open","ping_status":"open","sticky":false,"template":"","format":"standard","meta":{"footnotes":""},"categories":[104,1],"tags":[],"class_list":["post-8062","post","type-post","status-publish","format-standard","has-post-thumbnail","","category-cultura","category-sem-categoria"],"_links":{"self":[{"href":"https:\/\/focotocantinense.com.br\/index.php?rest_route=\/wp\/v2\/posts\/8062","targetHints":{"allow":["GET"]}}],"collection":[{"href":"https:\/\/focotocantinense.com.br\/index.php?rest_route=\/wp\/v2\/posts"}],"about":[{"href":"https:\/\/focotocantinense.com.br\/index.php?rest_route=\/wp\/v2\/types\/post"}],"author":[{"embeddable":true,"href":"https:\/\/focotocantinense.com.br\/index.php?rest_route=\/wp\/v2\/users\/5"}],"replies":[{"embeddable":true,"href":"https:\/\/focotocantinense.com.br\/index.php?rest_route=%2Fwp%2Fv2%2Fcomments&post=8062"}],"version-history":[{"count":5,"href":"https:\/\/focotocantinense.com.br\/index.php?rest_route=\/wp\/v2\/posts\/8062\/revisions"}],"predecessor-version":[{"id":8074,"href":"https:\/\/focotocantinense.com.br\/index.php?rest_route=\/wp\/v2\/posts\/8062\/revisions\/8074"}],"wp:featuredmedia":[{"embeddable":true,"href":"https:\/\/focotocantinense.com.br\/index.php?rest_route=\/wp\/v2\/media\/8070"}],"wp:attachment":[{"href":"https:\/\/focotocantinense.com.br\/index.php?rest_route=%2Fwp%2Fv2%2Fmedia&parent=8062"}],"wp:term":[{"taxonomy":"category","embeddable":true,"href":"https:\/\/focotocantinense.com.br\/index.php?rest_route=%2Fwp%2Fv2%2Fcategories&post=8062"},{"taxonomy":"post_tag","embeddable":true,"href":"https:\/\/focotocantinense.com.br\/index.php?rest_route=%2Fwp%2Fv2%2Ftags&post=8062"}],"curies":[{"name":"wp","href":"https:\/\/api.w.org\/{rel}","templated":true}]}}