{"id":8049,"date":"2024-07-16T10:41:17","date_gmt":"2024-07-16T13:41:17","guid":{"rendered":"https:\/\/focotocantinense.com.br\/?p=8049"},"modified":"2024-07-16T10:41:17","modified_gmt":"2024-07-16T13:41:17","slug":"em-luzimangues-multidao-lota-evento-de-lancamento-de-pre-candidaturas-de-antonio-andrade-e-soares-filho","status":"publish","type":"post","link":"https:\/\/focotocantinense.com.br\/?p=8049","title":{"rendered":"Em Luzimangues, multid\u00e3o lota evento de lan\u00e7amento de pr\u00e9-candidaturas de Antonio Andrade e Soares Filho"},"content":{"rendered":"\n<p>Soares Filho n\u00e3o conteve \u00e0s l\u00e1grimas durante sua fala, e de forma especial agradeceu todos os apoiadores, ressaltando que lutar\u00e1 pela transforma\u00e7\u00e3o de Porto Nacional ao lado de Antonio Andrade, defendendo que possuem o melhor plano de gest\u00e3o para o munic\u00edpio.<\/p>\n\n\n\n<figure class=\"wp-block-image size-large is-resized\"><img loading=\"lazy\" decoding=\"async\" width=\"1024\" height=\"576\" src=\"https:\/\/focotocantinense.com.br\/wp-content\/uploads\/2024\/07\/WhatsApp-Image-2024-07-15-at-22.33.44-1024x576.jpeg\" alt=\"\" class=\"wp-image-8050\" style=\"width:387px;height:auto\" srcset=\"https:\/\/focotocantinense.com.br\/wp-content\/uploads\/2024\/07\/WhatsApp-Image-2024-07-15-at-22.33.44-1024x576.jpeg 1024w, https:\/\/focotocantinense.com.br\/wp-content\/uploads\/2024\/07\/WhatsApp-Image-2024-07-15-at-22.33.44-300x169.jpeg 300w, https:\/\/focotocantinense.com.br\/wp-content\/uploads\/2024\/07\/WhatsApp-Image-2024-07-15-at-22.33.44-768x432.jpeg 768w, https:\/\/focotocantinense.com.br\/wp-content\/uploads\/2024\/07\/WhatsApp-Image-2024-07-15-at-22.33.44.jpeg 1280w\" sizes=\"auto, (max-width: 1024px) 100vw, 1024px\" \/><\/figure>\n\n\n\n<p>Ap\u00f3s fala do pr\u00e9-candidato a vice-prefeito, Antonio Andrade agradeceu a uni\u00e3o e apoio de todos os presentes em prol de um projeto de retomada do desenvolvimento de Porto, projeto esse que est\u00e1 sendo constru\u00eddo com valida\u00e7\u00e3o e as impress\u00f5es digitais de toda a popula\u00e7\u00e3o portuense.<\/p>\n\n\n\n<figure class=\"wp-block-image size-large is-resized\"><img loading=\"lazy\" decoding=\"async\" width=\"1024\" height=\"576\" src=\"https:\/\/focotocantinense.com.br\/wp-content\/uploads\/2024\/07\/WhatsApp-Image-2024-07-15-at-22.33.44-1-1024x576.jpeg\" alt=\"\" class=\"wp-image-8052\" style=\"width:390px;height:auto\" srcset=\"https:\/\/focotocantinense.com.br\/wp-content\/uploads\/2024\/07\/WhatsApp-Image-2024-07-15-at-22.33.44-1-1024x576.jpeg 1024w, https:\/\/focotocantinense.com.br\/wp-content\/uploads\/2024\/07\/WhatsApp-Image-2024-07-15-at-22.33.44-1-300x169.jpeg 300w, https:\/\/focotocantinense.com.br\/wp-content\/uploads\/2024\/07\/WhatsApp-Image-2024-07-15-at-22.33.44-1-768x432.jpeg 768w, https:\/\/focotocantinense.com.br\/wp-content\/uploads\/2024\/07\/WhatsApp-Image-2024-07-15-at-22.33.44-1.jpeg 1280w\" sizes=\"auto, (max-width: 1024px) 100vw, 1024px\" \/><\/figure>\n\n\n\n<p>\u201cPorto merece mais! Mais sa\u00fade, educa\u00e7\u00e3o, incentivos ao turismo, seguran\u00e7a e comprometimento com o nosso povo, \u00e9 o momento de mudarmos esse cen\u00e1rio de retrocesso, estou pronto, preparado e querendo\u201d, concluiu o pr\u00e9-candidato da base governista, a prefeitura de Porto Nacional.<\/p>\n\n\n\n<p>Presen\u00e7as<\/p>\n\n\n\n<figure class=\"wp-block-image size-large\"><img loading=\"lazy\" decoding=\"async\" width=\"1024\" height=\"576\" src=\"https:\/\/focotocantinense.com.br\/wp-content\/uploads\/2024\/07\/WhatsApp-Image-2024-07-15-at-22.33.44-2-1024x576.jpeg\" alt=\"\" class=\"wp-image-8051\" srcset=\"https:\/\/focotocantinense.com.br\/wp-content\/uploads\/2024\/07\/WhatsApp-Image-2024-07-15-at-22.33.44-2-1024x576.jpeg 1024w, https:\/\/focotocantinense.com.br\/wp-content\/uploads\/2024\/07\/WhatsApp-Image-2024-07-15-at-22.33.44-2-300x169.jpeg 300w, https:\/\/focotocantinense.com.br\/wp-content\/uploads\/2024\/07\/WhatsApp-Image-2024-07-15-at-22.33.44-2-768x432.jpeg 768w, https:\/\/focotocantinense.com.br\/wp-content\/uploads\/2024\/07\/WhatsApp-Image-2024-07-15-at-22.33.44-2.jpeg 1280w\" sizes=\"auto, (max-width: 1024px) 100vw, 1024px\" \/><\/figure>\n\n\n\n<p>Deputado estadual, L\u00e9o Barbosa representando o governador Wanderlei Barbosa; o vice-governador, Laurez Moreira; o senador, Eduardo Gomes; o deputado estadual, Eli Borges; o secret\u00e1rio de Estado da Agricultura, Jaime Caf\u00e9 e os ex-prefeitos, F\u00e1bio Martins e Otoniel Andrade.<\/p>\n\n\n\n<p>Assessoria de Imprensa \u2013 Deputado Federal Antonio Andrade<\/p>\n","protected":false},"excerpt":{"rendered":"<p>Soares Filho n\u00e3o conteve \u00e0s l\u00e1grimas durante sua fala, e de forma especial agradeceu todos os apoiadores, ressaltando que lutar\u00e1 pela transforma\u00e7\u00e3o de Porto Nacional ao lado de Antonio Andrade, defendendo que possuem o melhor plano de gest\u00e3o para o munic\u00edpio. Ap\u00f3s fala do pr\u00e9-candidato a vice-prefeito, Antonio Andrade agradeceu a uni\u00e3o e apoio de &hellip;<\/p>\n","protected":false},"author":5,"featured_media":8053,"comment_status":"open","ping_status":"open","sticky":false,"template":"","format":"standard","meta":{"footnotes":""},"categories":[1],"tags":[],"class_list":["post-8049","post","type-post","status-publish","format-standard","has-post-thumbnail","","category-sem-categoria"],"_links":{"self":[{"href":"https:\/\/focotocantinense.com.br\/index.php?rest_route=\/wp\/v2\/posts\/8049","targetHints":{"allow":["GET"]}}],"collection":[{"href":"https:\/\/focotocantinense.com.br\/index.php?rest_route=\/wp\/v2\/posts"}],"about":[{"href":"https:\/\/focotocantinense.com.br\/index.php?rest_route=\/wp\/v2\/types\/post"}],"author":[{"embeddable":true,"href":"https:\/\/focotocantinense.com.br\/index.php?rest_route=\/wp\/v2\/users\/5"}],"replies":[{"embeddable":true,"href":"https:\/\/focotocantinense.com.br\/index.php?rest_route=%2Fwp%2Fv2%2Fcomments&post=8049"}],"version-history":[{"count":1,"href":"https:\/\/focotocantinense.com.br\/index.php?rest_route=\/wp\/v2\/posts\/8049\/revisions"}],"predecessor-version":[{"id":8054,"href":"https:\/\/focotocantinense.com.br\/index.php?rest_route=\/wp\/v2\/posts\/8049\/revisions\/8054"}],"wp:featuredmedia":[{"embeddable":true,"href":"https:\/\/focotocantinense.com.br\/index.php?rest_route=\/wp\/v2\/media\/8053"}],"wp:attachment":[{"href":"https:\/\/focotocantinense.com.br\/index.php?rest_route=%2Fwp%2Fv2%2Fmedia&parent=8049"}],"wp:term":[{"taxonomy":"category","embeddable":true,"href":"https:\/\/focotocantinense.com.br\/index.php?rest_route=%2Fwp%2Fv2%2Fcategories&post=8049"},{"taxonomy":"post_tag","embeddable":true,"href":"https:\/\/focotocantinense.com.br\/index.php?rest_route=%2Fwp%2Fv2%2Ftags&post=8049"}],"curies":[{"name":"wp","href":"https:\/\/api.w.org\/{rel}","templated":true}]}}