{"id":803,"date":"2021-02-26T16:35:49","date_gmt":"2021-02-26T19:35:49","guid":{"rendered":"http:\/\/focotocantinense.com.br\/?p=803"},"modified":"2021-02-26T16:42:28","modified_gmt":"2021-02-26T19:42:28","slug":"termo-de-cooperacao-viabiliza-a-instalacao-da-universidade-da-maturidade-em-tocantinia","status":"publish","type":"post","link":"https:\/\/focotocantinense.com.br\/?p=803","title":{"rendered":"Termo de Coopera\u00e7\u00e3o viabiliza a instala\u00e7\u00e3o da Universidade da Maturidade em Tocant\u00ednia"},"content":{"rendered":"\n<figure class=\"wp-block-image\"><img decoding=\"async\" src=\"https:\/\/www.n1to.com.br\/img\/cache\/800x400\/80\/crop\/Imagem-d6df8f93173c08065a74101b7c2ed403.jpg\" alt=\"\"\/><\/figure>\n\n\n\n<p><strong>Por Zacarias Martins<\/strong><\/p>\n\n\n\n<p>Nesta sexta-feira (26), o &nbsp;projeto de extens\u00e3o &nbsp;da Universidade Federal do Tocantins (UFT) intitulado&nbsp; de&nbsp;<em>Universidade da Maturidade (UMA)<\/em>, completou 15 anos de exist\u00eancia.<\/p>\n\n\n\n<p>E para&nbsp; marcar&nbsp; essa data, aconteceu nesta sexta-feira, pela manh\u00e3, a&nbsp; cerim\u00f4nia de assinatura do Termo de Coopera\u00e7\u00e3o dos prefeitos do Tocantins com a Universidade Federal do Tocantins e a Universidade da Maturidade para a implanta\u00e7\u00e3o de &nbsp;novas turmas da UMA.<\/p>\n\n\n\n<p>Estiveram presentes \u00e0 solenidade, o reitor da UFT,&nbsp; Lu\u00eds Eduardo Bovolato,&nbsp;&nbsp;a Coordenadora do Programa Universidade da Maturidade \u2013 UMA\/UFT, Neila Barbosa Os\u00f3rio, a &nbsp; Secretaria de Estado da Educa\u00e7\u00e3o, Juventude e Esportes (Seduc), Adriana Aguiar e demais autoridades.<\/p>\n\n\n\n<p>Na ocasi\u00e3o,&nbsp; o prefeito de&nbsp; Tocant\u00ednia, Manoel Silvino, &nbsp;representado pelo secret\u00e1rio municipal de Educa\u00e7\u00e3o, &nbsp;Andr\u00e9 Goveia, &nbsp;esteve presente fazendo a assinatura do termo para aquela que ser\u00e1 a primeira UMA Ind\u00edgena do Brasil.<\/p>\n\n\n\n<p>O Secret\u00e1rio Andr\u00e9 Goveia destacou que o compromisso do prefeito Manoel &nbsp;Silvino na&nbsp; parceria com a UMA \u201ctem o objetivo de valorizar as bibliotecas vivas dos nossos velhos,&nbsp; sobretudo os anci\u00e3os ind\u00edgenas&#8221;.<\/p>\n\n\n\n<p><strong>SOBRE A UMA<\/strong><\/p>\n\n\n\n<p>O Programa UMA (Universidade da Maturidade) \u00e9 uma proposta pedag\u00f3gica, voltada \u00e0 melhoria da qualidade de vida da pessoa adulta e dos idosos, e visa \u00e0 integra\u00e7\u00e3o dos mesmos com os alunos de gradua\u00e7\u00e3o, identificando o papel e a responsabilidade da Universidade em rela\u00e7\u00e3o \u00e0s pessoas de terceira idade. Afinal, a Universidade est\u00e1 adequada e capacitada para responder \u00e0s necessidades espec\u00edficas de pessoas acima de 45 anos (atividades f\u00edsicas, culturais e sociais).<\/p>\n\n\n\n<p>Este programa \u00e9 uma alternativa para as pessoas adultas que a sociedade brasileira exclui, numa fase da vida em que det\u00e9m experi\u00eancia acumulada e sabedoria . \u00c9 um espa\u00e7o de conviv\u00eancia social de aquisi\u00e7\u00e3o de novos conhecimentos voltados para o envelhecer sadio e digno e, sobretudo, na tomada de consci\u00eancia da import\u00e2ncia de participa\u00e7\u00e3o do idoso na sociedade enquanto sujeito hist\u00f3rico.<\/p>\n\n\n\n<figure class=\"wp-block-image\"><img decoding=\"async\" src=\"http:\/\/n1to.com.br\/img\/uploads\/andre_goveia.jpg\" alt=\"\"\/><\/figure>\n\n\n\n<p><em><strong>Professor Andr\u00e9 Goveia, secret\u00e1rio de educa\u00e7\u00e3o de Tocant\u00ednia, destacou a import\u00e2ncia da UMA para a comunidade ind\u00edgena de seu munic\u00edpio<\/strong><\/em><\/p>\n","protected":false},"excerpt":{"rendered":"<p>Por Zacarias Martins Nesta sexta-feira (26), o &nbsp;projeto de extens\u00e3o &nbsp;da Universidade Federal do Tocantins (UFT) intitulado&nbsp; de&nbsp;Universidade da Maturidade (UMA), completou 15 anos de exist\u00eancia. E para&nbsp; marcar&nbsp; essa data, aconteceu nesta sexta-feira, pela manh\u00e3, a&nbsp; cerim\u00f4nia de assinatura do Termo de Coopera\u00e7\u00e3o dos prefeitos do Tocantins com a Universidade Federal do Tocantins e &hellip;<\/p>\n","protected":false},"author":5,"featured_media":805,"comment_status":"open","ping_status":"open","sticky":true,"template":"","format":"standard","meta":{"footnotes":""},"categories":[78],"tags":[],"class_list":["post-803","post","type-post","status-publish","format-standard","has-post-thumbnail","","category-tocantinia"],"_links":{"self":[{"href":"https:\/\/focotocantinense.com.br\/index.php?rest_route=\/wp\/v2\/posts\/803","targetHints":{"allow":["GET"]}}],"collection":[{"href":"https:\/\/focotocantinense.com.br\/index.php?rest_route=\/wp\/v2\/posts"}],"about":[{"href":"https:\/\/focotocantinense.com.br\/index.php?rest_route=\/wp\/v2\/types\/post"}],"author":[{"embeddable":true,"href":"https:\/\/focotocantinense.com.br\/index.php?rest_route=\/wp\/v2\/users\/5"}],"replies":[{"embeddable":true,"href":"https:\/\/focotocantinense.com.br\/index.php?rest_route=%2Fwp%2Fv2%2Fcomments&post=803"}],"version-history":[{"count":1,"href":"https:\/\/focotocantinense.com.br\/index.php?rest_route=\/wp\/v2\/posts\/803\/revisions"}],"predecessor-version":[{"id":804,"href":"https:\/\/focotocantinense.com.br\/index.php?rest_route=\/wp\/v2\/posts\/803\/revisions\/804"}],"wp:featuredmedia":[{"embeddable":true,"href":"https:\/\/focotocantinense.com.br\/index.php?rest_route=\/wp\/v2\/media\/805"}],"wp:attachment":[{"href":"https:\/\/focotocantinense.com.br\/index.php?rest_route=%2Fwp%2Fv2%2Fmedia&parent=803"}],"wp:term":[{"taxonomy":"category","embeddable":true,"href":"https:\/\/focotocantinense.com.br\/index.php?rest_route=%2Fwp%2Fv2%2Fcategories&post=803"},{"taxonomy":"post_tag","embeddable":true,"href":"https:\/\/focotocantinense.com.br\/index.php?rest_route=%2Fwp%2Fv2%2Ftags&post=803"}],"curies":[{"name":"wp","href":"https:\/\/api.w.org\/{rel}","templated":true}]}}