{"id":8018,"date":"2024-07-15T08:59:26","date_gmt":"2024-07-15T11:59:26","guid":{"rendered":"https:\/\/focotocantinense.com.br\/?p=8018"},"modified":"2024-07-15T08:59:27","modified_gmt":"2024-07-15T11:59:27","slug":"lancamento-das-pre-candidaturas-de-antonio-andrade-soares-filho-e-vereadores-acontece-nesta-segunda-feira-15-em-luzimangues","status":"publish","type":"post","link":"https:\/\/focotocantinense.com.br\/?p=8018","title":{"rendered":"Lan\u00e7amento das pr\u00e9-candidaturas de Antonio Andrade, Soares Filho e vereadores acontece nesta segunda-feira, 15, em Luzimangues"},"content":{"rendered":"\n<p>Com presen\u00e7a de in\u00fameras autoridades, incluindo o governador Wanderlei Barbosa, o evento prev\u00ea a participa\u00e7\u00e3o de mais de 4 mil pessoas<\/p>\n\n\n\n<figure class=\"wp-block-image size-full is-resized\"><img loading=\"lazy\" decoding=\"async\" width=\"900\" height=\"867\" src=\"https:\/\/focotocantinense.com.br\/wp-content\/uploads\/2024\/07\/WhatsApp-Image-2024-07-15-at-08.01.44.jpeg\" alt=\"\" class=\"wp-image-8019\" style=\"width:394px;height:auto\" srcset=\"https:\/\/focotocantinense.com.br\/wp-content\/uploads\/2024\/07\/WhatsApp-Image-2024-07-15-at-08.01.44.jpeg 900w, https:\/\/focotocantinense.com.br\/wp-content\/uploads\/2024\/07\/WhatsApp-Image-2024-07-15-at-08.01.44-300x289.jpeg 300w, https:\/\/focotocantinense.com.br\/wp-content\/uploads\/2024\/07\/WhatsApp-Image-2024-07-15-at-08.01.44-768x740.jpeg 768w\" sizes=\"auto, (max-width: 900px) 100vw, 900px\" \/><\/figure>\n\n\n\n<p>O maior distrito de Porto Nacional, sediar\u00e1 o evento Poder Popular o Encontro Luzimangues nesta segunda-feira, 15, \u00e0s 18h30 no Doha Eventos. A programa\u00e7\u00e3o que promete movimentar o distrito, ser\u00e1 palco do lan\u00e7amento das pr\u00e9-candidaturas do deputado federal Antonio Andrade, Soares Filho e vereadores.<\/p>\n\n\n\n<p>O governador Wanderlei Barbosa; o vice-governador, Laurez Moreira; o deputado federal; Vicentinho J\u00fanior e os senadores Dorinha e Eduardo Gomes ir\u00e3o participar do evento.<\/p>\n\n\n\n<p>Assessoria de Imprensa &#8211; Antonio Andrade<\/p>\n","protected":false},"excerpt":{"rendered":"<p>Com presen\u00e7a de in\u00fameras autoridades, incluindo o governador Wanderlei Barbosa, o evento prev\u00ea a participa\u00e7\u00e3o de mais de 4 mil pessoas O maior distrito de Porto Nacional, sediar\u00e1 o evento Poder Popular o Encontro Luzimangues nesta segunda-feira, 15, \u00e0s 18h30 no Doha Eventos. A programa\u00e7\u00e3o que promete movimentar o distrito, ser\u00e1 palco do lan\u00e7amento das &hellip;<\/p>\n","protected":false},"author":5,"featured_media":8019,"comment_status":"open","ping_status":"open","sticky":false,"template":"","format":"standard","meta":{"footnotes":""},"categories":[1],"tags":[],"class_list":["post-8018","post","type-post","status-publish","format-standard","has-post-thumbnail","","category-sem-categoria"],"_links":{"self":[{"href":"https:\/\/focotocantinense.com.br\/index.php?rest_route=\/wp\/v2\/posts\/8018","targetHints":{"allow":["GET"]}}],"collection":[{"href":"https:\/\/focotocantinense.com.br\/index.php?rest_route=\/wp\/v2\/posts"}],"about":[{"href":"https:\/\/focotocantinense.com.br\/index.php?rest_route=\/wp\/v2\/types\/post"}],"author":[{"embeddable":true,"href":"https:\/\/focotocantinense.com.br\/index.php?rest_route=\/wp\/v2\/users\/5"}],"replies":[{"embeddable":true,"href":"https:\/\/focotocantinense.com.br\/index.php?rest_route=%2Fwp%2Fv2%2Fcomments&post=8018"}],"version-history":[{"count":1,"href":"https:\/\/focotocantinense.com.br\/index.php?rest_route=\/wp\/v2\/posts\/8018\/revisions"}],"predecessor-version":[{"id":8020,"href":"https:\/\/focotocantinense.com.br\/index.php?rest_route=\/wp\/v2\/posts\/8018\/revisions\/8020"}],"wp:featuredmedia":[{"embeddable":true,"href":"https:\/\/focotocantinense.com.br\/index.php?rest_route=\/wp\/v2\/media\/8019"}],"wp:attachment":[{"href":"https:\/\/focotocantinense.com.br\/index.php?rest_route=%2Fwp%2Fv2%2Fmedia&parent=8018"}],"wp:term":[{"taxonomy":"category","embeddable":true,"href":"https:\/\/focotocantinense.com.br\/index.php?rest_route=%2Fwp%2Fv2%2Fcategories&post=8018"},{"taxonomy":"post_tag","embeddable":true,"href":"https:\/\/focotocantinense.com.br\/index.php?rest_route=%2Fwp%2Fv2%2Ftags&post=8018"}],"curies":[{"name":"wp","href":"https:\/\/api.w.org\/{rel}","templated":true}]}}