{"id":8010,"date":"2024-07-15T08:45:30","date_gmt":"2024-07-15T11:45:30","guid":{"rendered":"https:\/\/focotocantinense.com.br\/?p=8010"},"modified":"2024-07-15T08:45:30","modified_gmt":"2024-07-15T11:45:30","slug":"centro-profissionalizante-e-secretarias-da-mulher-e-da-juventude-sao-metas-de-antonio-andrade-para-porto-nacional","status":"publish","type":"post","link":"https:\/\/focotocantinense.com.br\/?p=8010","title":{"rendered":"Centro profissionalizante e Secretarias da Mulher e da Juventude s\u00e3o metas de Antonio Andrade para Porto Nacional"},"content":{"rendered":"\n<p>\u201cNosso plano de governo ter\u00e1 as impress\u00f5es digitais da popula\u00e7\u00e3o portuense\u201d, pontua o pr\u00e9-candidato a prefeito da capital da cultura tocantinense<\/p>\n\n\n\n<figure class=\"wp-block-image size-large is-resized\"><img loading=\"lazy\" decoding=\"async\" width=\"1024\" height=\"682\" src=\"https:\/\/focotocantinense.com.br\/wp-content\/uploads\/2024\/07\/WhatsApp-Image-2024-07-13-at-08.22.33-2-1024x682.jpeg\" alt=\"\" class=\"wp-image-8011\" style=\"width:369px;height:auto\" srcset=\"https:\/\/focotocantinense.com.br\/wp-content\/uploads\/2024\/07\/WhatsApp-Image-2024-07-13-at-08.22.33-2-1024x682.jpeg 1024w, https:\/\/focotocantinense.com.br\/wp-content\/uploads\/2024\/07\/WhatsApp-Image-2024-07-13-at-08.22.33-2-300x200.jpeg 300w, https:\/\/focotocantinense.com.br\/wp-content\/uploads\/2024\/07\/WhatsApp-Image-2024-07-13-at-08.22.33-2-768x512.jpeg 768w, https:\/\/focotocantinense.com.br\/wp-content\/uploads\/2024\/07\/WhatsApp-Image-2024-07-13-at-08.22.33-2-1536x1023.jpeg 1536w, https:\/\/focotocantinense.com.br\/wp-content\/uploads\/2024\/07\/WhatsApp-Image-2024-07-13-at-08.22.33-2-310x205.jpeg 310w, https:\/\/focotocantinense.com.br\/wp-content\/uploads\/2024\/07\/WhatsApp-Image-2024-07-13-at-08.22.33-2.jpeg 1600w\" sizes=\"auto, (max-width: 1024px) 100vw, 1024px\" \/><\/figure>\n\n\n\n<p>H\u00e1 mais de 1 m\u00eas, o deputado federal e pr\u00e9-candidato a prefeito de Porto Nacional, Antonio Andrade, tem percorrido os quatro cantos do munic\u00edpio realizando reuni\u00f5es plen\u00e1rias no intuito de ouvir sugest\u00f5es e demandas da popula\u00e7\u00e3o que ir\u00e3o nortear a elabora\u00e7\u00e3o de seu plano de governo.<\/p>\n\n\n\n<p>Nesta sexta-feira, 12, com a presen\u00e7a de um n\u00famero expressivo de pessoas, o pr\u00e9-candidato se reuniu com a juventude do setor Vila Oper\u00e1ria, onde mais uma vez ele afirmou que o plano de governo dever\u00e1 respeitar e se basear nas necessidades que a popula\u00e7\u00e3o indicar\u00e1 nos encontros.<\/p>\n\n\n\n<p>\u201cNosso desejo \u00e9 que os portuenses participem de verdade das decis\u00f5es sobre as a\u00e7\u00f5es que a administra\u00e7\u00e3o municipal desenvolver\u00e1. Queremos que os moradores de todos os bairros, n\u00e3o s\u00f3 de alguns, opinem sobre como e onde os recursos p\u00fablicos devem ser investidos\u201d, frisou Andrade.<\/p>\n\n\n\n<figure class=\"wp-block-image size-large\"><img loading=\"lazy\" decoding=\"async\" width=\"1024\" height=\"576\" src=\"https:\/\/focotocantinense.com.br\/wp-content\/uploads\/2024\/07\/WhatsApp-Image-2024-07-13-at-08.22.33-1-1024x576.jpeg\" alt=\"\" class=\"wp-image-8012\" srcset=\"https:\/\/focotocantinense.com.br\/wp-content\/uploads\/2024\/07\/WhatsApp-Image-2024-07-13-at-08.22.33-1-1024x576.jpeg 1024w, https:\/\/focotocantinense.com.br\/wp-content\/uploads\/2024\/07\/WhatsApp-Image-2024-07-13-at-08.22.33-1-300x169.jpeg 300w, https:\/\/focotocantinense.com.br\/wp-content\/uploads\/2024\/07\/WhatsApp-Image-2024-07-13-at-08.22.33-1-768x432.jpeg 768w, https:\/\/focotocantinense.com.br\/wp-content\/uploads\/2024\/07\/WhatsApp-Image-2024-07-13-at-08.22.33-1-1536x864.jpeg 1536w, https:\/\/focotocantinense.com.br\/wp-content\/uploads\/2024\/07\/WhatsApp-Image-2024-07-13-at-08.22.33-1-2048x1152.jpeg 2048w\" sizes=\"auto, (max-width: 1024px) 100vw, 1024px\" \/><\/figure>\n\n\n\n<p>Durante o encontro, o deputado federal falou sobre o plano de criar um centro profissionalizante para dar oportunidade aos jovens do munic\u00edpio, al\u00e9m de duas novas pastas, as Secretarias da Mulher e da Juventude.<\/p>\n\n\n\n<p>Assessoria de Imprensa \u2013 Deputado Federal Antonio Andrade<\/p>\n","protected":false},"excerpt":{"rendered":"<p>\u201cNosso plano de governo ter\u00e1 as impress\u00f5es digitais da popula\u00e7\u00e3o portuense\u201d, pontua o pr\u00e9-candidato a prefeito da capital da cultura tocantinense H\u00e1 mais de 1 m\u00eas, o deputado federal e pr\u00e9-candidato a prefeito de Porto Nacional, Antonio Andrade, tem percorrido os quatro cantos do munic\u00edpio realizando reuni\u00f5es plen\u00e1rias no intuito de ouvir sugest\u00f5es e demandas &hellip;<\/p>\n","protected":false},"author":5,"featured_media":8013,"comment_status":"open","ping_status":"open","sticky":false,"template":"","format":"standard","meta":{"footnotes":""},"categories":[1],"tags":[],"class_list":["post-8010","post","type-post","status-publish","format-standard","has-post-thumbnail","","category-sem-categoria"],"_links":{"self":[{"href":"https:\/\/focotocantinense.com.br\/index.php?rest_route=\/wp\/v2\/posts\/8010","targetHints":{"allow":["GET"]}}],"collection":[{"href":"https:\/\/focotocantinense.com.br\/index.php?rest_route=\/wp\/v2\/posts"}],"about":[{"href":"https:\/\/focotocantinense.com.br\/index.php?rest_route=\/wp\/v2\/types\/post"}],"author":[{"embeddable":true,"href":"https:\/\/focotocantinense.com.br\/index.php?rest_route=\/wp\/v2\/users\/5"}],"replies":[{"embeddable":true,"href":"https:\/\/focotocantinense.com.br\/index.php?rest_route=%2Fwp%2Fv2%2Fcomments&post=8010"}],"version-history":[{"count":1,"href":"https:\/\/focotocantinense.com.br\/index.php?rest_route=\/wp\/v2\/posts\/8010\/revisions"}],"predecessor-version":[{"id":8014,"href":"https:\/\/focotocantinense.com.br\/index.php?rest_route=\/wp\/v2\/posts\/8010\/revisions\/8014"}],"wp:featuredmedia":[{"embeddable":true,"href":"https:\/\/focotocantinense.com.br\/index.php?rest_route=\/wp\/v2\/media\/8013"}],"wp:attachment":[{"href":"https:\/\/focotocantinense.com.br\/index.php?rest_route=%2Fwp%2Fv2%2Fmedia&parent=8010"}],"wp:term":[{"taxonomy":"category","embeddable":true,"href":"https:\/\/focotocantinense.com.br\/index.php?rest_route=%2Fwp%2Fv2%2Fcategories&post=8010"},{"taxonomy":"post_tag","embeddable":true,"href":"https:\/\/focotocantinense.com.br\/index.php?rest_route=%2Fwp%2Fv2%2Ftags&post=8010"}],"curies":[{"name":"wp","href":"https:\/\/api.w.org\/{rel}","templated":true}]}}