{"id":7996,"date":"2024-07-12T16:51:20","date_gmt":"2024-07-12T19:51:20","guid":{"rendered":"https:\/\/focotocantinense.com.br\/?p=7996"},"modified":"2024-07-12T16:53:27","modified_gmt":"2024-07-12T19:53:27","slug":"creci-to-credencia-117-novos-corretores-de-imoveis-em-ato-solene-em-palmas","status":"publish","type":"post","link":"https:\/\/focotocantinense.com.br\/?p=7996","title":{"rendered":"CRECI\/TO credencia 117 novos Corretores de Im\u00f3veis em ato solene em Palmas"},"content":{"rendered":"\n<p>Nesta sexta-feira, dia 12 de julho, o Conselho Regional de Corretores de Im\u00f3veis da 25\u00aa Regi\u00e3o (CRECI\/TO) realizou um ato solene de entrega de Certificados e Credenciais aos novos T\u00e9cnicos em Transa\u00e7\u00f5es Imobili\u00e1rias (Corretores de Im\u00f3veis). A iniciativa tem como objetivo garantir que novos profissionais ingressem no mercado de trabalho devidamente documentados e capacitados.<\/p>\n\n\n\n<p>Ap\u00f3s o juramento, a presidente do CRECI\/TO, Nilcin\u00e9ia Norberto, fez um discurso emocionante, destacando as atribui\u00e7\u00f5es do Conselho e a import\u00e2ncia da profiss\u00e3o para a sociedade. Ela afirmou que este era um momento especial e ressaltou a honra de participar da cerim\u00f4nia.&nbsp;<em>\u201cNossa, gente, \u00e9 muito bom saber que a nossa profiss\u00e3o est\u00e1 cada dia mais abrangendo todos os n\u00edveis, n\u00e9? Banc\u00e1rios e advogados est\u00e3o deixando suas profiss\u00f5es para trabalhar no mercado imobili\u00e1rio. Isso realmente \u00e9 uma satisfa\u00e7\u00e3o, porque \u00e9 uma profiss\u00e3o promissora, que a cada dia nos oferece mais condi\u00e7\u00f5es,\u201d<\/em>&nbsp;disse Nilcin\u00e9ia.<\/p>\n\n\n\n<p><\/p>\n\n\n\n<figure class=\"wp-block-image size-large is-resized\"><img loading=\"lazy\" decoding=\"async\" width=\"1024\" height=\"576\" src=\"https:\/\/focotocantinense.com.br\/wp-content\/uploads\/2024\/07\/Creci-TO-5-1536x864-1-1024x576.jpg\" alt=\"\" class=\"wp-image-8001\" style=\"width:413px;height:auto\" srcset=\"https:\/\/focotocantinense.com.br\/wp-content\/uploads\/2024\/07\/Creci-TO-5-1536x864-1-1024x576.jpg 1024w, https:\/\/focotocantinense.com.br\/wp-content\/uploads\/2024\/07\/Creci-TO-5-1536x864-1-300x169.jpg 300w, https:\/\/focotocantinense.com.br\/wp-content\/uploads\/2024\/07\/Creci-TO-5-1536x864-1-768x432.jpg 768w, https:\/\/focotocantinense.com.br\/wp-content\/uploads\/2024\/07\/Creci-TO-5-1536x864-1.jpg 1536w\" sizes=\"auto, (max-width: 1024px) 100vw, 1024px\" \/><\/figure>\n\n\n\n<p><\/p>\n\n\n\n<p>No total, foram credenciados 117 novos profissionais provenientes de mais de 15 cidades do estado. Entre eles, o pedagogo, jornalista e CEO do Portal do Amaral, Jonas Amaral, da cidade de Gurupi, destacou a import\u00e2ncia desse novo passo em sua carreira.&nbsp;<em>\u201cEssa \u00e9 mais uma profiss\u00e3o que, assim como as demais, eu lutarei constantemente para exercer com maestria. O mercado de trabalho \u00e9 amplo, e os melhores far\u00e3o a diferen\u00e7a,\u201d<\/em>&nbsp;comentou.<\/p>\n\n\n\n<p>Nilcin\u00e9ia Norberto tamb\u00e9m ressaltou a evolu\u00e7\u00e3o do n\u00famero de profissionais que se mant\u00eam na profiss\u00e3o.&nbsp;<em>\u201cAntigamente, formavam-se 40 e apenas 10 permaneciam na profiss\u00e3o. Hoje, todos querem aderir. Realmente, \u00e9 uma profiss\u00e3o promissora. Parab\u00e9ns a todos! Vamos seguir em frente, mostrando ao mundo que n\u00f3s, corretores de im\u00f3veis, somos os melhores procuradores e gestores para todos os investidores que queiram investir no mercado imobili\u00e1rio,\u201d<\/em>&nbsp;completou a presidente do CRECI\/TO.<\/p>\n\n\n\n<p><\/p>\n\n\n\n<figure class=\"wp-block-image size-large\"><img loading=\"lazy\" decoding=\"async\" width=\"1024\" height=\"668\" src=\"https:\/\/focotocantinense.com.br\/wp-content\/uploads\/2024\/07\/jonas-amaral-1024x668.jpg\" alt=\"\" class=\"wp-image-8000\" srcset=\"https:\/\/focotocantinense.com.br\/wp-content\/uploads\/2024\/07\/jonas-amaral-1024x668.jpg 1024w, https:\/\/focotocantinense.com.br\/wp-content\/uploads\/2024\/07\/jonas-amaral-300x196.jpg 300w, https:\/\/focotocantinense.com.br\/wp-content\/uploads\/2024\/07\/jonas-amaral-768x501.jpg 768w, https:\/\/focotocantinense.com.br\/wp-content\/uploads\/2024\/07\/jonas-amaral.jpg 1536w\" sizes=\"auto, (max-width: 1024px) 100vw, 1024px\" \/><\/figure>\n\n\n\n<p>Lindeane Souza Moura Barbosa, uma das novas corretoras de im\u00f3veis credenciadas da Capital Palmas, expressou sua satisfa\u00e7\u00e3o em receber sua credencial e poder atuar na profiss\u00e3o que escolheu.\u00a0<em>\u201cAs expectativas s\u00e3o as melhores, poder trabalhar para ter sucesso e realmente fazer a diferen\u00e7a na profiss\u00e3o,\u201d<\/em>\u00a0comentou Lindeane.<\/p>\n\n\n\n<figure class=\"wp-block-image size-large\"><img loading=\"lazy\" decoding=\"async\" width=\"1024\" height=\"651\" src=\"https:\/\/focotocantinense.com.br\/wp-content\/uploads\/2024\/07\/IMG_7246-1536x977-1-1024x651.jpg\" alt=\"\" class=\"wp-image-8004\" srcset=\"https:\/\/focotocantinense.com.br\/wp-content\/uploads\/2024\/07\/IMG_7246-1536x977-1-1024x651.jpg 1024w, https:\/\/focotocantinense.com.br\/wp-content\/uploads\/2024\/07\/IMG_7246-1536x977-1-300x191.jpg 300w, https:\/\/focotocantinense.com.br\/wp-content\/uploads\/2024\/07\/IMG_7246-1536x977-1-768x489.jpg 768w, https:\/\/focotocantinense.com.br\/wp-content\/uploads\/2024\/07\/IMG_7246-1536x977-1.jpg 1536w\" sizes=\"auto, (max-width: 1024px) 100vw, 1024px\" \/><\/figure>\n\n\n\n<p><\/p>\n\n\n\n<p>J\u00e1 Palmiro Viana, representante do Conselho Federal do CRECI\/TO, tamb\u00e9m manifestou sua alegria com a nova leva de profissionais<em>. \u201cHoje, estamos muito felizes em poder trazer para o mercado imobili\u00e1rio da nossa cidade e do estado mais 117 corretores de im\u00f3veis. Esperamos que esses profissionais atuem com \u00e9tica, profissionalismo e dedica\u00e7\u00e3o. A profiss\u00e3o de corretor de im\u00f3veis \u00e9 atualmente a mais pr\u00f3spera do nosso mercado brasileiro, e estamos aqui para contribuir com tudo o que o corretor de im\u00f3veis precisar,\u201d<\/em>&nbsp;afirmou Palmiro.<\/p>\n\n\n\n<p>Ap\u00f3s os discursos, foi realizada a chamada nominal de cada corretor, que recebeu sua credencial e Certificado com o n\u00famero do CRECI, prontos para atuarem como Corretor de Im\u00f3veis.<\/p>\n\n\n\n<figure class=\"wp-block-image size-large\"><img loading=\"lazy\" decoding=\"async\" width=\"1024\" height=\"576\" src=\"https:\/\/focotocantinense.com.br\/wp-content\/uploads\/2024\/07\/Corretores-1536x864-1-1024x576.jpeg\" alt=\"\" class=\"wp-image-7997\" srcset=\"https:\/\/focotocantinense.com.br\/wp-content\/uploads\/2024\/07\/Corretores-1536x864-1-1024x576.jpeg 1024w, https:\/\/focotocantinense.com.br\/wp-content\/uploads\/2024\/07\/Corretores-1536x864-1-300x169.jpeg 300w, https:\/\/focotocantinense.com.br\/wp-content\/uploads\/2024\/07\/Corretores-1536x864-1-768x432.jpeg 768w, https:\/\/focotocantinense.com.br\/wp-content\/uploads\/2024\/07\/Corretores-1536x864-1.jpeg 1536w\" sizes=\"auto, (max-width: 1024px) 100vw, 1024px\" \/><\/figure>\n\n\n\n<p><\/p>\n\n\n\n<figure class=\"wp-block-image size-large\"><img loading=\"lazy\" decoding=\"async\" width=\"1024\" height=\"641\" src=\"https:\/\/focotocantinense.com.br\/wp-content\/uploads\/2024\/07\/Creci-TO-4-1536x961-1-1024x641.jpg\" alt=\"\" class=\"wp-image-7999\" srcset=\"https:\/\/focotocantinense.com.br\/wp-content\/uploads\/2024\/07\/Creci-TO-4-1536x961-1-1024x641.jpg 1024w, https:\/\/focotocantinense.com.br\/wp-content\/uploads\/2024\/07\/Creci-TO-4-1536x961-1-300x188.jpg 300w, https:\/\/focotocantinense.com.br\/wp-content\/uploads\/2024\/07\/Creci-TO-4-1536x961-1-768x481.jpg 768w, https:\/\/focotocantinense.com.br\/wp-content\/uploads\/2024\/07\/Creci-TO-4-1536x961-1.jpg 1536w\" sizes=\"auto, (max-width: 1024px) 100vw, 1024px\" \/><\/figure>\n\n\n\n<p><\/p>\n\n\n\n<figure class=\"wp-block-image size-full\"><img loading=\"lazy\" decoding=\"async\" width=\"1024\" height=\"536\" src=\"https:\/\/focotocantinense.com.br\/wp-content\/uploads\/2024\/07\/BANNER-VINICIUS.png\" alt=\"\" class=\"wp-image-7998\" srcset=\"https:\/\/focotocantinense.com.br\/wp-content\/uploads\/2024\/07\/BANNER-VINICIUS.png 1024w, https:\/\/focotocantinense.com.br\/wp-content\/uploads\/2024\/07\/BANNER-VINICIUS-300x157.png 300w, https:\/\/focotocantinense.com.br\/wp-content\/uploads\/2024\/07\/BANNER-VINICIUS-768x402.png 768w\" sizes=\"auto, (max-width: 1024px) 100vw, 1024px\" \/><\/figure>\n","protected":false},"excerpt":{"rendered":"<p>Nesta sexta-feira, dia 12 de julho, o Conselho Regional de Corretores de Im\u00f3veis da 25\u00aa Regi\u00e3o (CRECI\/TO) realizou um ato solene de entrega de Certificados e Credenciais aos novos T\u00e9cnicos em Transa\u00e7\u00f5es Imobili\u00e1rias (Corretores de Im\u00f3veis). A iniciativa tem como objetivo garantir que novos profissionais ingressem no mercado de trabalho devidamente documentados e capacitados. Ap\u00f3s &hellip;<\/p>\n","protected":false},"author":5,"featured_media":7997,"comment_status":"open","ping_status":"open","sticky":false,"template":"","format":"standard","meta":{"footnotes":""},"categories":[38],"tags":[],"class_list":["post-7996","post","type-post","status-publish","format-standard","has-post-thumbnail","","category-gurupi"],"_links":{"self":[{"href":"https:\/\/focotocantinense.com.br\/index.php?rest_route=\/wp\/v2\/posts\/7996","targetHints":{"allow":["GET"]}}],"collection":[{"href":"https:\/\/focotocantinense.com.br\/index.php?rest_route=\/wp\/v2\/posts"}],"about":[{"href":"https:\/\/focotocantinense.com.br\/index.php?rest_route=\/wp\/v2\/types\/post"}],"author":[{"embeddable":true,"href":"https:\/\/focotocantinense.com.br\/index.php?rest_route=\/wp\/v2\/users\/5"}],"replies":[{"embeddable":true,"href":"https:\/\/focotocantinense.com.br\/index.php?rest_route=%2Fwp%2Fv2%2Fcomments&post=7996"}],"version-history":[{"count":3,"href":"https:\/\/focotocantinense.com.br\/index.php?rest_route=\/wp\/v2\/posts\/7996\/revisions"}],"predecessor-version":[{"id":8005,"href":"https:\/\/focotocantinense.com.br\/index.php?rest_route=\/wp\/v2\/posts\/7996\/revisions\/8005"}],"wp:featuredmedia":[{"embeddable":true,"href":"https:\/\/focotocantinense.com.br\/index.php?rest_route=\/wp\/v2\/media\/7997"}],"wp:attachment":[{"href":"https:\/\/focotocantinense.com.br\/index.php?rest_route=%2Fwp%2Fv2%2Fmedia&parent=7996"}],"wp:term":[{"taxonomy":"category","embeddable":true,"href":"https:\/\/focotocantinense.com.br\/index.php?rest_route=%2Fwp%2Fv2%2Fcategories&post=7996"},{"taxonomy":"post_tag","embeddable":true,"href":"https:\/\/focotocantinense.com.br\/index.php?rest_route=%2Fwp%2Fv2%2Ftags&post=7996"}],"curies":[{"name":"wp","href":"https:\/\/api.w.org\/{rel}","templated":true}]}}