{"id":7990,"date":"2024-07-10T11:37:54","date_gmt":"2024-07-10T14:37:54","guid":{"rendered":"https:\/\/focotocantinense.com.br\/?p=7990"},"modified":"2024-07-10T11:45:00","modified_gmt":"2024-07-10T14:45:00","slug":"o-novo-cordel-de-assis-vanderley-de-paraiso-do-tocantins","status":"publish","type":"post","link":"https:\/\/focotocantinense.com.br\/?p=7990","title":{"rendered":"O novo cordel de Assis Vanderley, de Para\u00edso do Tocantins"},"content":{"rendered":"\n<p><strong>Por Zacarias Martins<\/strong><\/p>\n\n\n\n<p>Com o selo da Editora Veloso, o poeta e cordelista Assis Vanderley est\u00e1 com novo livro na pra\u00e7a. Desta\u00a0 feita trata-se de \u201cVivendo a Velhice\u201d, onde o autor\u00a0 discorre sobre essa tem\u00e1tica em versos de Literatura de Cordel.<\/p>\n\n\n\n<p><strong><em>Convite<\/em><\/strong><\/p>\n\n\n\n<p>De acordo com a professora &nbsp;Cida Gualberto, Mestre em Literatura e titular da &nbsp;Academia de Letras de Para\u00edso do Tocantins, &nbsp;\u201cVivendo a velhice\u201d \u00e9 mais que um livro, enfatizando ser &nbsp;\u201cum convite para apreciar a beleza que se esconde nos anos que passam, para vivenciar a velhice com a plenitude que s\u00f3 a poesia pode proporcionar\u201d.&nbsp; Para ela, a obra de Assis Vanderley &nbsp;&nbsp;\u00e9 um tributo \u00e0queles que carregam consigo o tesouro da experi\u00eancia, convidando-nos a celebrar a riqueza de viver a plenitude de cada fase da exist\u00eancia.<\/p>\n\n\n\n<p><strong><em>Perfil do autor<\/em><\/strong><\/p>\n\n\n\n<p>Membro fundador e atualmente, presidente da Academia&nbsp; de Letras de Para\u00edso do Tocantins, Assis Vanderley&nbsp;est\u00e1 cursando&nbsp;&nbsp;Mestrado em Educa\u00e7\u00e3o pela &nbsp;Universidade Federal do Tocantins (UFT). Al\u00e9m de \u201cVivendo a velhice\u201d, o autor&nbsp; possui publicado os seguintes livros: \u201cSe Me Deixam Falar\u2026.\u201d (2011): e \u201cSuspiros da Alma\u201d (2023).<\/p>\n\n\n\n<figure class=\"wp-block-image size-large\"><img loading=\"lazy\" decoding=\"async\" width=\"1024\" height=\"576\" src=\"https:\/\/focotocantinense.com.br\/wp-content\/uploads\/2024\/07\/ASSIS-VANDERLEI-1024x576.jpg\" alt=\"\" class=\"wp-image-7992\" srcset=\"https:\/\/focotocantinense.com.br\/wp-content\/uploads\/2024\/07\/ASSIS-VANDERLEI-1024x576.jpg 1024w, https:\/\/focotocantinense.com.br\/wp-content\/uploads\/2024\/07\/ASSIS-VANDERLEI-300x169.jpg 300w, https:\/\/focotocantinense.com.br\/wp-content\/uploads\/2024\/07\/ASSIS-VANDERLEI-768x432.jpg 768w, https:\/\/focotocantinense.com.br\/wp-content\/uploads\/2024\/07\/ASSIS-VANDERLEI.jpg 1280w\" sizes=\"auto, (max-width: 1024px) 100vw, 1024px\" \/><\/figure>\n\n\n\n<p><\/p>\n\n\n\n<figure class=\"wp-block-image size-full is-resized\"><img loading=\"lazy\" decoding=\"async\" width=\"439\" height=\"649\" src=\"https:\/\/focotocantinense.com.br\/wp-content\/uploads\/2024\/07\/LIVRO-DE-ASSIS-VANDERLEY.jpg\" alt=\"\" class=\"wp-image-7991\" style=\"width:840px;height:auto\" srcset=\"https:\/\/focotocantinense.com.br\/wp-content\/uploads\/2024\/07\/LIVRO-DE-ASSIS-VANDERLEY.jpg 439w, https:\/\/focotocantinense.com.br\/wp-content\/uploads\/2024\/07\/LIVRO-DE-ASSIS-VANDERLEY-203x300.jpg 203w\" sizes=\"auto, (max-width: 439px) 100vw, 439px\" \/><\/figure>\n\n\n\n<p><\/p>\n\n\n\n<figure class=\"wp-block-image size-full\"><img loading=\"lazy\" decoding=\"async\" width=\"1024\" height=\"536\" src=\"https:\/\/focotocantinense.com.br\/wp-content\/uploads\/2024\/07\/449800351_937867561683841_5424056199998071373_n-1.png\" alt=\"\" class=\"wp-image-7972\" srcset=\"https:\/\/focotocantinense.com.br\/wp-content\/uploads\/2024\/07\/449800351_937867561683841_5424056199998071373_n-1.png 1024w, https:\/\/focotocantinense.com.br\/wp-content\/uploads\/2024\/07\/449800351_937867561683841_5424056199998071373_n-1-300x157.png 300w, https:\/\/focotocantinense.com.br\/wp-content\/uploads\/2024\/07\/449800351_937867561683841_5424056199998071373_n-1-768x402.png 768w\" sizes=\"auto, (max-width: 1024px) 100vw, 1024px\" \/><\/figure>\n","protected":false},"excerpt":{"rendered":"<p>Por Zacarias Martins Com o selo da Editora Veloso, o poeta e cordelista Assis Vanderley est\u00e1 com novo livro na pra\u00e7a. Desta\u00a0 feita trata-se de \u201cVivendo a Velhice\u201d, onde o autor\u00a0 discorre sobre essa tem\u00e1tica em versos de Literatura de Cordel. Convite De acordo com a professora &nbsp;Cida Gualberto, Mestre em Literatura e titular da &hellip;<\/p>\n","protected":false},"author":5,"featured_media":7992,"comment_status":"open","ping_status":"open","sticky":false,"template":"","format":"standard","meta":{"footnotes":""},"categories":[47,1],"tags":[],"class_list":["post-7990","post","type-post","status-publish","format-standard","has-post-thumbnail","","category-paraiso","category-sem-categoria"],"_links":{"self":[{"href":"https:\/\/focotocantinense.com.br\/index.php?rest_route=\/wp\/v2\/posts\/7990","targetHints":{"allow":["GET"]}}],"collection":[{"href":"https:\/\/focotocantinense.com.br\/index.php?rest_route=\/wp\/v2\/posts"}],"about":[{"href":"https:\/\/focotocantinense.com.br\/index.php?rest_route=\/wp\/v2\/types\/post"}],"author":[{"embeddable":true,"href":"https:\/\/focotocantinense.com.br\/index.php?rest_route=\/wp\/v2\/users\/5"}],"replies":[{"embeddable":true,"href":"https:\/\/focotocantinense.com.br\/index.php?rest_route=%2Fwp%2Fv2%2Fcomments&post=7990"}],"version-history":[{"count":2,"href":"https:\/\/focotocantinense.com.br\/index.php?rest_route=\/wp\/v2\/posts\/7990\/revisions"}],"predecessor-version":[{"id":7994,"href":"https:\/\/focotocantinense.com.br\/index.php?rest_route=\/wp\/v2\/posts\/7990\/revisions\/7994"}],"wp:featuredmedia":[{"embeddable":true,"href":"https:\/\/focotocantinense.com.br\/index.php?rest_route=\/wp\/v2\/media\/7992"}],"wp:attachment":[{"href":"https:\/\/focotocantinense.com.br\/index.php?rest_route=%2Fwp%2Fv2%2Fmedia&parent=7990"}],"wp:term":[{"taxonomy":"category","embeddable":true,"href":"https:\/\/focotocantinense.com.br\/index.php?rest_route=%2Fwp%2Fv2%2Fcategories&post=7990"},{"taxonomy":"post_tag","embeddable":true,"href":"https:\/\/focotocantinense.com.br\/index.php?rest_route=%2Fwp%2Fv2%2Ftags&post=7990"}],"curies":[{"name":"wp","href":"https:\/\/api.w.org\/{rel}","templated":true}]}}