{"id":7981,"date":"2024-07-09T13:05:09","date_gmt":"2024-07-09T16:05:09","guid":{"rendered":"https:\/\/focotocantinense.com.br\/?p=7981"},"modified":"2024-07-09T13:05:10","modified_gmt":"2024-07-09T16:05:10","slug":"com-objetivo-de-discutir-melhorias-para-porto-nacional-antonio-andrade-wanderlei-barbosa-e-vicentinho-junior-mobilizam-empresarios-e-a-juventude-portuense","status":"publish","type":"post","link":"https:\/\/focotocantinense.com.br\/?p=7981","title":{"rendered":"Com objetivo de discutir melhorias para Porto Nacional, Antonio Andrade, Wanderlei Barbosa e Vicentinho J\u00fanior mobilizam empres\u00e1rios e a juventude portuense"},"content":{"rendered":"\n<p>O pr\u00e9-candidato a prefeito de Porto Nacional, Antonio Andrade, segue dialogando com a popula\u00e7\u00e3o ouvindo demandas e sugest\u00f5es. E nesta ter\u00e7a-feira, 9, juntamente com o deputado federal Vicentinho J\u00fanior e o governador Wanderlei Barbosa, ele tem um encontro marcado com empres\u00e1rios, empreendedores e a juventude portuense.<\/p>\n\n\n\n<figure class=\"wp-block-image size-large is-resized\"><img loading=\"lazy\" decoding=\"async\" width=\"1024\" height=\"929\" src=\"https:\/\/focotocantinense.com.br\/wp-content\/uploads\/2024\/07\/WhatsApp-Image-2024-07-09-at-07.46.47-1-1024x929.jpeg\" alt=\"\" class=\"wp-image-7983\" style=\"width:343px;height:auto\" srcset=\"https:\/\/focotocantinense.com.br\/wp-content\/uploads\/2024\/07\/WhatsApp-Image-2024-07-09-at-07.46.47-1-1024x929.jpeg 1024w, https:\/\/focotocantinense.com.br\/wp-content\/uploads\/2024\/07\/WhatsApp-Image-2024-07-09-at-07.46.47-1-300x272.jpeg 300w, https:\/\/focotocantinense.com.br\/wp-content\/uploads\/2024\/07\/WhatsApp-Image-2024-07-09-at-07.46.47-1-768x697.jpeg 768w, https:\/\/focotocantinense.com.br\/wp-content\/uploads\/2024\/07\/WhatsApp-Image-2024-07-09-at-07.46.47-1.jpeg 1503w\" sizes=\"auto, (max-width: 1024px) 100vw, 1024px\" \/><\/figure>\n\n\n\n<p>Ser\u00e3o dois momentos distintos, o primeiro momento que vai acontecer no Colmeia ser\u00e1 direcionado aos empres\u00e1rios e empreendedores. O segundo momento voltado a juventude, acontecer\u00e1 no Clube dos Comerci\u00e1rios, \u00e0s 21h, com a Associa\u00e7\u00e3o da Juventude Portuense (Ajup), onde ter\u00e1 uma grande plen\u00e1ria organizada pela associa\u00e7\u00e3o.<\/p>\n\n\n\n<p>A constru\u00e7\u00e3o de um munic\u00edpio mais desenvolvido, com iniciativas que priorizem a educa\u00e7\u00e3o, o empreendedorismo, sa\u00fade, pol\u00edticas p\u00fablicas para a juventude e novas oportunidades de neg\u00f3cios ser\u00e1 a abordagem dos encontros.<\/p>\n","protected":false},"excerpt":{"rendered":"<p>O pr\u00e9-candidato a prefeito de Porto Nacional, Antonio Andrade, segue dialogando com a popula\u00e7\u00e3o ouvindo demandas e sugest\u00f5es. E nesta ter\u00e7a-feira, 9, juntamente com o deputado federal Vicentinho J\u00fanior e o governador Wanderlei Barbosa, ele tem um encontro marcado com empres\u00e1rios, empreendedores e a juventude portuense. Ser\u00e3o dois momentos distintos, o primeiro momento que vai &hellip;<\/p>\n","protected":false},"author":5,"featured_media":7982,"comment_status":"open","ping_status":"open","sticky":false,"template":"","format":"standard","meta":{"footnotes":""},"categories":[1],"tags":[],"class_list":["post-7981","post","type-post","status-publish","format-standard","has-post-thumbnail","","category-sem-categoria"],"_links":{"self":[{"href":"https:\/\/focotocantinense.com.br\/index.php?rest_route=\/wp\/v2\/posts\/7981","targetHints":{"allow":["GET"]}}],"collection":[{"href":"https:\/\/focotocantinense.com.br\/index.php?rest_route=\/wp\/v2\/posts"}],"about":[{"href":"https:\/\/focotocantinense.com.br\/index.php?rest_route=\/wp\/v2\/types\/post"}],"author":[{"embeddable":true,"href":"https:\/\/focotocantinense.com.br\/index.php?rest_route=\/wp\/v2\/users\/5"}],"replies":[{"embeddable":true,"href":"https:\/\/focotocantinense.com.br\/index.php?rest_route=%2Fwp%2Fv2%2Fcomments&post=7981"}],"version-history":[{"count":1,"href":"https:\/\/focotocantinense.com.br\/index.php?rest_route=\/wp\/v2\/posts\/7981\/revisions"}],"predecessor-version":[{"id":7984,"href":"https:\/\/focotocantinense.com.br\/index.php?rest_route=\/wp\/v2\/posts\/7981\/revisions\/7984"}],"wp:featuredmedia":[{"embeddable":true,"href":"https:\/\/focotocantinense.com.br\/index.php?rest_route=\/wp\/v2\/media\/7982"}],"wp:attachment":[{"href":"https:\/\/focotocantinense.com.br\/index.php?rest_route=%2Fwp%2Fv2%2Fmedia&parent=7981"}],"wp:term":[{"taxonomy":"category","embeddable":true,"href":"https:\/\/focotocantinense.com.br\/index.php?rest_route=%2Fwp%2Fv2%2Fcategories&post=7981"},{"taxonomy":"post_tag","embeddable":true,"href":"https:\/\/focotocantinense.com.br\/index.php?rest_route=%2Fwp%2Fv2%2Ftags&post=7981"}],"curies":[{"name":"wp","href":"https:\/\/api.w.org\/{rel}","templated":true}]}}