{"id":798,"date":"2021-02-26T16:25:29","date_gmt":"2021-02-26T19:25:29","guid":{"rendered":"http:\/\/focotocantinense.com.br\/?p=798"},"modified":"2021-02-26T16:27:57","modified_gmt":"2021-02-26T19:27:57","slug":"parlamentares-tocantinenses-defendem-a-compra-direta-de-vacina","status":"publish","type":"post","link":"https:\/\/focotocantinense.com.br\/?p=798","title":{"rendered":"Parlamentares tocantinenses defendem a compra direta de vacina"},"content":{"rendered":"\n<figure class=\"wp-block-image\"><img decoding=\"async\" src=\"https:\/\/1.bp.blogspot.com\/-QgC73uoGuRU\/YDkO3M6dWdI\/AAAAAAAAcM4\/RsSM7zcDtLYaCKcKOxYMh_2l3GhKrnhDwCLcBGAsYHQ\/s16000\/21120001.jpg\" alt=\"\"\/><\/figure>\n\n\n\n<p>As discuss\u00f5es parlamentares na sess\u00e3o dessa quarta-feira, 24, tiveram como foco a vacina\u00e7\u00e3o contra a covid- 19 e a necessidade de aquisi\u00e7\u00e3o de&nbsp;novas vacinas para imunizar a popula\u00e7\u00e3o.&nbsp;<\/p>\n\n\n\n<p>Outras solicita\u00e7\u00f5es feitas pelos deputados a fim de amenizar a segunda&nbsp;onda do coronav\u00edrus foram o fechamento das escolas, a amplia\u00e7\u00e3o de&nbsp;leitos de UTI, o pedido de suporte aos munic\u00edpios para organizar a&nbsp;vacina\u00e7\u00e3o e a cria\u00e7\u00e3o de um fundo para compra direta da vacina.&nbsp;<\/p>\n\n\n\n<p>A discuss\u00e3o ganhou for\u00e7a ap\u00f3s o Supremo Tribunal Federal (STF) permitir&nbsp;que Estados e munic\u00edpios adquiram os imunizantes caso as doses&nbsp;disponibilizadas pelo Minist\u00e9rio da Sa\u00fade n\u00e3o sejam suficientes.&nbsp;Para o deputado Ricardo Ayres (PSB), falta estrutura aos munic\u00edpios para&nbsp;fazer a vacina\u00e7\u00e3o de forma adequada, e as vacinas s\u00e3o insuficientes para&nbsp;imunizar os grupos priorit\u00e1rios.&nbsp;<\/p>\n\n\n\n<p>Em seu pronunciamento, o parlamentar destacou a necessidade de cria\u00e7\u00e3o&nbsp;de um fundo para aquisi\u00e7\u00e3o das vacinas contra covid-19, e a associa\u00e7\u00e3o a&nbsp;outros Estados e munic\u00edpios que est\u00e3o fazendo a compra direta.&nbsp;\u201cPrecisamos tirar o Tocantins da situa\u00e7\u00e3o em que est\u00e1, principalmente as&nbsp;cidades que sofrem com a falta de leitos para atender toda a popula\u00e7\u00e3o\u201d,&nbsp;frisou Ayres.&nbsp;<\/p>\n\n\n\n<p>Em defesa da compra direta, o deputado Elenil da Penha (MDB) tamb\u00e9m&nbsp;pediu que a vacina seja colocada no mercado para ser comercializada, e&nbsp;que as condi\u00e7\u00f5es para a aquisi\u00e7\u00e3o do imunizante pelos munic\u00edpios sejam&nbsp;facilitadas.&nbsp;<\/p>\n\n\n\n<p>Al\u00e9m de questionar a demora na vacina\u00e7\u00e3o e a falta de imunizantes, o&nbsp;deputado Z\u00e9 Roberto Lula (PT) solicitou ao Governo a revoga\u00e7\u00e3o do&nbsp;decreto para retorno das aulas presenciais nas escolas at\u00e9 que a&nbsp;popula\u00e7\u00e3o seja vacinada.&nbsp;<\/p>\n\n\n\n<p>Presidente da Aleto, Ant\u00f4nio&nbsp;Andrade (PTB) ressaltou que, neste momento,&nbsp;\u00e9 preciso apoiar o Governo nas a\u00e7\u00f5es que j\u00e1 est\u00e3o sendo realizadas,&nbsp;dentre elas a amplia\u00e7\u00e3o de leitos de UTI nas maiores cidades do&nbsp;Tocantins para atender pacientes de covid-19, bem como ajudar os&nbsp;munic\u00edpios na tarefa de vacinar a popula\u00e7\u00e3o de forma adequada.<\/p>\n","protected":false},"excerpt":{"rendered":"<p>As discuss\u00f5es parlamentares na sess\u00e3o dessa quarta-feira, 24, tiveram como foco a vacina\u00e7\u00e3o contra a covid- 19 e a necessidade de aquisi\u00e7\u00e3o de&nbsp;novas vacinas para imunizar a popula\u00e7\u00e3o.&nbsp; Outras solicita\u00e7\u00f5es feitas pelos deputados a fim de amenizar a segunda&nbsp;onda do coronav\u00edrus foram o fechamento das escolas, a amplia\u00e7\u00e3o de&nbsp;leitos de UTI, o pedido de suporte &hellip;<\/p>\n","protected":false},"author":5,"featured_media":801,"comment_status":"open","ping_status":"open","sticky":true,"template":"","format":"standard","meta":{"footnotes":""},"categories":[40,1],"tags":[],"class_list":["post-798","post","type-post","status-publish","format-standard","has-post-thumbnail","","category-politica","category-sem-categoria"],"_links":{"self":[{"href":"https:\/\/focotocantinense.com.br\/index.php?rest_route=\/wp\/v2\/posts\/798","targetHints":{"allow":["GET"]}}],"collection":[{"href":"https:\/\/focotocantinense.com.br\/index.php?rest_route=\/wp\/v2\/posts"}],"about":[{"href":"https:\/\/focotocantinense.com.br\/index.php?rest_route=\/wp\/v2\/types\/post"}],"author":[{"embeddable":true,"href":"https:\/\/focotocantinense.com.br\/index.php?rest_route=\/wp\/v2\/users\/5"}],"replies":[{"embeddable":true,"href":"https:\/\/focotocantinense.com.br\/index.php?rest_route=%2Fwp%2Fv2%2Fcomments&post=798"}],"version-history":[{"count":2,"href":"https:\/\/focotocantinense.com.br\/index.php?rest_route=\/wp\/v2\/posts\/798\/revisions"}],"predecessor-version":[{"id":802,"href":"https:\/\/focotocantinense.com.br\/index.php?rest_route=\/wp\/v2\/posts\/798\/revisions\/802"}],"wp:featuredmedia":[{"embeddable":true,"href":"https:\/\/focotocantinense.com.br\/index.php?rest_route=\/wp\/v2\/media\/801"}],"wp:attachment":[{"href":"https:\/\/focotocantinense.com.br\/index.php?rest_route=%2Fwp%2Fv2%2Fmedia&parent=798"}],"wp:term":[{"taxonomy":"category","embeddable":true,"href":"https:\/\/focotocantinense.com.br\/index.php?rest_route=%2Fwp%2Fv2%2Fcategories&post=798"},{"taxonomy":"post_tag","embeddable":true,"href":"https:\/\/focotocantinense.com.br\/index.php?rest_route=%2Fwp%2Fv2%2Ftags&post=798"}],"curies":[{"name":"wp","href":"https:\/\/api.w.org\/{rel}","templated":true}]}}