{"id":7976,"date":"2024-07-09T10:57:52","date_gmt":"2024-07-09T13:57:52","guid":{"rendered":"https:\/\/focotocantinense.com.br\/?p=7976"},"modified":"2024-07-09T10:57:53","modified_gmt":"2024-07-09T13:57:53","slug":"apos-lancamento-documentario-a-festa-do-peixe-e-da-lontra-esta-disponivel-no-youtube","status":"publish","type":"post","link":"https:\/\/focotocantinense.com.br\/?p=7976","title":{"rendered":"Ap\u00f3s lan\u00e7amento, document\u00e1rio &#8220;A Festa do Peixe e da Lontra&#8221; est\u00e1 dispon\u00edvel no YouTube"},"content":{"rendered":"\n<p><\/p>\n\n\n\n<p>Uma hist\u00f3ria que pode revelar muito sobre os costumes e a tradi\u00e7\u00e3o oral do povo Krah\u00f4. \u201cFesta do Peixe e da Lontra \u2013 Hist\u00f3rias do Povo Krah\u00f4\u201d (Tep m\u1ebd T\u00ea\u00eare j\u00f5 amj\u0129k\u0129n \u2013 M\u1ebdh\u0129 jujar\u1ebdn x\u00e0) marca a estreia do fot\u00f3grafo Emerson Silva como documentarista e j\u00e1 est\u00e1 acess\u00edvel no canal YouTube.<\/p>\n\n\n\n<p>O document\u00e1rio \u00e9 fruto do projeto de resid\u00eancia cultural Sesc Convida com a Associa\u00e7\u00e3o Cultural Hotxwa Cia Hiken. Foi exibido em primeira m\u00e3o no \u00faltimo dia 27 de junho, na Aldeia Manoel Alves, na Terra Ind\u00edgena Krah\u00f4, e lan\u00e7ado em Taquaru\u00e7u, na Pousada Recanto Oriental, na sexta, 5, quando tamb\u00e9m foi aberta a exposi\u00e7\u00e3o fotogr\u00e1fica Urucum \u2013 Sagrado Vermelho, tamb\u00e9m assinada por Emerson Silva.<\/p>\n\n\n\n<p>O guardi\u00e3o da hist\u00f3ria \u00e9 Jos\u00e9 Dilson Cux\u00fd Krah\u00f4, que conta a saga de um jovem Krah\u00f4 que \u00e9 devorado por uma Sucuri e, ao ser regurgitado pelo animal inicia sua aventura por um fant\u00e1stico mundo subaqu\u00e1tico, uma jornada espiritual onde homens e animais cooperam entre si.<\/p>\n\n\n\n<p>A hist\u00f3ria \u00e9 revivida pelos Krah\u00f4 por meio da Festa do Peixe e da Lontra, um momento importante para este povo que vive no Tocantins, em territ\u00f3rio entre os munic\u00edpios de Goiatins e Itac\u00e1. Representa a conex\u00e3o dos Krah\u00f4 com suas tradi\u00e7\u00f5es, o fortalecimento de sua identidade cultural e a celebra\u00e7\u00e3o da vida em comunidade.<\/p>\n\n\n\n<p><strong>Exposi\u00e7\u00e3o<\/strong><\/p>\n\n\n\n<p>A exposi\u00e7\u00e3o Urucum &#8211; Sagrado Vermelho inaugura o espa\u00e7o cultural da \u00a0Pousada Recanto Oriental e permanece montada no Restaurante Recanto at\u00e9 15 de agosto. Re\u00fane 20 fotos dos povos Karaj\u00e1 e Krah\u00f4, registradas entre 2002 e 2023. Todas as imagens est\u00e3o \u00e0 venda. A classifica\u00e7\u00e3o \u00e9 livre e a entrada \u00e9 gratuita.<\/p>\n\n\n\n<figure class=\"wp-block-image size-full\"><img loading=\"lazy\" decoding=\"async\" width=\"842\" height=\"477\" src=\"https:\/\/focotocantinense.com.br\/wp-content\/uploads\/2024\/07\/f12549f6-d5ee-4de6-b20e-542295304229.jpg\" alt=\"\" class=\"wp-image-7977\" srcset=\"https:\/\/focotocantinense.com.br\/wp-content\/uploads\/2024\/07\/f12549f6-d5ee-4de6-b20e-542295304229.jpg 842w, https:\/\/focotocantinense.com.br\/wp-content\/uploads\/2024\/07\/f12549f6-d5ee-4de6-b20e-542295304229-300x170.jpg 300w, https:\/\/focotocantinense.com.br\/wp-content\/uploads\/2024\/07\/f12549f6-d5ee-4de6-b20e-542295304229-768x435.jpg 768w\" sizes=\"auto, (max-width: 842px) 100vw, 842px\" \/><\/figure>\n\n\n\n<p><\/p>\n\n\n\n<figure class=\"wp-block-image size-full\"><img loading=\"lazy\" decoding=\"async\" width=\"1024\" height=\"536\" src=\"https:\/\/focotocantinense.com.br\/wp-content\/uploads\/2024\/07\/449800351_937867561683841_5424056199998071373_n-1.png\" alt=\"\" class=\"wp-image-7972\" srcset=\"https:\/\/focotocantinense.com.br\/wp-content\/uploads\/2024\/07\/449800351_937867561683841_5424056199998071373_n-1.png 1024w, https:\/\/focotocantinense.com.br\/wp-content\/uploads\/2024\/07\/449800351_937867561683841_5424056199998071373_n-1-300x157.png 300w, https:\/\/focotocantinense.com.br\/wp-content\/uploads\/2024\/07\/449800351_937867561683841_5424056199998071373_n-1-768x402.png 768w\" sizes=\"auto, (max-width: 1024px) 100vw, 1024px\" \/><\/figure>\n","protected":false},"excerpt":{"rendered":"<p>Uma hist\u00f3ria que pode revelar muito sobre os costumes e a tradi\u00e7\u00e3o oral do povo Krah\u00f4. \u201cFesta do Peixe e da Lontra \u2013 Hist\u00f3rias do Povo Krah\u00f4\u201d (Tep m\u1ebd T\u00ea\u00eare j\u00f5 amj\u0129k\u0129n \u2013 M\u1ebdh\u0129 jujar\u1ebdn x\u00e0) marca a estreia do fot\u00f3grafo Emerson Silva como documentarista e j\u00e1 est\u00e1 acess\u00edvel no canal YouTube. O document\u00e1rio \u00e9 &hellip;<\/p>\n","protected":false},"author":5,"featured_media":7977,"comment_status":"open","ping_status":"open","sticky":false,"template":"","format":"standard","meta":{"footnotes":""},"categories":[48],"tags":[],"class_list":["post-7976","post","type-post","status-publish","format-standard","has-post-thumbnail","","category-araguatins"],"_links":{"self":[{"href":"https:\/\/focotocantinense.com.br\/index.php?rest_route=\/wp\/v2\/posts\/7976","targetHints":{"allow":["GET"]}}],"collection":[{"href":"https:\/\/focotocantinense.com.br\/index.php?rest_route=\/wp\/v2\/posts"}],"about":[{"href":"https:\/\/focotocantinense.com.br\/index.php?rest_route=\/wp\/v2\/types\/post"}],"author":[{"embeddable":true,"href":"https:\/\/focotocantinense.com.br\/index.php?rest_route=\/wp\/v2\/users\/5"}],"replies":[{"embeddable":true,"href":"https:\/\/focotocantinense.com.br\/index.php?rest_route=%2Fwp%2Fv2%2Fcomments&post=7976"}],"version-history":[{"count":1,"href":"https:\/\/focotocantinense.com.br\/index.php?rest_route=\/wp\/v2\/posts\/7976\/revisions"}],"predecessor-version":[{"id":7978,"href":"https:\/\/focotocantinense.com.br\/index.php?rest_route=\/wp\/v2\/posts\/7976\/revisions\/7978"}],"wp:featuredmedia":[{"embeddable":true,"href":"https:\/\/focotocantinense.com.br\/index.php?rest_route=\/wp\/v2\/media\/7977"}],"wp:attachment":[{"href":"https:\/\/focotocantinense.com.br\/index.php?rest_route=%2Fwp%2Fv2%2Fmedia&parent=7976"}],"wp:term":[{"taxonomy":"category","embeddable":true,"href":"https:\/\/focotocantinense.com.br\/index.php?rest_route=%2Fwp%2Fv2%2Fcategories&post=7976"},{"taxonomy":"post_tag","embeddable":true,"href":"https:\/\/focotocantinense.com.br\/index.php?rest_route=%2Fwp%2Fv2%2Ftags&post=7976"}],"curies":[{"name":"wp","href":"https:\/\/api.w.org\/{rel}","templated":true}]}}