{"id":7970,"date":"2024-07-06T17:29:51","date_gmt":"2024-07-06T20:29:51","guid":{"rendered":"https:\/\/focotocantinense.com.br\/?p=7970"},"modified":"2024-07-06T17:30:36","modified_gmt":"2024-07-06T20:30:36","slug":"criancada-conta-com-colonia-de-ferias-gratuita-em-tocantinia-nessa-temporada-de-praia","status":"publish","type":"post","link":"https:\/\/focotocantinense.com.br\/?p=7970","title":{"rendered":"Crian\u00e7ada conta com col\u00f4nia de f\u00e9rias gratuita em Tocant\u00ednia nessa temporada de praia"},"content":{"rendered":"\n<p><strong>Por Zacarias Martins<\/strong><\/p>\n\n\n\n<p>A Prefeitura de Tocant\u00ednia, por meio da Secretaria Municipal de Educa\u00e7\u00e3o \u2013 Semed, montou uma Col\u00f4nia de F\u00e9rias no Centro de Refer\u00eancia do Projeto Leitura Viva, na Pra\u00e7a Valperino Gomes De Oliveira, &nbsp;disponibilizando uma movimentada programa\u00e7\u00e3o para as crian\u00e7as do munic\u00edpio.<\/p>\n\n\n\n<p>Conta\u00e7\u00e3o de hist\u00f3rias, Karaok\u00ea, exibi\u00e7\u00e3o de v\u00eddeos, sarau liter\u00e1rio, brinquedos e at\u00e9 mesmo, sorteio de brindes, s\u00e3o alguns dos atrativos para as crian\u00e7as que visitam o Centro de Refer\u00eancia do Projeto leitura Viva e que tem chamado a aten\u00e7\u00e3o, n\u00e3o s\u00f3 dos moradores&nbsp; de Tocant\u00ednia, mas, tamb\u00e9m, de pessoas que visitam a cidade nessa \u00e9poca do ano, por conta do per\u00edodo de f\u00e9rias escolares.<\/p>\n\n\n\n<p>A Col\u00f4nia de F\u00e9rias no Centro de Refer\u00eancia do Projeto Leitura Viva se transformou em mais uma boa op\u00e7\u00e3o de lazer para as crian\u00e7as no munic\u00edpio de Tocant\u00ednia, promovendo o desenvolvimento social, cultural e psicol\u00f3gico, em um ambiente seguro e descontra\u00eddo.<\/p>\n\n\n\n<figure class=\"wp-block-image size-full is-resized\"><img loading=\"lazy\" decoding=\"async\" width=\"960\" height=\"720\" src=\"https:\/\/focotocantinense.com.br\/wp-content\/uploads\/2024\/07\/SSSS.jpg\" alt=\"\" class=\"wp-image-7971\" style=\"width:382px;height:auto\" srcset=\"https:\/\/focotocantinense.com.br\/wp-content\/uploads\/2024\/07\/SSSS.jpg 960w, https:\/\/focotocantinense.com.br\/wp-content\/uploads\/2024\/07\/SSSS-300x225.jpg 300w, https:\/\/focotocantinense.com.br\/wp-content\/uploads\/2024\/07\/SSSS-768x576.jpg 768w\" sizes=\"auto, (max-width: 960px) 100vw, 960px\" \/><\/figure>\n\n\n\n<p><\/p>\n\n\n\n<figure class=\"wp-block-image size-full\"><img loading=\"lazy\" decoding=\"async\" width=\"1024\" height=\"536\" src=\"https:\/\/focotocantinense.com.br\/wp-content\/uploads\/2024\/07\/449800351_937867561683841_5424056199998071373_n-1.png\" alt=\"\" class=\"wp-image-7972\" srcset=\"https:\/\/focotocantinense.com.br\/wp-content\/uploads\/2024\/07\/449800351_937867561683841_5424056199998071373_n-1.png 1024w, https:\/\/focotocantinense.com.br\/wp-content\/uploads\/2024\/07\/449800351_937867561683841_5424056199998071373_n-1-300x157.png 300w, https:\/\/focotocantinense.com.br\/wp-content\/uploads\/2024\/07\/449800351_937867561683841_5424056199998071373_n-1-768x402.png 768w\" sizes=\"auto, (max-width: 1024px) 100vw, 1024px\" \/><\/figure>\n","protected":false},"excerpt":{"rendered":"<p>Por Zacarias Martins A Prefeitura de Tocant\u00ednia, por meio da Secretaria Municipal de Educa\u00e7\u00e3o \u2013 Semed, montou uma Col\u00f4nia de F\u00e9rias no Centro de Refer\u00eancia do Projeto Leitura Viva, na Pra\u00e7a Valperino Gomes De Oliveira, &nbsp;disponibilizando uma movimentada programa\u00e7\u00e3o para as crian\u00e7as do munic\u00edpio. Conta\u00e7\u00e3o de hist\u00f3rias, Karaok\u00ea, exibi\u00e7\u00e3o de v\u00eddeos, sarau liter\u00e1rio, brinquedos e &hellip;<\/p>\n","protected":false},"author":5,"featured_media":7971,"comment_status":"open","ping_status":"open","sticky":false,"template":"","format":"standard","meta":{"footnotes":""},"categories":[78],"tags":[],"class_list":["post-7970","post","type-post","status-publish","format-standard","has-post-thumbnail","","category-tocantinia"],"_links":{"self":[{"href":"https:\/\/focotocantinense.com.br\/index.php?rest_route=\/wp\/v2\/posts\/7970","targetHints":{"allow":["GET"]}}],"collection":[{"href":"https:\/\/focotocantinense.com.br\/index.php?rest_route=\/wp\/v2\/posts"}],"about":[{"href":"https:\/\/focotocantinense.com.br\/index.php?rest_route=\/wp\/v2\/types\/post"}],"author":[{"embeddable":true,"href":"https:\/\/focotocantinense.com.br\/index.php?rest_route=\/wp\/v2\/users\/5"}],"replies":[{"embeddable":true,"href":"https:\/\/focotocantinense.com.br\/index.php?rest_route=%2Fwp%2Fv2%2Fcomments&post=7970"}],"version-history":[{"count":2,"href":"https:\/\/focotocantinense.com.br\/index.php?rest_route=\/wp\/v2\/posts\/7970\/revisions"}],"predecessor-version":[{"id":7974,"href":"https:\/\/focotocantinense.com.br\/index.php?rest_route=\/wp\/v2\/posts\/7970\/revisions\/7974"}],"wp:featuredmedia":[{"embeddable":true,"href":"https:\/\/focotocantinense.com.br\/index.php?rest_route=\/wp\/v2\/media\/7971"}],"wp:attachment":[{"href":"https:\/\/focotocantinense.com.br\/index.php?rest_route=%2Fwp%2Fv2%2Fmedia&parent=7970"}],"wp:term":[{"taxonomy":"category","embeddable":true,"href":"https:\/\/focotocantinense.com.br\/index.php?rest_route=%2Fwp%2Fv2%2Fcategories&post=7970"},{"taxonomy":"post_tag","embeddable":true,"href":"https:\/\/focotocantinense.com.br\/index.php?rest_route=%2Fwp%2Fv2%2Ftags&post=7970"}],"curies":[{"name":"wp","href":"https:\/\/api.w.org\/{rel}","templated":true}]}}