{"id":7961,"date":"2024-07-05T21:35:28","date_gmt":"2024-07-06T00:35:28","guid":{"rendered":"https:\/\/focotocantinense.com.br\/?p=7961"},"modified":"2024-07-05T21:38:37","modified_gmt":"2024-07-06T00:38:37","slug":"inclusao-social-diversidade-e-acessibilidade-na-11a-edicao-do-festival-de-circo-de-taquarucu","status":"publish","type":"post","link":"https:\/\/focotocantinense.com.br\/?p=7961","title":{"rendered":"Inclus\u00e3o social, diversidade e acessibilidade na 11\u00aa edi\u00e7\u00e3o do Festival de Circo de Taquaru\u00e7u"},"content":{"rendered":"\n<p><\/p>\n\n\n\n<p>&#8220;Ser artista de Circo \u00e9 meu sonho. Eu me encontro em todas as atividades e quero aprender cada vez mais para um dia me tornar um grande profissional como os que est\u00e3o apresentando aqui no Festival.&#8221; O depoimento \u00e9 do aluno do projeto Circo Social, do Circo Os Kaco, Marcos Paulo Pereira de Oliveira, de 13 anos.<\/p>\n\n\n\n<p>Ele foi uma das atra\u00e7\u00f5es da abertura do evento neste ano, oferecendo ao p\u00fablico o que aprendeu nos \u00faltimos seis meses. Dentre as atividades de prefer\u00eancia, ele destaca o malabares. &#8220;Eu j\u00e1 aprendi o monociclo, malabares e perna de pau, mas penso ainda em aprender bolha de sab\u00e3o e tamb\u00e9m a ser palha\u00e7o e equilibrista &#8220;, projeta Marcos Paulo.<\/p>\n\n\n\n<p>O sonho dele se assemelha a de outras 15 pessoas que participam do projeto &#8220;Circo Social\u201d, tema do evento neste ano. A iniciativa h\u00e1 11 anos transforma a realidade de muitas crian\u00e7as e adolescentes de Taquaru\u00e7u, com a oportunidade de aprender de forma gratuita os pilares b\u00e1sicos da Arte- Educa\u00e7\u00e3o, Educa\u00e7\u00e3o Popular e Circo Social. A formatura desses estudantes ser\u00e1 no s\u00e1bado, com apresenta\u00e7\u00e3o na Pra\u00e7a Joaquim Maraca\u00edpe.<\/p>\n\n\n\n<figure class=\"wp-block-image size-large is-resized\"><img loading=\"lazy\" decoding=\"async\" width=\"1024\" height=\"683\" src=\"https:\/\/focotocantinense.com.br\/wp-content\/uploads\/2024\/07\/IMG_6972-1024x683.jpg\" alt=\"\" class=\"wp-image-7962\" style=\"width:385px;height:auto\" srcset=\"https:\/\/focotocantinense.com.br\/wp-content\/uploads\/2024\/07\/IMG_6972-1024x683.jpg 1024w, https:\/\/focotocantinense.com.br\/wp-content\/uploads\/2024\/07\/IMG_6972-300x200.jpg 300w, https:\/\/focotocantinense.com.br\/wp-content\/uploads\/2024\/07\/IMG_6972-768x512.jpg 768w, https:\/\/focotocantinense.com.br\/wp-content\/uploads\/2024\/07\/IMG_6972-1536x1024.jpg 1536w, https:\/\/focotocantinense.com.br\/wp-content\/uploads\/2024\/07\/IMG_6972-2048x1365.jpg 2048w\" sizes=\"auto, (max-width: 1024px) 100vw, 1024px\" \/><\/figure>\n\n\n\n<p><\/p>\n\n\n\n<p><strong>Acessibilidade<\/strong><br>A inclus\u00e3o social \u00e9 destacada nesta edi\u00e7\u00e3o do evento tamb\u00e9m atrav\u00e9s da Acessibilidade. O espa\u00e7o do Circo Os Kaco foi adaptado com rampas para acesso de pessoas com defici\u00eancia, h\u00e1 interpreta\u00e7\u00e3o em Libras em todos os espet\u00e1culos e a equipe conta com monitores de acessibilidade.<\/p>\n\n\n\n<p>A estudante de Direito Michele Veras atuou como monitora na abertura e aprovou a iniciativa. &#8220;Eu monitoro e apoio a inclus\u00e3o de pessoas com defici\u00eancia, gestantes, lactantes, obesas, crian\u00e7as de colo como grupos priorit\u00e1rios. Ter esse olhar para as minorias \u00e9 essencial e deveria acontecer em todos os eventos. Eu tenho defici\u00eancia visual, sendo baixa vis\u00e3o, e estou adorando dar esse suporte onde eu ensino, mas principalmente aprendo sobre inclus\u00e3o e acessibilidade na pr\u00e1tica&#8221;, explica Michele.<\/p>\n\n\n\n<p><strong>Abertura<\/strong><br>A abertura do evento aconteceu na lona do Circo Os Kaco e contou com lan\u00e7amento de livro que apresentou a pr\u00e1tica da t\u00e9cnica circense M\u00e3o a M\u00e3o, desenvolvida por Mano a Mana; o show Kadulino, O Palha\u00e7o Corda Bamba por Kadu Olivi\u00ea; e os espet\u00e1culos Rato de Biblioteca por Cia Arte Poesia que Gira (GO), interven\u00e7\u00e3o circense, Experimento 360 por Saracura do Brejo (GO) e Variet\u00ea Circo na Serra, que reuniu uma diversidade de atra\u00e7\u00f5es como palha\u00e7os, malabaristas, contorcionistas e muito mais. A programa\u00e7\u00e3o da noite se encerrou com show de forr\u00f3 p\u00e9-de-serra com a banda Para\u00edba dos 8 Baixos.<br><strong><br>Programa\u00e7\u00e3o<\/strong><br>Todas as atra\u00e7\u00f5es t\u00eam entrada franca e o Festival segue at\u00e9 domingo, 07. Nesta sexta-feira, 05, o Festival recebe oficinas pela manh\u00e3, cortejo pelas ruas de Taquaru\u00e7u de tarde e, \u00e0 noite, os espet\u00e1culos Atravessando Lugares por Mano a Mana (SP), O Alto da Serra Talhada com a quadrilha junina Matutos da Noite (TO), YOYO Sebastian Godoy (ARG) e Noite de Habilidades.<\/p>\n\n\n\n<figure class=\"wp-block-image size-large is-resized\"><img loading=\"lazy\" decoding=\"async\" width=\"1024\" height=\"683\" src=\"https:\/\/focotocantinense.com.br\/wp-content\/uploads\/2024\/07\/IMG_6920-1024x683.jpg\" alt=\"\" class=\"wp-image-7965\" style=\"width:839px;height:auto\" srcset=\"https:\/\/focotocantinense.com.br\/wp-content\/uploads\/2024\/07\/IMG_6920-1024x683.jpg 1024w, https:\/\/focotocantinense.com.br\/wp-content\/uploads\/2024\/07\/IMG_6920-300x200.jpg 300w, https:\/\/focotocantinense.com.br\/wp-content\/uploads\/2024\/07\/IMG_6920-768x512.jpg 768w, https:\/\/focotocantinense.com.br\/wp-content\/uploads\/2024\/07\/IMG_6920-1536x1024.jpg 1536w, https:\/\/focotocantinense.com.br\/wp-content\/uploads\/2024\/07\/IMG_6920-2048x1365.jpg 2048w\" sizes=\"auto, (max-width: 1024px) 100vw, 1024px\" \/><\/figure>\n\n\n\n<p><\/p>\n\n\n\n<p><strong>Festival<\/strong><br>Est\u00e3o previstas mais de 50 artistas regionais, nacionais e internacionais, visando a forma\u00e7\u00e3o circense e a forma\u00e7\u00e3o de plateia. O picadeiro mais conhecido do Norte do Pa\u00eds, o Festival de Circo vai receber neste ano uma diversidade de atra\u00e7\u00f5es circenses como tamb\u00e9m, quadrilha junina, grupo de capoeira, oficinas, cortejos e apresenta\u00e7\u00f5es culturais, sendo as atra\u00e7\u00f5es dos estados do Tocantins, Goi\u00e1s, Mato Grosso, S\u00e3o Paulo, Rio de Janeiro e ainda dos pa\u00edses, Argentina e Col\u00f4mbia.<\/p>\n\n\n\n<p>A realiza\u00e7\u00e3o \u00e9 do Circo Os Kaco com produ\u00e7\u00e3o executiva da produtora IUNA Criativa e apoio da Prefeitura de Palmas.<br><br><strong>Programa\u00e7\u00e3o do Festival:<\/strong><br><br><strong>&#8211; Sexta-feira, 05\/07<\/strong><br>Circo Os Kaco<br>9h- Oficinas para artistas \u2013 M\u00e3o a M\u00e3o por Mano a Mana (SP), Palha\u00e7aria com Sebastian Godoy (Arg) e Perna de Pau com Duo Binne My (Col)<br><br>17 hs- Cortejo pela cidade at\u00e9 a pra\u00e7a Maraca\u00edpe<br><br><strong>Espet\u00e1culos Pra\u00e7a Maraca\u00edpe<\/strong><br>18hs- Atravessando Lugares por Mano a Mana (SP)<br>19hs \u2013 O Alto da Serra Talhada &#8211; Quadrilha Junina Matuto da Noite&nbsp;(TO)<br>19h30 &#8211; YOYO &#8211; Sebastian Godoy (ARG)<br>20h30 &#8211; Noite de Habilidades<br><br><strong>&#8211; S\u00e1bado, 06 de julho<\/strong><br>No Circo Os Kaco<br>9h \u2013 Permacirco por Juciely Rocha (TO)<br>10h30 \u2013 Espet\u00e1culo Meu Lixo \u00e9 o Circo por Circo Os Kaco<br>15hs- Oficinas Bambol\u00ea com Saracura do Brejo (GO) e Bolha de sab\u00e3o com Thiago Carva (RJ), Acrobacia de Solo com Duo Urbano (SP) e Tecido Acrob\u00e1tico com D\u00e9bora Motta (RJ)<br><br><strong>Espet\u00e1culos Pra\u00e7a Maraca\u00edpe<\/strong><br>18h \u2013 Malagueta na Labuta por Far\u00e2ndola Teatro e Circo (GO)<br>19hs &#8211;&nbsp; Mostra Taquarucirco &#8211; Projeto Arte e Cidadania<br>20hs &#8211; Noite de Gala<br><strong><br>Domingo, 07 de julho<\/strong><br>No Circo Os Kaco<br>15h &#8211; Roda de Capoeira: Capoeira n\u00e3o \u00e9 s\u00f3 jogo! &#8211; roda, musicalidade, oralidade com Mestre Matoso (TO)<br><br><strong>Espet\u00e1culos na Pra\u00e7a Maraca\u00edpe<\/strong><br>17h- Interven\u00e7\u00e3o Circense<br>18h- O Incr\u00edvel Circo do Churumello por Churumello Circus (RJ)<br>19h \u2013 Corpo e Movimento por Comunidade Ballroom (TO) e Sombras do Hip Hop (TO)<br>20hs &#8211; Noite da Palha\u00e7ada&nbsp;<\/p>\n\n\n\n<p><\/p>\n\n\n\n<figure class=\"wp-block-image size-full\"><img loading=\"lazy\" decoding=\"async\" width=\"1024\" height=\"536\" src=\"https:\/\/focotocantinense.com.br\/wp-content\/uploads\/2024\/07\/449800351_937867561683841_5424056199998071373_n.png\" alt=\"\" class=\"wp-image-7967\" srcset=\"https:\/\/focotocantinense.com.br\/wp-content\/uploads\/2024\/07\/449800351_937867561683841_5424056199998071373_n.png 1024w, https:\/\/focotocantinense.com.br\/wp-content\/uploads\/2024\/07\/449800351_937867561683841_5424056199998071373_n-300x157.png 300w, https:\/\/focotocantinense.com.br\/wp-content\/uploads\/2024\/07\/449800351_937867561683841_5424056199998071373_n-768x402.png 768w\" sizes=\"auto, (max-width: 1024px) 100vw, 1024px\" \/><\/figure>\n\n\n\n<p><br>&#8212;<\/p>\n\n\n\n<p><\/p>\n","protected":false},"excerpt":{"rendered":"<p>&#8220;Ser artista de Circo \u00e9 meu sonho. Eu me encontro em todas as atividades e quero aprender cada vez mais para um dia me tornar um grande profissional como os que est\u00e3o apresentando aqui no Festival.&#8221; O depoimento \u00e9 do aluno do projeto Circo Social, do Circo Os Kaco, Marcos Paulo Pereira de Oliveira, de &hellip;<\/p>\n","protected":false},"author":5,"featured_media":7962,"comment_status":"open","ping_status":"open","sticky":false,"template":"","format":"standard","meta":{"footnotes":""},"categories":[104],"tags":[],"class_list":["post-7961","post","type-post","status-publish","format-standard","has-post-thumbnail","","category-cultura"],"_links":{"self":[{"href":"https:\/\/focotocantinense.com.br\/index.php?rest_route=\/wp\/v2\/posts\/7961","targetHints":{"allow":["GET"]}}],"collection":[{"href":"https:\/\/focotocantinense.com.br\/index.php?rest_route=\/wp\/v2\/posts"}],"about":[{"href":"https:\/\/focotocantinense.com.br\/index.php?rest_route=\/wp\/v2\/types\/post"}],"author":[{"embeddable":true,"href":"https:\/\/focotocantinense.com.br\/index.php?rest_route=\/wp\/v2\/users\/5"}],"replies":[{"embeddable":true,"href":"https:\/\/focotocantinense.com.br\/index.php?rest_route=%2Fwp%2Fv2%2Fcomments&post=7961"}],"version-history":[{"count":4,"href":"https:\/\/focotocantinense.com.br\/index.php?rest_route=\/wp\/v2\/posts\/7961\/revisions"}],"predecessor-version":[{"id":7969,"href":"https:\/\/focotocantinense.com.br\/index.php?rest_route=\/wp\/v2\/posts\/7961\/revisions\/7969"}],"wp:featuredmedia":[{"embeddable":true,"href":"https:\/\/focotocantinense.com.br\/index.php?rest_route=\/wp\/v2\/media\/7962"}],"wp:attachment":[{"href":"https:\/\/focotocantinense.com.br\/index.php?rest_route=%2Fwp%2Fv2%2Fmedia&parent=7961"}],"wp:term":[{"taxonomy":"category","embeddable":true,"href":"https:\/\/focotocantinense.com.br\/index.php?rest_route=%2Fwp%2Fv2%2Fcategories&post=7961"},{"taxonomy":"post_tag","embeddable":true,"href":"https:\/\/focotocantinense.com.br\/index.php?rest_route=%2Fwp%2Fv2%2Ftags&post=7961"}],"curies":[{"name":"wp","href":"https:\/\/api.w.org\/{rel}","templated":true}]}}