{"id":7955,"date":"2024-07-05T18:26:17","date_gmt":"2024-07-05T21:26:17","guid":{"rendered":"https:\/\/focotocantinense.com.br\/?p=7955"},"modified":"2024-07-05T18:26:18","modified_gmt":"2024-07-05T21:26:18","slug":"dia-historico-prefeita-josi-nunes-assina-ordem-de-servicos-para-inicio-da-construcao-da-nova-rodoviaria-de-gurupi","status":"publish","type":"post","link":"https:\/\/focotocantinense.com.br\/?p=7955","title":{"rendered":"Dia hist\u00f3rico: Prefeita Josi Nunes assina ordem de servi\u00e7os para in\u00edcio da constru\u00e7\u00e3o da nova rodovi\u00e1ria de Gurupi"},"content":{"rendered":"\n<p>O in\u00edcio de um grande sonho foi realizado na tarde desta sexta-feira, 05: a assinatura da ordem de servi\u00e7os para a constru\u00e7\u00e3o da nova rodovi\u00e1ria de Gurupi, que ser\u00e1 edificada em uma \u00e1rea no Trevo Sul \u2013 no encontro da Avenida Goi\u00e1s com a BR-153 \u2013 antigo posto Cometa, adquirida pela Prefeitura junto a uma empresa privada.<\/p>\n\n\n\n<p>A obra, or\u00e7ada em R$ 13 milh\u00f5es, ter\u00e1 uma \u00e1rea constru\u00edda de 3.500m\u00b2, sendo que j\u00e1 est\u00e3o garantidos R$ 10 milh\u00f5es destinados pela senadora Professora Dorinha, dos quais, R$ 2 milh\u00f5es foram pagos nesta sexta-feira, possibilitando o in\u00edcio dessa obra aguardada pelos gurupienses h\u00e1 d\u00e9cadas.<\/p>\n\n\n\n<p>A prefeita de Gurupi, Josi Nunes, destacou que gra\u00e7as ao bom relacionamento em Bras\u00edlia junto aos parlamentares federais, conseguiu a destina\u00e7\u00e3o de recursos, e tamb\u00e9m ao empenho de toda a equipe da Prefeitura foi poss\u00edvel organizar todos os tr\u00e2mites para que esse sonho fosse iniciado.<\/p>\n\n\n\n<p>A prefeita ressaltou toda a parceria da senadora Professora Dorinha, que n\u00e3o mediu esfor\u00e7os para destinar os recursos. \u201cMuita gratid\u00e3o \u00e0 senadora Dorinha, grande parceira de nossa gest\u00e3o e grande amiga de Gurupi\u201d, destacou.<\/p>\n\n\n\n<p>Josi Nunes enfatizou que o atual terminal rodovi\u00e1rio est\u00e1 muito abaixo das necessidades dos gurupienses e agora ser\u00e1 iniciada a constru\u00e7\u00e3o de um pr\u00e9dio moderno. \u201cGurupi h\u00e1 anos merece uma rodovi\u00e1ria \u00e0 altura da nossa popula\u00e7\u00e3o e temos um projeto lindo, confort\u00e1vel, din\u00e2mico e moderno que ser\u00e1 implantado para atender a demanda da nossa popula\u00e7\u00e3o e de todos os visitantes que passam por nossa cidade. Hoje \u00e9 um dia muito feliz e gra\u00e7as ao nosso trabalho conseguimos a libera\u00e7\u00e3o deste recurso e vamos dar in\u00edcio a esse grande sonho. Mais um compromisso que foi firmado que torna-se realidade\u201d, enfatizou.<\/p>\n\n\n\n<figure class=\"wp-block-image size-large\"><img loading=\"lazy\" decoding=\"async\" width=\"1024\" height=\"682\" src=\"https:\/\/focotocantinense.com.br\/wp-content\/uploads\/2024\/07\/AAAAAA-1024x682.jpeg\" alt=\"\" class=\"wp-image-7956\" srcset=\"https:\/\/focotocantinense.com.br\/wp-content\/uploads\/2024\/07\/AAAAAA-1024x682.jpeg 1024w, https:\/\/focotocantinense.com.br\/wp-content\/uploads\/2024\/07\/AAAAAA-300x200.jpeg 300w, https:\/\/focotocantinense.com.br\/wp-content\/uploads\/2024\/07\/AAAAAA-768x512.jpeg 768w, https:\/\/focotocantinense.com.br\/wp-content\/uploads\/2024\/07\/AAAAAA-1536x1023.jpeg 1536w, https:\/\/focotocantinense.com.br\/wp-content\/uploads\/2024\/07\/AAAAAA-310x205.jpeg 310w, https:\/\/focotocantinense.com.br\/wp-content\/uploads\/2024\/07\/AAAAAA.jpeg 1600w\" sizes=\"auto, (max-width: 1024px) 100vw, 1024px\" \/><\/figure>\n\n\n\n<p><\/p>\n\n\n\n<figure class=\"wp-block-image size-large\"><img loading=\"lazy\" decoding=\"async\" width=\"1024\" height=\"576\" src=\"https:\/\/focotocantinense.com.br\/wp-content\/uploads\/2024\/07\/BBBB-1024x576.jpeg\" alt=\"\" class=\"wp-image-7958\" srcset=\"https:\/\/focotocantinense.com.br\/wp-content\/uploads\/2024\/07\/BBBB-1024x576.jpeg 1024w, https:\/\/focotocantinense.com.br\/wp-content\/uploads\/2024\/07\/BBBB-300x169.jpeg 300w, https:\/\/focotocantinense.com.br\/wp-content\/uploads\/2024\/07\/BBBB-768x432.jpeg 768w, https:\/\/focotocantinense.com.br\/wp-content\/uploads\/2024\/07\/BBBB-1536x864.jpeg 1536w, https:\/\/focotocantinense.com.br\/wp-content\/uploads\/2024\/07\/BBBB.jpeg 1600w\" sizes=\"auto, (max-width: 1024px) 100vw, 1024px\" \/><\/figure>\n\n\n\n<p><\/p>\n\n\n\n<figure class=\"wp-block-image size-full\"><img loading=\"lazy\" decoding=\"async\" width=\"768\" height=\"432\" src=\"https:\/\/focotocantinense.com.br\/wp-content\/uploads\/2024\/07\/CCCC.jpeg\" alt=\"\" class=\"wp-image-7957\" srcset=\"https:\/\/focotocantinense.com.br\/wp-content\/uploads\/2024\/07\/CCCC.jpeg 768w, https:\/\/focotocantinense.com.br\/wp-content\/uploads\/2024\/07\/CCCC-300x169.jpeg 300w\" sizes=\"auto, (max-width: 768px) 100vw, 768px\" \/><\/figure>\n\n\n\n<p><strong>Maquete da nova Rodovi\u00e1ria de Gurupi<\/strong><\/p>\n\n\n\n<figure class=\"wp-block-image size-full\"><img loading=\"lazy\" decoding=\"async\" width=\"843\" height=\"251\" src=\"https:\/\/focotocantinense.com.br\/wp-content\/uploads\/2024\/07\/VINI_181_282-1-4.jpg\" alt=\"\" class=\"wp-image-7951\" srcset=\"https:\/\/focotocantinense.com.br\/wp-content\/uploads\/2024\/07\/VINI_181_282-1-4.jpg 843w, https:\/\/focotocantinense.com.br\/wp-content\/uploads\/2024\/07\/VINI_181_282-1-4-300x89.jpg 300w, https:\/\/focotocantinense.com.br\/wp-content\/uploads\/2024\/07\/VINI_181_282-1-4-768x229.jpg 768w\" sizes=\"auto, (max-width: 843px) 100vw, 843px\" \/><\/figure>\n","protected":false},"excerpt":{"rendered":"<p>O in\u00edcio de um grande sonho foi realizado na tarde desta sexta-feira, 05: a assinatura da ordem de servi\u00e7os para a constru\u00e7\u00e3o da nova rodovi\u00e1ria de Gurupi, que ser\u00e1 edificada em uma \u00e1rea no Trevo Sul \u2013 no encontro da Avenida Goi\u00e1s com a BR-153 \u2013 antigo posto Cometa, adquirida pela Prefeitura junto a uma &hellip;<\/p>\n","protected":false},"author":5,"featured_media":7956,"comment_status":"open","ping_status":"open","sticky":false,"template":"","format":"standard","meta":{"footnotes":""},"categories":[79],"tags":[],"class_list":["post-7955","post","type-post","status-publish","format-standard","has-post-thumbnail","","category-guarai"],"_links":{"self":[{"href":"https:\/\/focotocantinense.com.br\/index.php?rest_route=\/wp\/v2\/posts\/7955","targetHints":{"allow":["GET"]}}],"collection":[{"href":"https:\/\/focotocantinense.com.br\/index.php?rest_route=\/wp\/v2\/posts"}],"about":[{"href":"https:\/\/focotocantinense.com.br\/index.php?rest_route=\/wp\/v2\/types\/post"}],"author":[{"embeddable":true,"href":"https:\/\/focotocantinense.com.br\/index.php?rest_route=\/wp\/v2\/users\/5"}],"replies":[{"embeddable":true,"href":"https:\/\/focotocantinense.com.br\/index.php?rest_route=%2Fwp%2Fv2%2Fcomments&post=7955"}],"version-history":[{"count":1,"href":"https:\/\/focotocantinense.com.br\/index.php?rest_route=\/wp\/v2\/posts\/7955\/revisions"}],"predecessor-version":[{"id":7959,"href":"https:\/\/focotocantinense.com.br\/index.php?rest_route=\/wp\/v2\/posts\/7955\/revisions\/7959"}],"wp:featuredmedia":[{"embeddable":true,"href":"https:\/\/focotocantinense.com.br\/index.php?rest_route=\/wp\/v2\/media\/7956"}],"wp:attachment":[{"href":"https:\/\/focotocantinense.com.br\/index.php?rest_route=%2Fwp%2Fv2%2Fmedia&parent=7955"}],"wp:term":[{"taxonomy":"category","embeddable":true,"href":"https:\/\/focotocantinense.com.br\/index.php?rest_route=%2Fwp%2Fv2%2Fcategories&post=7955"},{"taxonomy":"post_tag","embeddable":true,"href":"https:\/\/focotocantinense.com.br\/index.php?rest_route=%2Fwp%2Fv2%2Ftags&post=7955"}],"curies":[{"name":"wp","href":"https:\/\/api.w.org\/{rel}","templated":true}]}}