{"id":7945,"date":"2024-07-04T17:29:45","date_gmt":"2024-07-04T20:29:45","guid":{"rendered":"https:\/\/focotocantinense.com.br\/?p=7945"},"modified":"2024-07-04T17:29:45","modified_gmt":"2024-07-04T20:29:45","slug":"sesc-gurupi-recebe-a-exposicao-fotografica-retratos-do-brasil-profundo-de-franca-vilarinho","status":"publish","type":"post","link":"https:\/\/focotocantinense.com.br\/?p=7945","title":{"rendered":"Sesc Gurupi recebe a exposi\u00e7\u00e3o fotogr\u00e1fica \u201cRetratos do Brasil Profundo\u201d de Franca Vilarinho"},"content":{"rendered":"\n<p><br>A Galeria Sesc de Artes do Centro de Atividades do Sesc em Gurupi recebe, a partir do dia 05 de julho, a exposi\u00e7\u00e3o fotogr\u00e1fica \u201cRetratos do Brasil Profundo\u201d de Franca Vilarinho. A abertura da exposi\u00e7\u00e3o acontece no dia 05 de julho \u00e0s 19h, tem entrada gratuita e fica aberta \u00e0 visita\u00e7\u00e3o at\u00e9 o dia 28 de agosto. Al\u00e9m disso, a programa\u00e7\u00e3o contar\u00e1, ainda, com palestras e oficinas de fotografia abertas ao p\u00fablico.<\/p>\n\n\n\n<p><strong>Retratos do Brasil Profundo<\/strong><\/p>\n\n\n\n<p>A exposi\u00e7\u00e3o retrata cenas do cotidiano, dos festejos religiosos, da comemora\u00e7\u00e3o, da f\u00e9 e do suor de negros e ind\u00edgenas do Brasil. Al\u00e9m disso, traz tamb\u00e9m recortes do sert\u00e3o \u00e1rido e seco do Brasil central, rico em hist\u00f3rias e tradi\u00e7\u00f5es herdadas dos antepassados africanos, ainda presentes nas festas religiosas e na m\u00fasica.<\/p>\n\n\n\n<p>\u201cRetratos do Brasil Profundo\u201d \u00e9 composta por trinta fotografias coloridas e em preto e branco, revelam sobretudo os tra\u00e7os marcantes de povos que lutam em prol de suas tradi\u00e7\u00f5es, do territ\u00f3rio e pela preserva\u00e7\u00e3o da identidade do seu povo. As fotografias t\u00eam como objetivo trazer a reflex\u00e3o sobre o passado silenciado de tempos sombrios, daquelas pessoas que chegaram aqui em navios negreiros e das outras que aqui j\u00e1 estavam.<\/p>\n\n\n\n<p><strong>Programa\u00e7\u00e3o<\/strong><\/p>\n\n\n\n<p>05\/07 \u2013 19h: Abertura da Exposi\u00e7\u00e3o Fotogr\u00e1fica \u201cRetratos do Brasil Profundo\u201d;<\/p>\n\n\n\n<p>06\/07 a 28\/08 \u2013 8h \u00e0s 21h: Exposi\u00e7\u00e3o Fotogr\u00e1fica \u201cRetratos do Brasil Profundo\u201d;<\/p>\n\n\n\n<p>27 e 28\/08 \u2013 9h \u00e0s 12h: Oficina de Fotografia \u201cUniverso \u00e0 Volta\u201d;<\/p>\n\n\n\n<p>28\/08 \u2013 19h: Palestra \u201cRetratos do Brasil Profundo;<\/p>\n\n\n\n<p>Os interessados em participar da Palestra e Oficina podem se inscrever no site&nbsp;<a href=\"http:\/\/www.sescto.com.br\/\" target=\"_blank\" rel=\"noreferrer noopener\">www.sescto.com.br<\/a><\/p>\n\n\n\n<p>Sobre a artista A jornalista e fot\u00f3grafa, Franca Vilarinho, \u00e9 maranhense mas cresceu em Bras\u00edlia, \u00e9 graduada em Comunica\u00e7\u00e3o Social com habilita\u00e7\u00e3o em Jornalismo pela faculdade Anhanguera de Bras\u00edlia, tem licenciatura em Artes Visuais, e al\u00e9m disso \u00e9 rep\u00f3rter fotogr\u00e1fica. Ganhou pr\u00eamios em diversos concursos dentro e fora do Brasil.<\/p>\n\n\n\n<p><strong>Galeria Sesc de Artes<\/strong><\/p>\n\n\n\n<p>A Galeria Sesc de Artes est\u00e1 presente nas unidades de Palmas e Gurupi. Destina-se, preferencialmente, \u00e0s exposi\u00e7\u00f5es de Artes Pl\u00e1sticas, Performances, Instala\u00e7\u00f5es e outras experimenta\u00e7\u00f5es no campo das Artes Visuais ligadas, preferencialmente, \u00e0 arte contempor\u00e2nea de artistas locais, nacionais e estrangeiros. Possui espa\u00e7o devidamente equipado e climatizado e com acompanhamento de media\u00e7\u00e3o para os visitantes quando agendado. Est\u00e1 aberta \u00e0 visita\u00e7\u00e3o de segunda \u00e0 sexta-feira, das 08h \u00e0s 21h, com entrada gratuita.<\/p>\n\n\n\n<figure class=\"wp-block-image size-full\"><img loading=\"lazy\" decoding=\"async\" width=\"1023\" height=\"534\" src=\"https:\/\/focotocantinense.com.br\/wp-content\/uploads\/2024\/07\/wwww.png\" alt=\"\" class=\"wp-image-7946\" srcset=\"https:\/\/focotocantinense.com.br\/wp-content\/uploads\/2024\/07\/wwww.png 1023w, https:\/\/focotocantinense.com.br\/wp-content\/uploads\/2024\/07\/wwww-300x157.png 300w, https:\/\/focotocantinense.com.br\/wp-content\/uploads\/2024\/07\/wwww-768x401.png 768w\" sizes=\"auto, (max-width: 1023px) 100vw, 1023px\" \/><\/figure>\n\n\n\n<p><\/p>\n\n\n\n<figure class=\"wp-block-image size-full\"><img loading=\"lazy\" decoding=\"async\" width=\"843\" height=\"251\" src=\"https:\/\/focotocantinense.com.br\/wp-content\/uploads\/2024\/07\/VINI_181_282-1-3.jpg\" alt=\"\" class=\"wp-image-7947\" srcset=\"https:\/\/focotocantinense.com.br\/wp-content\/uploads\/2024\/07\/VINI_181_282-1-3.jpg 843w, https:\/\/focotocantinense.com.br\/wp-content\/uploads\/2024\/07\/VINI_181_282-1-3-300x89.jpg 300w, https:\/\/focotocantinense.com.br\/wp-content\/uploads\/2024\/07\/VINI_181_282-1-3-768x229.jpg 768w\" sizes=\"auto, (max-width: 843px) 100vw, 843px\" \/><\/figure>\n","protected":false},"excerpt":{"rendered":"<p>A Galeria Sesc de Artes do Centro de Atividades do Sesc em Gurupi recebe, a partir do dia 05 de julho, a exposi\u00e7\u00e3o fotogr\u00e1fica \u201cRetratos do Brasil Profundo\u201d de Franca Vilarinho. A abertura da exposi\u00e7\u00e3o acontece no dia 05 de julho \u00e0s 19h, tem entrada gratuita e fica aberta \u00e0 visita\u00e7\u00e3o at\u00e9 o dia 28 &hellip;<\/p>\n","protected":false},"author":5,"featured_media":7946,"comment_status":"open","ping_status":"open","sticky":false,"template":"","format":"standard","meta":{"footnotes":""},"categories":[38],"tags":[],"class_list":["post-7945","post","type-post","status-publish","format-standard","has-post-thumbnail","","category-gurupi"],"_links":{"self":[{"href":"https:\/\/focotocantinense.com.br\/index.php?rest_route=\/wp\/v2\/posts\/7945","targetHints":{"allow":["GET"]}}],"collection":[{"href":"https:\/\/focotocantinense.com.br\/index.php?rest_route=\/wp\/v2\/posts"}],"about":[{"href":"https:\/\/focotocantinense.com.br\/index.php?rest_route=\/wp\/v2\/types\/post"}],"author":[{"embeddable":true,"href":"https:\/\/focotocantinense.com.br\/index.php?rest_route=\/wp\/v2\/users\/5"}],"replies":[{"embeddable":true,"href":"https:\/\/focotocantinense.com.br\/index.php?rest_route=%2Fwp%2Fv2%2Fcomments&post=7945"}],"version-history":[{"count":1,"href":"https:\/\/focotocantinense.com.br\/index.php?rest_route=\/wp\/v2\/posts\/7945\/revisions"}],"predecessor-version":[{"id":7948,"href":"https:\/\/focotocantinense.com.br\/index.php?rest_route=\/wp\/v2\/posts\/7945\/revisions\/7948"}],"wp:featuredmedia":[{"embeddable":true,"href":"https:\/\/focotocantinense.com.br\/index.php?rest_route=\/wp\/v2\/media\/7946"}],"wp:attachment":[{"href":"https:\/\/focotocantinense.com.br\/index.php?rest_route=%2Fwp%2Fv2%2Fmedia&parent=7945"}],"wp:term":[{"taxonomy":"category","embeddable":true,"href":"https:\/\/focotocantinense.com.br\/index.php?rest_route=%2Fwp%2Fv2%2Fcategories&post=7945"},{"taxonomy":"post_tag","embeddable":true,"href":"https:\/\/focotocantinense.com.br\/index.php?rest_route=%2Fwp%2Fv2%2Ftags&post=7945"}],"curies":[{"name":"wp","href":"https:\/\/api.w.org\/{rel}","templated":true}]}}