{"id":794,"date":"2021-02-26T09:14:03","date_gmt":"2021-02-26T12:14:03","guid":{"rendered":"http:\/\/focotocantinense.com.br\/?p=794"},"modified":"2021-02-26T09:16:06","modified_gmt":"2021-02-26T12:16:06","slug":"governador-mauro-carlesse-lanca-pmto-mobile-e-preside-passagem-de-comando-no-4-bpm-de-gurupi","status":"publish","type":"post","link":"https:\/\/focotocantinense.com.br\/?p=794","title":{"rendered":"Governador Mauro Carlesse lan\u00e7a PMTO Mobile e preside passagem de comando no 4\u00b0 BPM de Gurupi"},"content":{"rendered":"\n<figure class=\"wp-block-image\"><img decoding=\"async\" src=\"https:\/\/www.n1to.com.br\/img\/cache\/800x400\/80\/crop\/Imagem-57e9dbd2be044af460dcc96e9d68d53d.jpg\" alt=\"\"\/><\/figure>\n\n\n\n<p>O governador do Estado do Tocantins, Mauro Carlesse, lan\u00e7ou na tarde desta quinta-feira, 25, em Gurupi, o sistema de tecnologia PMTO Mobile, que visa dar maior agilidade ao atendimento policial no Estado. Tamb\u00e9m lan\u00e7ou o Centro de Opera\u00e7\u00f5es Policiais Militares (Copom) e inaugurou a reforma do 4\u00b0&nbsp;Batalh\u00e3o da Pol\u00edcia Militar de Gurupi (4\u00ba BPM).&nbsp;A solenidade foi realizada na sede do Batalh\u00e3o.<\/p>\n\n\n\n<p>Na ocasi\u00e3o, o governador Carlesse, acompanhado do comandante-geral da corpora\u00e7\u00e3o, coronel J\u00falio Manoel da Silva Neto, presidiu a passagem de comando do 4\u00ba BPM, para o tenente-coronel Weslley Dias Costa, no lugar do tamb\u00e9m tenente-coronel Jaime Porf\u00edrio de Souza.&nbsp;<\/p>\n\n\n\n<p>O PMTO Mobile \u00e9 uma plataforma digital voltada para o registro de ocorr\u00eancias e a lavratura de Termos Circunstanciados de Ocorr\u00eancia (TCOs), que amplia a efici\u00eancia e possibilita agilidade nos atendimentos da Pol\u00edcia Militar (PM). O sistema permite a alimenta\u00e7\u00e3o de informa\u00e7\u00f5es, em tempo real, gerando um banco de dados que pode ser compartilhado com institui\u00e7\u00f5es como o Minist\u00e9rio P\u00fablico, a Pol\u00edcia Civil e demais \u00f3rg\u00e3os de seguran\u00e7a, justi\u00e7a e controle social.<\/p>\n\n\n\n<p>O governador Mauro Carlesse destacou que o sistema PMTO Mobile era o que estava faltando para incrementar a atua\u00e7\u00e3o da Pol\u00edcia Militar, al\u00e9m de estar em conson\u00e2ncia com os investimentos em tecnologia feitos pelo Governo Estadual. Segundo o Governador, muitos outros projetos est\u00e3o em curso para modernizar e facilitar as a\u00e7\u00f5es da pol\u00edcia e promover seguran\u00e7a para a popula\u00e7\u00e3o tocantinense.<\/p>\n\n\n\n<p>&#8220;Este \u00e9 um projeto desenvolvido no Estado que est\u00e1 sendo lan\u00e7ado como piloto aqui em Gurupi e, posteriormente, ser\u00e1 lan\u00e7ado em Aragua\u00edna e nas demais localidades do Tocantins. Esse sistema, aliado aos novos policiais que vir\u00e3o a partir do concurso da PM, vai melhorar ainda mais os servi\u00e7os da nossa Pol\u00edcia. E \u00e9 isso o que queremos, que os empres\u00e1rios e as fam\u00edlias que chegam ao Tocantins se sintam acolhidos e seguros com a atua\u00e7\u00e3o do poder p\u00fablico&#8221;, enfatizou o Governador.<\/p>\n\n\n\n<p>O comandante-geral da Pol\u00edcia Militar, coronel Silva Neto, ressaltou as qualidades do novo comandante da corpora\u00e7\u00e3o em Gurupi e as parcerias com o Minist\u00e9rio P\u00fablico do Trabalho, Poder Judici\u00e1rio e Funda\u00e7\u00e3o Pr\u00f3-Tocantins para implanta\u00e7\u00e3o do sistema PMTO Mobile. &#8220;A implanta\u00e7\u00e3o desse projeto vai potencializar o trabalho policial nas ruas, sendo um marco hist\u00f3rico para a corpora\u00e7\u00e3o\u201d, frisou.<\/p>\n\n\n\n<p>A implanta\u00e7\u00e3o do sistema \u00e9 fruto de uma parceria entre a Pol\u00edcia Militar, por meio da Funda\u00e7\u00e3o Pr\u00f3-Tocantins, e o Minist\u00e9rio P\u00fablico do Trabalho, que resultou na destina\u00e7\u00e3o de recursos para a aquisi\u00e7\u00e3o de kits compostos por smartphone\/tablet e impressora t\u00e9rmica port\u00e1til, que ser\u00e3o utilizados nas viaturas da PM.<\/p>\n\n\n\n<p><strong>Mais a\u00e7\u00f5es<\/strong><\/p>\n\n\n\n<p>Ainda na solenidade, o governador Mauro Carlesse efetivou a cria\u00e7\u00e3o do Centro de Opera\u00e7\u00f5es Policiais Militares (Copom) e lan\u00e7ou a opera\u00e7\u00e3o&nbsp;<em>Cidade Blindada<\/em>, com o refor\u00e7o do policiamento preventivo e intensifica\u00e7\u00e3o das a\u00e7\u00f5es de combate \u00e0 criminalidade em Gurupi e regi\u00e3o. O Governador tamb\u00e9m entregou a \u00faltima etapa da reforma do 4\u00ba BPM.<\/p>\n\n\n\n<p><strong>Presen\u00e7as<\/strong><\/p>\n\n\n\n<p>A solenidade foi prestigiada pelo vice-governador Wanderlei Barbosa, pelo deputado federal Carlos Gaguim e pelos deputados estaduais Olyntho Neto e Luana Ribeiro, al\u00e9m do vice-prefeito de Gurupi, Gleydson Nato, secret\u00e1rios de Estado e outras autoridades.<\/p>\n\n\n\n<figure class=\"wp-block-image\"><img decoding=\"async\" src=\"http:\/\/n1to.com.br\/img\/uploads\/cccc.jpg\" alt=\"\"\/><\/figure>\n\n\n\n<p><strong><em>Governador Carlesse destacou investimento em tecnologia para facilitar as a\u00e7\u00f5es da pol\u00edcia e promover seguran\u00e7a<\/em><\/strong><\/p>\n","protected":false},"excerpt":{"rendered":"<p>O governador do Estado do Tocantins, Mauro Carlesse, lan\u00e7ou na tarde desta quinta-feira, 25, em Gurupi, o sistema de tecnologia PMTO Mobile, que visa dar maior agilidade ao atendimento policial no Estado. Tamb\u00e9m lan\u00e7ou o Centro de Opera\u00e7\u00f5es Policiais Militares (Copom) e inaugurou a reforma do 4\u00b0&nbsp;Batalh\u00e3o da Pol\u00edcia Militar de Gurupi (4\u00ba BPM).&nbsp;A solenidade &hellip;<\/p>\n","protected":false},"author":5,"featured_media":797,"comment_status":"open","ping_status":"open","sticky":true,"template":"","format":"standard","meta":{"footnotes":""},"categories":[38,1],"tags":[],"class_list":["post-794","post","type-post","status-publish","format-standard","has-post-thumbnail","","category-gurupi","category-sem-categoria"],"_links":{"self":[{"href":"https:\/\/focotocantinense.com.br\/index.php?rest_route=\/wp\/v2\/posts\/794","targetHints":{"allow":["GET"]}}],"collection":[{"href":"https:\/\/focotocantinense.com.br\/index.php?rest_route=\/wp\/v2\/posts"}],"about":[{"href":"https:\/\/focotocantinense.com.br\/index.php?rest_route=\/wp\/v2\/types\/post"}],"author":[{"embeddable":true,"href":"https:\/\/focotocantinense.com.br\/index.php?rest_route=\/wp\/v2\/users\/5"}],"replies":[{"embeddable":true,"href":"https:\/\/focotocantinense.com.br\/index.php?rest_route=%2Fwp%2Fv2%2Fcomments&post=794"}],"version-history":[{"count":1,"href":"https:\/\/focotocantinense.com.br\/index.php?rest_route=\/wp\/v2\/posts\/794\/revisions"}],"predecessor-version":[{"id":795,"href":"https:\/\/focotocantinense.com.br\/index.php?rest_route=\/wp\/v2\/posts\/794\/revisions\/795"}],"wp:featuredmedia":[{"embeddable":true,"href":"https:\/\/focotocantinense.com.br\/index.php?rest_route=\/wp\/v2\/media\/797"}],"wp:attachment":[{"href":"https:\/\/focotocantinense.com.br\/index.php?rest_route=%2Fwp%2Fv2%2Fmedia&parent=794"}],"wp:term":[{"taxonomy":"category","embeddable":true,"href":"https:\/\/focotocantinense.com.br\/index.php?rest_route=%2Fwp%2Fv2%2Fcategories&post=794"},{"taxonomy":"post_tag","embeddable":true,"href":"https:\/\/focotocantinense.com.br\/index.php?rest_route=%2Fwp%2Fv2%2Ftags&post=794"}],"curies":[{"name":"wp","href":"https:\/\/api.w.org\/{rel}","templated":true}]}}