{"id":7939,"date":"2024-07-04T15:39:21","date_gmt":"2024-07-04T18:39:21","guid":{"rendered":"https:\/\/focotocantinense.com.br\/?p=7939"},"modified":"2024-07-04T15:39:23","modified_gmt":"2024-07-04T18:39:23","slug":"tocantinia-realiza-a-primeira-consulta-publica-da-politica-nacional-da-lei-aldir-blanc-com-artistas-e-produtores-culturais","status":"publish","type":"post","link":"https:\/\/focotocantinense.com.br\/?p=7939","title":{"rendered":"Tocant\u00ednia realiza a primeira consulta p\u00fablica da Pol\u00edtica Nacional da Lei Aldir Blanc com artistas e produtores culturais"},"content":{"rendered":"\n<p>A prefeitura de Tocant\u00ednia por meio da Secretaria Municipal de Cultura realizou na noite desta quarta-feira, 03, uma consulta p\u00fablica presencial sobre a Pol\u00edtica Nacional da Lei Aldir Blanc (PNAB), criada por lei federal.<\/p>\n\n\n\n<p>Os artistas e produtores culturais de Tocant\u00ednia se reuniram na C\u00e2mara Municipal para a primeira escuta p\u00fablica de aplica\u00e7\u00e3o de recursos da Lei Aldir Blanc, regulamentada pela Lei Federal 14.399\/2022. Para Tocant\u00ednia, a uni\u00e3o repassou R$ 63 mil para investir no setor cultural.<\/p>\n\n\n\n<p>Escuta p\u00fablica teve car\u00e1ter explicativo para apresentar a lei, as etapas a serem seguidas, regras de distribui\u00e7\u00e3o do recurso conforme as regras do Governo Federal e foi um momento para os artistas e produtores culturais tirar suas d\u00favidas.<\/p>\n\n\n\n<p>A Consultora T\u00e9cnica L\u00eada Galv\u00e3o, especializada para aplica\u00e7\u00e3o da Lei Aldir Blanc 2, apresentou todos os detalhes da lei ao p\u00fablico presente e ressaltou os recursos atender\u00e3o melhor os segmentos culturais mais expressivos no munic\u00edpio de Tocant\u00ednia.<\/p>\n\n\n\n<p>O secret\u00e1rio executivo de Cultura municipal, Ulisses Reis, refor\u00e7ou a import\u00e2ncia da participa\u00e7\u00e3o da sociedade civil. \u201cA consulta p\u00fablica \u00e9 a primeira etapa do processo de implementa\u00e7\u00e3o da Lei Aldir Blanc 2. \u00c9 um momento importante, onde coletamos opini\u00f5es e sugest\u00f5es de agentes culturais que servir\u00e3o de base para a constru\u00e7\u00e3o do nosso plano de aplica\u00e7\u00e3o de recursos da lei\u201d, pontuou Ulisses.<\/p>\n\n\n\n<p>As informa\u00e7\u00f5es obtidas ir\u00e3o colaborar com os modelos, formatos e categorias de propostas a serem executadas atrav\u00e9s dos mecanismos de financiamento previstos na Lei.<\/p>\n\n\n\n<p><strong>Sobre a Pol\u00edtica Nacional da Lei Aldir Blanc (PNAB)<\/strong><\/p>\n\n\n\n<p>A Lei 14.399\/2022 institui a Pol\u00edtica Nacional Aldir Blanc de Fomento \u00e0 Cultura; O Decreto 11.740\/2023, que regulamenta a Pol\u00edtica Nacional Aldir Blanc de Fomento \u00e0 Cultura (PNAB), foi assinado pelo governo federal em 18 de outubro de 2023, para promover o desenvolvimento social atrav\u00e9s da promo\u00e7\u00e3o de pol\u00edticas p\u00fablicas de cultura, possibilitando ao gestor p\u00fablico da cultura um per\u00edodo de fortalecimento do processo de gest\u00e3o, com garantia de repasses de recursos durante os pr\u00f3ximos 5 (cinco) anos.<\/p>\n\n\n\n<figure class=\"wp-block-gallery has-nested-images columns-default is-cropped wp-block-gallery-1 is-layout-flex wp-block-gallery-is-layout-flex\">\n<figure class=\"wp-block-image size-large\"><img loading=\"lazy\" decoding=\"async\" width=\"1024\" height=\"575\" data-id=\"7940\" src=\"https:\/\/focotocantinense.com.br\/wp-content\/uploads\/2024\/07\/CCCCCCCCCCCCCCCCC-1024x575.jpg\" alt=\"\" class=\"wp-image-7940\" srcset=\"https:\/\/focotocantinense.com.br\/wp-content\/uploads\/2024\/07\/CCCCCCCCCCCCCCCCC-1024x575.jpg 1024w, https:\/\/focotocantinense.com.br\/wp-content\/uploads\/2024\/07\/CCCCCCCCCCCCCCCCC-300x169.jpg 300w, https:\/\/focotocantinense.com.br\/wp-content\/uploads\/2024\/07\/CCCCCCCCCCCCCCCCC-768x432.jpg 768w, https:\/\/focotocantinense.com.br\/wp-content\/uploads\/2024\/07\/CCCCCCCCCCCCCCCCC-1536x863.jpg 1536w, https:\/\/focotocantinense.com.br\/wp-content\/uploads\/2024\/07\/CCCCCCCCCCCCCCCCC.jpg 1600w\" sizes=\"auto, (max-width: 1024px) 100vw, 1024px\" \/><\/figure>\n<\/figure>\n\n\n\n<p><\/p>\n\n\n\n<figure class=\"wp-block-image size-large is-resized\"><img loading=\"lazy\" decoding=\"async\" width=\"1024\" height=\"678\" src=\"https:\/\/focotocantinense.com.br\/wp-content\/uploads\/2024\/07\/BBBB-1024x678.jpg\" alt=\"\" class=\"wp-image-7943\" style=\"width:838px;height:auto\" srcset=\"https:\/\/focotocantinense.com.br\/wp-content\/uploads\/2024\/07\/BBBB-1024x678.jpg 1024w, https:\/\/focotocantinense.com.br\/wp-content\/uploads\/2024\/07\/BBBB-300x199.jpg 300w, https:\/\/focotocantinense.com.br\/wp-content\/uploads\/2024\/07\/BBBB-768x508.jpg 768w, https:\/\/focotocantinense.com.br\/wp-content\/uploads\/2024\/07\/BBBB-1536x1017.jpg 1536w, https:\/\/focotocantinense.com.br\/wp-content\/uploads\/2024\/07\/BBBB-310x205.jpg 310w, https:\/\/focotocantinense.com.br\/wp-content\/uploads\/2024\/07\/BBBB.jpg 1600w\" sizes=\"auto, (max-width: 1024px) 100vw, 1024px\" \/><\/figure>\n\n\n\n<p><\/p>\n\n\n\n<figure class=\"wp-block-image size-large\"><img loading=\"lazy\" decoding=\"async\" width=\"1024\" height=\"611\" src=\"https:\/\/focotocantinense.com.br\/wp-content\/uploads\/2024\/07\/aaaaaaa-1024x611.jpg\" alt=\"\" class=\"wp-image-7942\" srcset=\"https:\/\/focotocantinense.com.br\/wp-content\/uploads\/2024\/07\/aaaaaaa-1024x611.jpg 1024w, https:\/\/focotocantinense.com.br\/wp-content\/uploads\/2024\/07\/aaaaaaa-300x179.jpg 300w, https:\/\/focotocantinense.com.br\/wp-content\/uploads\/2024\/07\/aaaaaaa-768x458.jpg 768w, https:\/\/focotocantinense.com.br\/wp-content\/uploads\/2024\/07\/aaaaaaa-1536x916.jpg 1536w, https:\/\/focotocantinense.com.br\/wp-content\/uploads\/2024\/07\/aaaaaaa.jpg 1600w\" sizes=\"auto, (max-width: 1024px) 100vw, 1024px\" \/><\/figure>\n\n\n\n<p><\/p>\n\n\n\n<figure class=\"wp-block-image size-full\"><img loading=\"lazy\" decoding=\"async\" width=\"843\" height=\"251\" src=\"https:\/\/focotocantinense.com.br\/wp-content\/uploads\/2024\/07\/VINI_181_282-1-2.jpg\" alt=\"\" class=\"wp-image-7941\" srcset=\"https:\/\/focotocantinense.com.br\/wp-content\/uploads\/2024\/07\/VINI_181_282-1-2.jpg 843w, https:\/\/focotocantinense.com.br\/wp-content\/uploads\/2024\/07\/VINI_181_282-1-2-300x89.jpg 300w, https:\/\/focotocantinense.com.br\/wp-content\/uploads\/2024\/07\/VINI_181_282-1-2-768x229.jpg 768w\" sizes=\"auto, (max-width: 843px) 100vw, 843px\" \/><\/figure>\n","protected":false},"excerpt":{"rendered":"<p>A prefeitura de Tocant\u00ednia por meio da Secretaria Municipal de Cultura realizou na noite desta quarta-feira, 03, uma consulta p\u00fablica presencial sobre a Pol\u00edtica Nacional da Lei Aldir Blanc (PNAB), criada por lei federal. Os artistas e produtores culturais de Tocant\u00ednia se reuniram na C\u00e2mara Municipal para a primeira escuta p\u00fablica de aplica\u00e7\u00e3o de recursos &hellip;<\/p>\n","protected":false},"author":5,"featured_media":7940,"comment_status":"open","ping_status":"open","sticky":false,"template":"","format":"standard","meta":{"footnotes":""},"categories":[78],"tags":[],"class_list":["post-7939","post","type-post","status-publish","format-standard","has-post-thumbnail","","category-tocantinia"],"_links":{"self":[{"href":"https:\/\/focotocantinense.com.br\/index.php?rest_route=\/wp\/v2\/posts\/7939","targetHints":{"allow":["GET"]}}],"collection":[{"href":"https:\/\/focotocantinense.com.br\/index.php?rest_route=\/wp\/v2\/posts"}],"about":[{"href":"https:\/\/focotocantinense.com.br\/index.php?rest_route=\/wp\/v2\/types\/post"}],"author":[{"embeddable":true,"href":"https:\/\/focotocantinense.com.br\/index.php?rest_route=\/wp\/v2\/users\/5"}],"replies":[{"embeddable":true,"href":"https:\/\/focotocantinense.com.br\/index.php?rest_route=%2Fwp%2Fv2%2Fcomments&post=7939"}],"version-history":[{"count":1,"href":"https:\/\/focotocantinense.com.br\/index.php?rest_route=\/wp\/v2\/posts\/7939\/revisions"}],"predecessor-version":[{"id":7944,"href":"https:\/\/focotocantinense.com.br\/index.php?rest_route=\/wp\/v2\/posts\/7939\/revisions\/7944"}],"wp:featuredmedia":[{"embeddable":true,"href":"https:\/\/focotocantinense.com.br\/index.php?rest_route=\/wp\/v2\/media\/7940"}],"wp:attachment":[{"href":"https:\/\/focotocantinense.com.br\/index.php?rest_route=%2Fwp%2Fv2%2Fmedia&parent=7939"}],"wp:term":[{"taxonomy":"category","embeddable":true,"href":"https:\/\/focotocantinense.com.br\/index.php?rest_route=%2Fwp%2Fv2%2Fcategories&post=7939"},{"taxonomy":"post_tag","embeddable":true,"href":"https:\/\/focotocantinense.com.br\/index.php?rest_route=%2Fwp%2Fv2%2Ftags&post=7939"}],"curies":[{"name":"wp","href":"https:\/\/api.w.org\/{rel}","templated":true}]}}