{"id":7935,"date":"2024-07-04T13:39:11","date_gmt":"2024-07-04T16:39:11","guid":{"rendered":"https:\/\/focotocantinense.com.br\/?p=7935"},"modified":"2024-07-04T13:39:11","modified_gmt":"2024-07-04T16:39:11","slug":"em-pre-campanha-antonio-andrade-inicia-plenarias-em-luzimangues","status":"publish","type":"post","link":"https:\/\/focotocantinense.com.br\/?p=7935","title":{"rendered":"Em pr\u00e9-campanha, Antonio Andrade inicia plen\u00e1rias em Luzimangues"},"content":{"rendered":"\n<p>1\u00b0 reuni\u00e3o com a popula\u00e7\u00e3o para discutir o plano de governo aconteceu no setor Moia, uma das regi\u00f5es mais desassistidas do distrito<\/p>\n\n\n\n<figure class=\"wp-block-image size-large is-resized\"><img loading=\"lazy\" decoding=\"async\" width=\"768\" height=\"1024\" src=\"https:\/\/focotocantinense.com.br\/wp-content\/uploads\/2024\/07\/WhatsApp-Image-2024-06-30-at-07.54.47-1-768x1024.jpeg\" alt=\"\" class=\"wp-image-7937\" style=\"width:339px;height:auto\" srcset=\"https:\/\/focotocantinense.com.br\/wp-content\/uploads\/2024\/07\/WhatsApp-Image-2024-06-30-at-07.54.47-1-768x1024.jpeg 768w, https:\/\/focotocantinense.com.br\/wp-content\/uploads\/2024\/07\/WhatsApp-Image-2024-06-30-at-07.54.47-1-225x300.jpeg 225w, https:\/\/focotocantinense.com.br\/wp-content\/uploads\/2024\/07\/WhatsApp-Image-2024-06-30-at-07.54.47-1-1152x1536.jpeg 1152w, https:\/\/focotocantinense.com.br\/wp-content\/uploads\/2024\/07\/WhatsApp-Image-2024-06-30-at-07.54.47-1.jpeg 1200w\" sizes=\"auto, (max-width: 768px) 100vw, 768px\" \/><\/figure>\n\n\n\n<p>O pr\u00e9-candidato \u00e0 prefeitura de Porto Nacional, Antonio Andrade (Republicanos), tem realizado uma s\u00e9rie de reuni\u00f5es plen\u00e1rias para apresentar suas propostas de pr\u00e9-campanha para a sociedade portuense. Na noite deste s\u00e1bado, 29, ele cumpriu agenda no distrito de Luzimangues, discutindo compromissos e o plano de governo com a comunidade local.<\/p>\n\n\n\n<p>Ao lado do pr\u00e9-candidato a vice-prefeito, Soares Filho, e de pr\u00e9-candidatos a vereador aliados, apresentou suas ideias para as \u00e1reas da sa\u00fade, educa\u00e7\u00e3o, seguran\u00e7a e social, ouvindo demandas antigas da popula\u00e7\u00e3o com rela\u00e7\u00e3o a execu\u00e7\u00e3o de promessas n\u00e3o cumpridas por parte da atual gest\u00e3o.<\/p>\n\n\n\n<p>Em entrevista, Andrade disse: \u201cPorto Nacional tem prioridades e situa\u00e7\u00f5es emergenciais, sa\u00fade e educa\u00e7\u00e3o s\u00e3o unanimidade entre as reivindica\u00e7\u00f5es em todos os lugares que vamos. Esses temas precisam ser reparados imediatamente, pois assim como cada cidad\u00e3o que tem dedicado o seu tempo para discutir conosco o futuro da nossa cidade, eu tamb\u00e9m desejo uma Porto Nacional melhor\u201d, pontuou.<\/p>\n\n\n\n<p>Assessoria de Comunica\u00e7\u00e3o \u2013 Deputado Federal Antonio Andrade<\/p>\n","protected":false},"excerpt":{"rendered":"<p>1\u00b0 reuni\u00e3o com a popula\u00e7\u00e3o para discutir o plano de governo aconteceu no setor Moia, uma das regi\u00f5es mais desassistidas do distrito O pr\u00e9-candidato \u00e0 prefeitura de Porto Nacional, Antonio Andrade (Republicanos), tem realizado uma s\u00e9rie de reuni\u00f5es plen\u00e1rias para apresentar suas propostas de pr\u00e9-campanha para a sociedade portuense. Na noite deste s\u00e1bado, 29, ele &hellip;<\/p>\n","protected":false},"author":5,"featured_media":7936,"comment_status":"open","ping_status":"open","sticky":false,"template":"","format":"standard","meta":{"footnotes":""},"categories":[1],"tags":[],"class_list":["post-7935","post","type-post","status-publish","format-standard","has-post-thumbnail","","category-sem-categoria"],"_links":{"self":[{"href":"https:\/\/focotocantinense.com.br\/index.php?rest_route=\/wp\/v2\/posts\/7935","targetHints":{"allow":["GET"]}}],"collection":[{"href":"https:\/\/focotocantinense.com.br\/index.php?rest_route=\/wp\/v2\/posts"}],"about":[{"href":"https:\/\/focotocantinense.com.br\/index.php?rest_route=\/wp\/v2\/types\/post"}],"author":[{"embeddable":true,"href":"https:\/\/focotocantinense.com.br\/index.php?rest_route=\/wp\/v2\/users\/5"}],"replies":[{"embeddable":true,"href":"https:\/\/focotocantinense.com.br\/index.php?rest_route=%2Fwp%2Fv2%2Fcomments&post=7935"}],"version-history":[{"count":1,"href":"https:\/\/focotocantinense.com.br\/index.php?rest_route=\/wp\/v2\/posts\/7935\/revisions"}],"predecessor-version":[{"id":7938,"href":"https:\/\/focotocantinense.com.br\/index.php?rest_route=\/wp\/v2\/posts\/7935\/revisions\/7938"}],"wp:featuredmedia":[{"embeddable":true,"href":"https:\/\/focotocantinense.com.br\/index.php?rest_route=\/wp\/v2\/media\/7936"}],"wp:attachment":[{"href":"https:\/\/focotocantinense.com.br\/index.php?rest_route=%2Fwp%2Fv2%2Fmedia&parent=7935"}],"wp:term":[{"taxonomy":"category","embeddable":true,"href":"https:\/\/focotocantinense.com.br\/index.php?rest_route=%2Fwp%2Fv2%2Fcategories&post=7935"},{"taxonomy":"post_tag","embeddable":true,"href":"https:\/\/focotocantinense.com.br\/index.php?rest_route=%2Fwp%2Fv2%2Ftags&post=7935"}],"curies":[{"name":"wp","href":"https:\/\/api.w.org\/{rel}","templated":true}]}}