{"id":7929,"date":"2024-07-04T13:31:36","date_gmt":"2024-07-04T16:31:36","guid":{"rendered":"https:\/\/focotocantinense.com.br\/?p=7929"},"modified":"2024-07-04T13:31:36","modified_gmt":"2024-07-04T16:31:36","slug":"unidade-pro-rim-de-palmas-recebe-r-491-756000-em-recursos-de-emenda-do-deputado-antonio-andrade","status":"publish","type":"post","link":"https:\/\/focotocantinense.com.br\/?p=7929","title":{"rendered":"Unidade Pr\u00f3-Rim de Palmas recebe R$ 491.756,000 em recursos de emenda do deputado Antonio Andrade"},"content":{"rendered":"\n<p>O valor j\u00e1 est\u00e1 na conta da institui\u00e7\u00e3o que \u00e9 refer\u00eancia em tratamento renal no Tocantins<\/p>\n\n\n\n<p>Mais investimentos na sa\u00fade! Nesta ter\u00e7a-feira, 1 de julho, a unidade Pr\u00f3-Rim de Palmas recebeu quase meio milh\u00e3o de reais em recursos provenientes de emenda parlamentar do deputado federal Antonio Andrade.<\/p>\n\n\n\n<p>O valor atender\u00e1 a demanda com os pacientes renais em tratamento na unidade, que precisam da m\u00e1quina de hemodi\u00e1lise para manter a sa\u00fade e a qualidade de vida.<\/p>\n\n\n\n<p>A cl\u00ednica atende 236 pacientes em tratamento de hemodi\u00e1lise oriundos de diversos munic\u00edpios, dentre eles; Porto Nacional Palmas, Para\u00edso, Miracema, Novo Acordo, Dian\u00f3polis, entre outros, ao todo atende 41 cidades.<\/p>\n\n\n\n<p>O deputado, que j\u00e1 destinou recursos para a institui\u00e7\u00e3o em outras oportunidades, falou sobre a import\u00e2ncia da destina\u00e7\u00e3o dos valores.<\/p>\n\n\n\n<p>\u201cEssa institui\u00e7\u00e3o cumpre o nobre papel de salvar vidas, e com certeza \u00e9 uma enorme satisfa\u00e7\u00e3o saber que nosso trabalho ir\u00e1 impactar de forma positiva na vida das pessoas que mais precisam, proporcionando mais tranquilidade no tratamento. Esse \u00e9 o nosso papel, atuar em prol da popula\u00e7\u00e3o\u201d, frisou o parlamentar.<\/p>\n\n\n\n<p>Assessoria de Comunica\u00e7\u00e3o \u2013 Deputado Federal Antonio Andrade<\/p>\n","protected":false},"excerpt":{"rendered":"<p>O valor j\u00e1 est\u00e1 na conta da institui\u00e7\u00e3o que \u00e9 refer\u00eancia em tratamento renal no Tocantins Mais investimentos na sa\u00fade! Nesta ter\u00e7a-feira, 1 de julho, a unidade Pr\u00f3-Rim de Palmas recebeu quase meio milh\u00e3o de reais em recursos provenientes de emenda parlamentar do deputado federal Antonio Andrade. O valor atender\u00e1 a demanda com os pacientes &hellip;<\/p>\n","protected":false},"author":5,"featured_media":7930,"comment_status":"open","ping_status":"open","sticky":false,"template":"","format":"standard","meta":{"footnotes":""},"categories":[1],"tags":[],"class_list":["post-7929","post","type-post","status-publish","format-standard","has-post-thumbnail","","category-sem-categoria"],"_links":{"self":[{"href":"https:\/\/focotocantinense.com.br\/index.php?rest_route=\/wp\/v2\/posts\/7929","targetHints":{"allow":["GET"]}}],"collection":[{"href":"https:\/\/focotocantinense.com.br\/index.php?rest_route=\/wp\/v2\/posts"}],"about":[{"href":"https:\/\/focotocantinense.com.br\/index.php?rest_route=\/wp\/v2\/types\/post"}],"author":[{"embeddable":true,"href":"https:\/\/focotocantinense.com.br\/index.php?rest_route=\/wp\/v2\/users\/5"}],"replies":[{"embeddable":true,"href":"https:\/\/focotocantinense.com.br\/index.php?rest_route=%2Fwp%2Fv2%2Fcomments&post=7929"}],"version-history":[{"count":1,"href":"https:\/\/focotocantinense.com.br\/index.php?rest_route=\/wp\/v2\/posts\/7929\/revisions"}],"predecessor-version":[{"id":7931,"href":"https:\/\/focotocantinense.com.br\/index.php?rest_route=\/wp\/v2\/posts\/7929\/revisions\/7931"}],"wp:featuredmedia":[{"embeddable":true,"href":"https:\/\/focotocantinense.com.br\/index.php?rest_route=\/wp\/v2\/media\/7930"}],"wp:attachment":[{"href":"https:\/\/focotocantinense.com.br\/index.php?rest_route=%2Fwp%2Fv2%2Fmedia&parent=7929"}],"wp:term":[{"taxonomy":"category","embeddable":true,"href":"https:\/\/focotocantinense.com.br\/index.php?rest_route=%2Fwp%2Fv2%2Fcategories&post=7929"},{"taxonomy":"post_tag","embeddable":true,"href":"https:\/\/focotocantinense.com.br\/index.php?rest_route=%2Fwp%2Fv2%2Ftags&post=7929"}],"curies":[{"name":"wp","href":"https:\/\/api.w.org\/{rel}","templated":true}]}}