{"id":7912,"date":"2024-07-01T16:32:27","date_gmt":"2024-07-01T19:32:27","guid":{"rendered":"https:\/\/focotocantinense.com.br\/?p=7912"},"modified":"2024-07-01T16:32:27","modified_gmt":"2024-07-01T19:32:27","slug":"praia-por-do-sol-recebe-grande-publico-no-show-de-abertura-da-temporada-de-praia-em-tocantinia","status":"publish","type":"post","link":"https:\/\/focotocantinense.com.br\/?p=7912","title":{"rendered":"Praia P\u00f4r do Sol recebe grande p\u00fablico no show de abertura da temporada de praia em Tocant\u00ednia"},"content":{"rendered":"\n<p>A abertura da temporada de ver\u00e3o da Praia P\u00f4r do Sol em Tocant\u00ednia, localizada na regi\u00e3o central do Tocantins, recebeu grande p\u00fablico no show do Ara Ketu, no \u00faltimo s\u00e1bado, 29 de junho.<\/p>\n\n\n\n<p>A tradicional temporada de praia de Tocant\u00ednia se estende at\u00e9 o dia 28 de julho, prometendo entretenimento, cultura e lazer para os veraneios. Durante a temporada, a Praia P\u00f4r do Sol vai se transformar no epicentro da divers\u00e3o, com a programa\u00e7\u00e3o diversificada que inclui shows de artistas regionais e nacionais, que v\u00e3o animar o p\u00fablico local e turistas.<br>Em Tocant\u00ednia, a Praia P\u00f4r do Sol \u00e9 uma oportunidade para os moradores do munic\u00edpio e visitantes curtirem o ver\u00e3o em um ambiente festivo, desfrutando a beleza natural do Rio Tocantins e da anima\u00e7\u00e3o proporcionada por grandes artistas brasileira.<\/p>\n\n\n\n<p>A prefeitura de Tocant\u00ednia e os organizadores dos eventos de ver\u00e3o esperam superar o sucesso das edi\u00e7\u00f5es anteriores, refor\u00e7ando a import\u00e2ncia cultural e tur\u00edstica da Praia P\u00f4r do Sol. O primeiro final de semana foi repleto de sucesso. A abertura oficial da temporada aconteceu no s\u00e1bado, dia 28 de junho, com o show do Ara Ketu e domingo \u00e0 anima\u00e7\u00e3o ficou por conta da banda Brotos.<\/p>\n\n\n\n<p>Na abertura da temporada, o prefeito em exerc\u00edcio Jo\u00e3o Alberto, ao lado da primeira-dama S\u00e3mua Rosa, e juntamente com o prefeito licenciado Manoel Silvino agradeceu os parceiros na realiza\u00e7\u00e3o da Temporada da Praia P\u00f4r do Sol 2024, em Tocant\u00ednia: o Governo do Tocantins, Secretaria do Turismo do Tocantins, C\u00e2mara Municipal e os parlamentares estaduais Vilmar de Oliveira e o Gutierres Torquato, que participou do evento da abertura.<\/p>\n\n\n\n<figure class=\"wp-block-image size-large\"><img loading=\"lazy\" decoding=\"async\" width=\"1024\" height=\"682\" src=\"https:\/\/focotocantinense.com.br\/wp-content\/uploads\/2024\/07\/3-TOCANTINIA-1024x682.jpg\" alt=\"\" class=\"wp-image-7916\" srcset=\"https:\/\/focotocantinense.com.br\/wp-content\/uploads\/2024\/07\/3-TOCANTINIA-1024x682.jpg 1024w, https:\/\/focotocantinense.com.br\/wp-content\/uploads\/2024\/07\/3-TOCANTINIA-300x200.jpg 300w, https:\/\/focotocantinense.com.br\/wp-content\/uploads\/2024\/07\/3-TOCANTINIA-768x512.jpg 768w, https:\/\/focotocantinense.com.br\/wp-content\/uploads\/2024\/07\/3-TOCANTINIA-1536x1023.jpg 1536w, https:\/\/focotocantinense.com.br\/wp-content\/uploads\/2024\/07\/3-TOCANTINIA-310x205.jpg 310w, https:\/\/focotocantinense.com.br\/wp-content\/uploads\/2024\/07\/3-TOCANTINIA.jpg 1600w\" sizes=\"auto, (max-width: 1024px) 100vw, 1024px\" \/><\/figure>\n\n\n\n<p><\/p>\n\n\n\n<figure class=\"wp-block-image size-large\"><img loading=\"lazy\" decoding=\"async\" width=\"1024\" height=\"682\" src=\"https:\/\/focotocantinense.com.br\/wp-content\/uploads\/2024\/07\/2-TOCANTINIA-1024x682.jpg\" alt=\"\" class=\"wp-image-7915\" srcset=\"https:\/\/focotocantinense.com.br\/wp-content\/uploads\/2024\/07\/2-TOCANTINIA-1024x682.jpg 1024w, https:\/\/focotocantinense.com.br\/wp-content\/uploads\/2024\/07\/2-TOCANTINIA-300x200.jpg 300w, https:\/\/focotocantinense.com.br\/wp-content\/uploads\/2024\/07\/2-TOCANTINIA-768x512.jpg 768w, https:\/\/focotocantinense.com.br\/wp-content\/uploads\/2024\/07\/2-TOCANTINIA-1536x1023.jpg 1536w, https:\/\/focotocantinense.com.br\/wp-content\/uploads\/2024\/07\/2-TOCANTINIA-310x205.jpg 310w, https:\/\/focotocantinense.com.br\/wp-content\/uploads\/2024\/07\/2-TOCANTINIA.jpg 1600w\" sizes=\"auto, (max-width: 1024px) 100vw, 1024px\" \/><\/figure>\n\n\n\n<p><\/p>\n\n\n\n<figure class=\"wp-block-image size-large\"><img loading=\"lazy\" decoding=\"async\" width=\"1024\" height=\"682\" src=\"https:\/\/focotocantinense.com.br\/wp-content\/uploads\/2024\/07\/1-TOCANTINIA-1024x682.jpg\" alt=\"\" class=\"wp-image-7913\" srcset=\"https:\/\/focotocantinense.com.br\/wp-content\/uploads\/2024\/07\/1-TOCANTINIA-1024x682.jpg 1024w, https:\/\/focotocantinense.com.br\/wp-content\/uploads\/2024\/07\/1-TOCANTINIA-300x200.jpg 300w, https:\/\/focotocantinense.com.br\/wp-content\/uploads\/2024\/07\/1-TOCANTINIA-768x512.jpg 768w, https:\/\/focotocantinense.com.br\/wp-content\/uploads\/2024\/07\/1-TOCANTINIA-1536x1023.jpg 1536w, https:\/\/focotocantinense.com.br\/wp-content\/uploads\/2024\/07\/1-TOCANTINIA-310x205.jpg 310w, https:\/\/focotocantinense.com.br\/wp-content\/uploads\/2024\/07\/1-TOCANTINIA.jpg 1600w\" sizes=\"auto, (max-width: 1024px) 100vw, 1024px\" \/><\/figure>\n\n\n\n<p><\/p>\n\n\n\n<figure class=\"wp-block-image size-full\"><img loading=\"lazy\" decoding=\"async\" width=\"843\" height=\"251\" src=\"https:\/\/focotocantinense.com.br\/wp-content\/uploads\/2024\/07\/VINI_181_282-1.jpg\" alt=\"\" class=\"wp-image-7914\" srcset=\"https:\/\/focotocantinense.com.br\/wp-content\/uploads\/2024\/07\/VINI_181_282-1.jpg 843w, https:\/\/focotocantinense.com.br\/wp-content\/uploads\/2024\/07\/VINI_181_282-1-300x89.jpg 300w, https:\/\/focotocantinense.com.br\/wp-content\/uploads\/2024\/07\/VINI_181_282-1-768x229.jpg 768w\" sizes=\"auto, (max-width: 843px) 100vw, 843px\" \/><\/figure>\n","protected":false},"excerpt":{"rendered":"<p>A abertura da temporada de ver\u00e3o da Praia P\u00f4r do Sol em Tocant\u00ednia, localizada na regi\u00e3o central do Tocantins, recebeu grande p\u00fablico no show do Ara Ketu, no \u00faltimo s\u00e1bado, 29 de junho. A tradicional temporada de praia de Tocant\u00ednia se estende at\u00e9 o dia 28 de julho, prometendo entretenimento, cultura e lazer para os &hellip;<\/p>\n","protected":false},"author":5,"featured_media":7913,"comment_status":"open","ping_status":"open","sticky":false,"template":"","format":"standard","meta":{"footnotes":""},"categories":[78],"tags":[],"class_list":["post-7912","post","type-post","status-publish","format-standard","has-post-thumbnail","","category-tocantinia"],"_links":{"self":[{"href":"https:\/\/focotocantinense.com.br\/index.php?rest_route=\/wp\/v2\/posts\/7912","targetHints":{"allow":["GET"]}}],"collection":[{"href":"https:\/\/focotocantinense.com.br\/index.php?rest_route=\/wp\/v2\/posts"}],"about":[{"href":"https:\/\/focotocantinense.com.br\/index.php?rest_route=\/wp\/v2\/types\/post"}],"author":[{"embeddable":true,"href":"https:\/\/focotocantinense.com.br\/index.php?rest_route=\/wp\/v2\/users\/5"}],"replies":[{"embeddable":true,"href":"https:\/\/focotocantinense.com.br\/index.php?rest_route=%2Fwp%2Fv2%2Fcomments&post=7912"}],"version-history":[{"count":1,"href":"https:\/\/focotocantinense.com.br\/index.php?rest_route=\/wp\/v2\/posts\/7912\/revisions"}],"predecessor-version":[{"id":7917,"href":"https:\/\/focotocantinense.com.br\/index.php?rest_route=\/wp\/v2\/posts\/7912\/revisions\/7917"}],"wp:featuredmedia":[{"embeddable":true,"href":"https:\/\/focotocantinense.com.br\/index.php?rest_route=\/wp\/v2\/media\/7913"}],"wp:attachment":[{"href":"https:\/\/focotocantinense.com.br\/index.php?rest_route=%2Fwp%2Fv2%2Fmedia&parent=7912"}],"wp:term":[{"taxonomy":"category","embeddable":true,"href":"https:\/\/focotocantinense.com.br\/index.php?rest_route=%2Fwp%2Fv2%2Fcategories&post=7912"},{"taxonomy":"post_tag","embeddable":true,"href":"https:\/\/focotocantinense.com.br\/index.php?rest_route=%2Fwp%2Fv2%2Ftags&post=7912"}],"curies":[{"name":"wp","href":"https:\/\/api.w.org\/{rel}","templated":true}]}}