{"id":7905,"date":"2024-06-30T23:07:44","date_gmt":"2024-07-01T02:07:44","guid":{"rendered":"https:\/\/focotocantinense.com.br\/?p=7905"},"modified":"2024-06-30T23:07:45","modified_gmt":"2024-07-01T02:07:45","slug":"em-mutirao-presidente-do-sisepe-e-equipe-fazem-mais-de-50-atendimentos-individualizados-no-norte-do-estado","status":"publish","type":"post","link":"https:\/\/focotocantinense.com.br\/?p=7905","title":{"rendered":"Em mutir\u00e3o, presidente do Sisepe e equipe fazem mais de 50 atendimentos individualizados no Norte do Estado"},"content":{"rendered":"\n<p>Com cinco dias seguidos de muito trabalho liderado pelo presidente Elizeu Oliveira, o Sisepe-TO (Sindicato dos Servidores P\u00fablicos no Estado do Tocantins) realizou, na semana passada, mais de 50 atendimentos individualizados de funcion\u00e1rios p\u00fablicos do Norte do Estado filiados \u00e0 entidade.<\/p>\n\n\n\n<p>Os atendimentos aconteceram nas cidades de Aragua\u00edna, Colinas e Tocantin\u00f3polis. Todos eles contaram com departamento jur\u00eddico e assist\u00eancia de colaboradores do Sisepe para os procedimentos administrativos.<\/p>\n\n\n\n<p>Entre os temas abordados pelos servidores, estavam quest\u00f5es de progress\u00f5es, andamento de processos na Justi\u00e7a, a\u00e7\u00e3o de exonera\u00e7\u00e3o, data-base, revis\u00e3o de benef\u00edcio previdenci\u00e1rio, reforma de PCCR (Plano de Carreira, Cargos e Remunera\u00e7\u00e3o) e a\u00e7\u00f5es sobre a reivindica\u00e7\u00e3o do reajuste dos 25%.<\/p>\n\n\n\n<p>\u201cNossa gest\u00e3o inovou fazendo esse tipo de a\u00e7\u00e3o. Levamos a diretoria, inclusive o pr\u00f3prio presidente, para atender individualmente o filiado que n\u00e3o est\u00e1 perto de Palmas. \u00c9 uma obriga\u00e7\u00e3o nossa trabalhar pelo bem dos sindicalizados\u201d, destacou o presidente Elizeu Oliveira.<\/p>\n\n\n\n<figure class=\"wp-block-image size-large\"><img loading=\"lazy\" decoding=\"async\" width=\"1024\" height=\"768\" src=\"https:\/\/focotocantinense.com.br\/wp-content\/uploads\/2024\/06\/Sisepe-Atendimento-4-1024x768.jpg\" alt=\"\" class=\"wp-image-7906\" srcset=\"https:\/\/focotocantinense.com.br\/wp-content\/uploads\/2024\/06\/Sisepe-Atendimento-4-1024x768.jpg 1024w, https:\/\/focotocantinense.com.br\/wp-content\/uploads\/2024\/06\/Sisepe-Atendimento-4-300x225.jpg 300w, https:\/\/focotocantinense.com.br\/wp-content\/uploads\/2024\/06\/Sisepe-Atendimento-4-768x576.jpg 768w, https:\/\/focotocantinense.com.br\/wp-content\/uploads\/2024\/06\/Sisepe-Atendimento-4.jpg 1280w\" sizes=\"auto, (max-width: 1024px) 100vw, 1024px\" \/><\/figure>\n\n\n\n<p><\/p>\n\n\n\n<figure class=\"wp-block-image size-full\"><img loading=\"lazy\" decoding=\"async\" width=\"843\" height=\"251\" src=\"https:\/\/focotocantinense.com.br\/wp-content\/uploads\/2024\/06\/VINI_181_282-1-5.jpg\" alt=\"\" class=\"wp-image-7891\" srcset=\"https:\/\/focotocantinense.com.br\/wp-content\/uploads\/2024\/06\/VINI_181_282-1-5.jpg 843w, https:\/\/focotocantinense.com.br\/wp-content\/uploads\/2024\/06\/VINI_181_282-1-5-300x89.jpg 300w, https:\/\/focotocantinense.com.br\/wp-content\/uploads\/2024\/06\/VINI_181_282-1-5-768x229.jpg 768w\" sizes=\"auto, (max-width: 843px) 100vw, 843px\" \/><\/figure>\n","protected":false},"excerpt":{"rendered":"<p>Com cinco dias seguidos de muito trabalho liderado pelo presidente Elizeu Oliveira, o Sisepe-TO (Sindicato dos Servidores P\u00fablicos no Estado do Tocantins) realizou, na semana passada, mais de 50 atendimentos individualizados de funcion\u00e1rios p\u00fablicos do Norte do Estado filiados \u00e0 entidade. Os atendimentos aconteceram nas cidades de Aragua\u00edna, Colinas e Tocantin\u00f3polis. Todos eles contaram com &hellip;<\/p>\n","protected":false},"author":5,"featured_media":7906,"comment_status":"open","ping_status":"open","sticky":false,"template":"","format":"standard","meta":{"footnotes":""},"categories":[108],"tags":[],"class_list":["post-7905","post","type-post","status-publish","format-standard","has-post-thumbnail","","category-justica"],"_links":{"self":[{"href":"https:\/\/focotocantinense.com.br\/index.php?rest_route=\/wp\/v2\/posts\/7905","targetHints":{"allow":["GET"]}}],"collection":[{"href":"https:\/\/focotocantinense.com.br\/index.php?rest_route=\/wp\/v2\/posts"}],"about":[{"href":"https:\/\/focotocantinense.com.br\/index.php?rest_route=\/wp\/v2\/types\/post"}],"author":[{"embeddable":true,"href":"https:\/\/focotocantinense.com.br\/index.php?rest_route=\/wp\/v2\/users\/5"}],"replies":[{"embeddable":true,"href":"https:\/\/focotocantinense.com.br\/index.php?rest_route=%2Fwp%2Fv2%2Fcomments&post=7905"}],"version-history":[{"count":1,"href":"https:\/\/focotocantinense.com.br\/index.php?rest_route=\/wp\/v2\/posts\/7905\/revisions"}],"predecessor-version":[{"id":7907,"href":"https:\/\/focotocantinense.com.br\/index.php?rest_route=\/wp\/v2\/posts\/7905\/revisions\/7907"}],"wp:featuredmedia":[{"embeddable":true,"href":"https:\/\/focotocantinense.com.br\/index.php?rest_route=\/wp\/v2\/media\/7906"}],"wp:attachment":[{"href":"https:\/\/focotocantinense.com.br\/index.php?rest_route=%2Fwp%2Fv2%2Fmedia&parent=7905"}],"wp:term":[{"taxonomy":"category","embeddable":true,"href":"https:\/\/focotocantinense.com.br\/index.php?rest_route=%2Fwp%2Fv2%2Fcategories&post=7905"},{"taxonomy":"post_tag","embeddable":true,"href":"https:\/\/focotocantinense.com.br\/index.php?rest_route=%2Fwp%2Fv2%2Ftags&post=7905"}],"curies":[{"name":"wp","href":"https:\/\/api.w.org\/{rel}","templated":true}]}}