{"id":790,"date":"2021-02-25T22:06:46","date_gmt":"2021-02-26T01:06:46","guid":{"rendered":"http:\/\/focotocantinense.com.br\/?p=790"},"modified":"2021-02-25T22:09:21","modified_gmt":"2021-02-26T01:09:21","slug":"projetos-estruturantes-estiveram-na-agenda-dos-vereadores-de-lagoa-da-confusao-no-congresso-nacional","status":"publish","type":"post","link":"https:\/\/focotocantinense.com.br\/?p=790","title":{"rendered":"Projetos estruturantes estiveram na agenda dos vereadores de Lagoa da Confus\u00e3o no Congresso Nacional"},"content":{"rendered":"\n<figure class=\"wp-block-image\"><img decoding=\"async\" src=\"https:\/\/portaldoamaral.com.br\/wp-content\/uploads\/2021\/02\/Lago-da-Confusao.jpeg\" alt=\"\"\/><\/figure>\n\n\n\n<p><strong>Por Zacarias Martins<\/strong><\/p>\n\n\n\n<p>O vereadores de Lagoa da Confus\u00e3o come\u00e7aram esta legislatura com muita disposi\u00e7\u00e3o para o trabalho. Por isso,&nbsp; resolveram ampliar a atua\u00e7\u00e3o parlamentar&nbsp; para al\u00e9m do munic\u00edpio.<\/p>\n\n\n\n<p>Nesta semana, por exemplo,&nbsp; uma comitiva de vereadores de Lagoa da Confus\u00e3o, coordenada pelo presidente da casa, vereador&nbsp; &nbsp;Luiz Edvaldo Coelho dos Santos &#8211; o Di (PTB), est\u00e1 em Bras\u00edlia &nbsp;numa verdadeira&nbsp; maratona de&nbsp; visitas aos parlamentares que integram a Bancada Tocantinense no Congresso Nacional, &nbsp;bem como, em v\u00e1rios \u00f3rg\u00e3os p\u00fablicos,&nbsp; buscando&nbsp; garantir apoio or\u00e7ament\u00e1rio da Uni\u00e3o &nbsp;para que o prefeito Thiago Carlos possa colocar em pr\u00e1tica os importantes projetos que foram inseridos no Plano de governo Municipal.<\/p>\n\n\n\n<p>Na agenda de trabalho, em Bras\u00edlia, os vereadores de Lagoa da Confus\u00e3o foram recebidos pelo senador Eduardo Gomes (MDB), l\u00edder do Governo no Congresso Nacional. Na oportunidade, apresentaram v\u00e1rias reivindica\u00e7\u00f5es para o munic\u00edpio, dentre elas,&nbsp; a &nbsp;capta\u00e7\u00e3o de recursos or\u00e7ament\u00e1rios&nbsp; da Uni\u00e3o, via&nbsp; o Programa de Desenvolvimento da Regi\u00e3o Sudoeste do Tocantins (Prodoeste), visando a&nbsp; constru\u00e7\u00e3o de barragens para fomentar&nbsp; o sistema de irriga\u00e7\u00e3o nas terras agricult\u00e1veis do munic\u00edpio.<\/p>\n\n\n\n<p>&nbsp;<strong>A comitiva<\/strong><\/p>\n\n\n\n<p>Acompanhando o presidente da C\u00e2mara Municipal de Lagoa da Confus\u00e3o est\u00e3o os vereadores: Alan Coelho (MDB), Biton (PP), Davi da Ambul\u00e2ncia (DC), Napole\u00e3o Dion\u00edsio (PSL), Nelvi Teixeira Carlos (DEM), Welice Cardoso da Costa (SD) e&nbsp;Professora Dona Norah&nbsp;(SD).<\/p>\n\n\n\n<figure class=\"wp-block-image\"><img decoding=\"async\" src=\"http:\/\/n1to.com.br\/img\/uploads\/turam_da_lagoa.jpg\" alt=\"\"\/><\/figure>\n","protected":false},"excerpt":{"rendered":"<p>Por Zacarias Martins O vereadores de Lagoa da Confus\u00e3o come\u00e7aram esta legislatura com muita disposi\u00e7\u00e3o para o trabalho. Por isso,&nbsp; resolveram ampliar a atua\u00e7\u00e3o parlamentar&nbsp; para al\u00e9m do munic\u00edpio. Nesta semana, por exemplo,&nbsp; uma comitiva de vereadores de Lagoa da Confus\u00e3o, coordenada pelo presidente da casa, vereador&nbsp; &nbsp;Luiz Edvaldo Coelho dos Santos &#8211; o Di &hellip;<\/p>\n","protected":false},"author":5,"featured_media":793,"comment_status":"open","ping_status":"open","sticky":true,"template":"","format":"standard","meta":{"footnotes":""},"categories":[1],"tags":[],"class_list":["post-790","post","type-post","status-publish","format-standard","has-post-thumbnail","","category-sem-categoria"],"_links":{"self":[{"href":"https:\/\/focotocantinense.com.br\/index.php?rest_route=\/wp\/v2\/posts\/790","targetHints":{"allow":["GET"]}}],"collection":[{"href":"https:\/\/focotocantinense.com.br\/index.php?rest_route=\/wp\/v2\/posts"}],"about":[{"href":"https:\/\/focotocantinense.com.br\/index.php?rest_route=\/wp\/v2\/types\/post"}],"author":[{"embeddable":true,"href":"https:\/\/focotocantinense.com.br\/index.php?rest_route=\/wp\/v2\/users\/5"}],"replies":[{"embeddable":true,"href":"https:\/\/focotocantinense.com.br\/index.php?rest_route=%2Fwp%2Fv2%2Fcomments&post=790"}],"version-history":[{"count":1,"href":"https:\/\/focotocantinense.com.br\/index.php?rest_route=\/wp\/v2\/posts\/790\/revisions"}],"predecessor-version":[{"id":791,"href":"https:\/\/focotocantinense.com.br\/index.php?rest_route=\/wp\/v2\/posts\/790\/revisions\/791"}],"wp:featuredmedia":[{"embeddable":true,"href":"https:\/\/focotocantinense.com.br\/index.php?rest_route=\/wp\/v2\/media\/793"}],"wp:attachment":[{"href":"https:\/\/focotocantinense.com.br\/index.php?rest_route=%2Fwp%2Fv2%2Fmedia&parent=790"}],"wp:term":[{"taxonomy":"category","embeddable":true,"href":"https:\/\/focotocantinense.com.br\/index.php?rest_route=%2Fwp%2Fv2%2Fcategories&post=790"},{"taxonomy":"post_tag","embeddable":true,"href":"https:\/\/focotocantinense.com.br\/index.php?rest_route=%2Fwp%2Fv2%2Ftags&post=790"}],"curies":[{"name":"wp","href":"https:\/\/api.w.org\/{rel}","templated":true}]}}