{"id":7889,"date":"2024-06-28T20:27:48","date_gmt":"2024-06-28T23:27:48","guid":{"rendered":"https:\/\/focotocantinense.com.br\/?p=7889"},"modified":"2024-06-28T21:23:51","modified_gmt":"2024-06-29T00:23:51","slug":"jonair-rocha-se-afasta-de-seu-programa-de-radio-para-se-dedicar-a-pre-campanha-eleitoral","status":"publish","type":"post","link":"https:\/\/focotocantinense.com.br\/?p=7889","title":{"rendered":"Jonair Rocha se afasta de seu programa de r\u00e1dio para se dedicar \u00e0 pr\u00e9-campanha eleitoral"},"content":{"rendered":"\n<p>Comunicador &nbsp;com atua\u00e7\u00e3o destacada em Gurupi, Jonair Rocha se afastou, nesta sexta-feira, dia&nbsp; 28, &nbsp;da apresenta\u00e7\u00e3o &nbsp;do Programa Revista 104, da R\u00e1dio Nova 104,9 FM, em seu lugar, a partir das pr\u00f3xima segunda-feira, &nbsp;assume o comando do programa o tamb\u00e9m comunicador e advogado Luiz Cl\u00e1udio Barbosa.<\/p>\n\n\n\n<p>Jonair Rocha teve que se afastar temporariamente da apresenta\u00e7\u00e3o do programa para atender a exig\u00eancia da legisla\u00e7\u00e3o eleitoral, uma vez que o comunicador \u00e9 pr\u00e9-candidato a vereador pelo PSB, na chapa encabe\u00e7ada pelo deputado Eduardo Fortes (PSD), que se lan\u00e7ou pr\u00e9-candidato a prefeito da cidade.<\/p>\n\n\n\n<p>\u201cTemos&nbsp; a certeza de que na nossa aus\u00eancia, o companheiro Luiz Cl\u00e1udio Barbosa comandar\u00e1 o Revista 104 com aquela compet\u00eancia que lhe \u00e9 peculiar. Enquanto isso, vamos nos dedicar \u00e0 nossa pr\u00e9-campanha &nbsp;na busca de conquistar uma cadeira&nbsp; no Poder Legislativo&nbsp; de Gurupi\u201d, afirmou Jonair.<\/p>\n\n\n\n<p><strong>Perfil<\/strong><\/p>\n\n\n\n<p>Jonair Rocha \u00e9 natural de Gurupi, filho dos&nbsp; pioneiros Jonatas Vieira Rocha (Jonas Sapateiro) e Dona Ant\u00f4nia.&nbsp; Jonair Rocha \u00e9&nbsp; m\u00e9dico veterin\u00e1rio, professor por quase 30 anos e &nbsp;Perito Criminal aposentado.<\/p>\n\n\n\n<p>O pr\u00e9-candidato a vereador informou que tem como foco a sa\u00fade, o esporte, educa\u00e7\u00e3o, seguran\u00e7a&nbsp; p\u00fablica e assist\u00eancia social.&nbsp; Programas voltados para a juventude tamb\u00e9m est\u00e3o dentro das suas&nbsp; principais preocupa\u00e7\u00f5es. Jonair sempre esteve envolvido com assist\u00eancia social.<\/p>\n\n\n\n<figure class=\"wp-block-image size-large\"><img loading=\"lazy\" decoding=\"async\" width=\"1024\" height=\"768\" src=\"https:\/\/focotocantinense.com.br\/wp-content\/uploads\/2024\/06\/ebd851c1-9428-4462-823d-fbf019cfcbab-1024x768.jpg\" alt=\"\" class=\"wp-image-7890\" srcset=\"https:\/\/focotocantinense.com.br\/wp-content\/uploads\/2024\/06\/ebd851c1-9428-4462-823d-fbf019cfcbab-1024x768.jpg 1024w, https:\/\/focotocantinense.com.br\/wp-content\/uploads\/2024\/06\/ebd851c1-9428-4462-823d-fbf019cfcbab-300x225.jpg 300w, https:\/\/focotocantinense.com.br\/wp-content\/uploads\/2024\/06\/ebd851c1-9428-4462-823d-fbf019cfcbab-768x576.jpg 768w, https:\/\/focotocantinense.com.br\/wp-content\/uploads\/2024\/06\/ebd851c1-9428-4462-823d-fbf019cfcbab-1536x1153.jpg 1536w, https:\/\/focotocantinense.com.br\/wp-content\/uploads\/2024\/06\/ebd851c1-9428-4462-823d-fbf019cfcbab.jpg 1599w\" sizes=\"auto, (max-width: 1024px) 100vw, 1024px\" \/><\/figure>\n\n\n\n<p><\/p>\n\n\n\n<figure class=\"wp-block-image size-full\"><img loading=\"lazy\" decoding=\"async\" width=\"843\" height=\"251\" src=\"https:\/\/focotocantinense.com.br\/wp-content\/uploads\/2024\/06\/VINI_181_282-1-5.jpg\" alt=\"\" class=\"wp-image-7891\" srcset=\"https:\/\/focotocantinense.com.br\/wp-content\/uploads\/2024\/06\/VINI_181_282-1-5.jpg 843w, https:\/\/focotocantinense.com.br\/wp-content\/uploads\/2024\/06\/VINI_181_282-1-5-300x89.jpg 300w, https:\/\/focotocantinense.com.br\/wp-content\/uploads\/2024\/06\/VINI_181_282-1-5-768x229.jpg 768w\" sizes=\"auto, (max-width: 843px) 100vw, 843px\" \/><\/figure>\n","protected":false},"excerpt":{"rendered":"<p>Comunicador &nbsp;com atua\u00e7\u00e3o destacada em Gurupi, Jonair Rocha se afastou, nesta sexta-feira, dia&nbsp; 28, &nbsp;da apresenta\u00e7\u00e3o &nbsp;do Programa Revista 104, da R\u00e1dio Nova 104,9 FM, em seu lugar, a partir das pr\u00f3xima segunda-feira, &nbsp;assume o comando do programa o tamb\u00e9m comunicador e advogado Luiz Cl\u00e1udio Barbosa. Jonair Rocha teve que se afastar temporariamente da apresenta\u00e7\u00e3o &hellip;<\/p>\n","protected":false},"author":5,"featured_media":7890,"comment_status":"open","ping_status":"open","sticky":false,"template":"","format":"standard","meta":{"footnotes":""},"categories":[38],"tags":[],"class_list":["post-7889","post","type-post","status-publish","format-standard","has-post-thumbnail","","category-gurupi"],"_links":{"self":[{"href":"https:\/\/focotocantinense.com.br\/index.php?rest_route=\/wp\/v2\/posts\/7889","targetHints":{"allow":["GET"]}}],"collection":[{"href":"https:\/\/focotocantinense.com.br\/index.php?rest_route=\/wp\/v2\/posts"}],"about":[{"href":"https:\/\/focotocantinense.com.br\/index.php?rest_route=\/wp\/v2\/types\/post"}],"author":[{"embeddable":true,"href":"https:\/\/focotocantinense.com.br\/index.php?rest_route=\/wp\/v2\/users\/5"}],"replies":[{"embeddable":true,"href":"https:\/\/focotocantinense.com.br\/index.php?rest_route=%2Fwp%2Fv2%2Fcomments&post=7889"}],"version-history":[{"count":2,"href":"https:\/\/focotocantinense.com.br\/index.php?rest_route=\/wp\/v2\/posts\/7889\/revisions"}],"predecessor-version":[{"id":7893,"href":"https:\/\/focotocantinense.com.br\/index.php?rest_route=\/wp\/v2\/posts\/7889\/revisions\/7893"}],"wp:featuredmedia":[{"embeddable":true,"href":"https:\/\/focotocantinense.com.br\/index.php?rest_route=\/wp\/v2\/media\/7890"}],"wp:attachment":[{"href":"https:\/\/focotocantinense.com.br\/index.php?rest_route=%2Fwp%2Fv2%2Fmedia&parent=7889"}],"wp:term":[{"taxonomy":"category","embeddable":true,"href":"https:\/\/focotocantinense.com.br\/index.php?rest_route=%2Fwp%2Fv2%2Fcategories&post=7889"},{"taxonomy":"post_tag","embeddable":true,"href":"https:\/\/focotocantinense.com.br\/index.php?rest_route=%2Fwp%2Fv2%2Ftags&post=7889"}],"curies":[{"name":"wp","href":"https:\/\/api.w.org\/{rel}","templated":true}]}}