{"id":7880,"date":"2024-06-27T20:41:02","date_gmt":"2024-06-27T23:41:02","guid":{"rendered":"https:\/\/focotocantinense.com.br\/?p=7880"},"modified":"2024-06-27T20:41:02","modified_gmt":"2024-06-27T23:41:02","slug":"prefeitura-de-tocantinia-anuncia-a-programacao-oficial-da-temporada-de-verao-da-praia-por-do-sol-2024","status":"publish","type":"post","link":"https:\/\/focotocantinense.com.br\/?p=7880","title":{"rendered":"Prefeitura de Tocant\u00ednia anuncia a programa\u00e7\u00e3o oficial da temporada de ver\u00e3o da Praia P\u00f4r do Sol 2024"},"content":{"rendered":"\n<p>O prefeito de Tocant\u00ednia, Jo\u00e3o Alberto Coelho Machado anunciou em transmiss\u00e3o ao vivo nesta quinta-feira, 27, \u00e0s 12:00h, via Instagram oficial da prefeitura, a programa\u00e7\u00e3o da Temporada Praia P\u00f4r do Sol 2024.<\/p>\n\n\n\n<p>A abertura da temporada de ver\u00e3o em Tocant\u00ednia acontece no pr\u00f3ximo s\u00e1bado, dia 29 de junho, com mega show da Banda Ara Ketu. E a programa\u00e7\u00e3o segue at\u00e9 o dia 28 de julho, com v\u00e1rias atra\u00e7\u00f5es musicais regionais e nacionais.<br>Durante a transmiss\u00e3o, o prefeito Jo\u00e3o Alberto convidou a popula\u00e7\u00e3o local e dos munic\u00edpios circunvizinhos, para prestigiar os eventos que v\u00e3o animar os veraneios na praia de Tocant\u00ednia.<\/p>\n\n\n\n<p>Jo\u00e3o Alberto destacou que os eventos da Temporada Praia P\u00f4r do Sol 2024, s\u00e3o oportunidades para o desenvolvimento do turismo em Tocant\u00ednia que gera renda, fortalecendo a economia do munic\u00edpio.<\/p>\n\n\n\n<p>O evento \u00e9 uma realiza\u00e7\u00e3o da prefeitura de Tocant\u00ednia, em parceria com Governo do Tocantins, Secretaria do Turismo do Tocantins, com apoio da C\u00e2mara Municipal e dos parlamentares Vilmar de Oliveira e Gutierres Torquato.<\/p>\n\n\n\n<p><strong><em>Programa\u00e7\u00e3o das atra\u00e7\u00f5es musicais na Praia P\u00f4r do Sol<\/em><\/strong><\/p>\n\n\n\n<p>29\/06 (s\u00e1bado) \u2013 Ara Ketu<br>30\/06 (Domingo) \u2013 Banda Brotos<br>05\/07 (sexta-feira) \u2013 Edy Brito &amp; Samuel<br>06\/07 (s\u00e1bado) \u2013 Rony Sert\u00e3o e Marlon<br>&#8211; Muriel<br>07\/07 (domingo) \u2013 PH &amp; Michel<br>12\/07 (sexta-feira) \u2013 Roger Som Dboys<br>13\/07 (s\u00e1bado) \u2013 M\u00e1rio Neto &amp; Gabriel<br>&#8211; Banda Balan\u00e7a\u00ed<br>14\/07 (domingo) \u2013 \u00c9 o Tchan<br>19\/07 (sexta-feira) \u2013 Washington Brasileiro<br>\u2013 Trio Huanna<br>20\/07 (s\u00e1bado) \u2013 Lukas Safadinho<br>\u2013 J\u00fanior Costa<br>21\/07 (domingo) \u2013 Cleber &amp; Cauan<br>26\/06 (sexta-feira) \u2013 May &amp; Gabi<br>\u2013 Hariely Santos<br>27\/07 (s\u00e1bado) \u2013 Babado Novo<br>28\/07 (domingo) \u2013 Tarcio Silva<\/p>\n\n\n\n<figure class=\"wp-block-image size-large\"><img loading=\"lazy\" decoding=\"async\" width=\"1024\" height=\"644\" src=\"https:\/\/focotocantinense.com.br\/wp-content\/uploads\/2024\/06\/principal-1024x644.jpg\" alt=\"\" class=\"wp-image-7881\" srcset=\"https:\/\/focotocantinense.com.br\/wp-content\/uploads\/2024\/06\/principal-1024x644.jpg 1024w, https:\/\/focotocantinense.com.br\/wp-content\/uploads\/2024\/06\/principal-300x189.jpg 300w, https:\/\/focotocantinense.com.br\/wp-content\/uploads\/2024\/06\/principal-768x483.jpg 768w, https:\/\/focotocantinense.com.br\/wp-content\/uploads\/2024\/06\/principal-1536x967.jpg 1536w, https:\/\/focotocantinense.com.br\/wp-content\/uploads\/2024\/06\/principal.jpg 1600w\" sizes=\"auto, (max-width: 1024px) 100vw, 1024px\" \/><\/figure>\n\n\n\n<p><\/p>\n\n\n\n<figure class=\"wp-block-image size-full is-resized\"><img loading=\"lazy\" decoding=\"async\" width=\"666\" height=\"467\" src=\"https:\/\/focotocantinense.com.br\/wp-content\/uploads\/2024\/06\/bbb.jpg\" alt=\"\" class=\"wp-image-7883\" style=\"width:839px;height:auto\" srcset=\"https:\/\/focotocantinense.com.br\/wp-content\/uploads\/2024\/06\/bbb.jpg 666w, https:\/\/focotocantinense.com.br\/wp-content\/uploads\/2024\/06\/bbb-300x210.jpg 300w\" sizes=\"auto, (max-width: 666px) 100vw, 666px\" \/><\/figure>\n\n\n\n<p><\/p>\n\n\n\n<p><\/p>\n\n\n\n<figure class=\"wp-block-image size-large is-resized\"><img loading=\"lazy\" decoding=\"async\" width=\"619\" height=\"1024\" src=\"https:\/\/focotocantinense.com.br\/wp-content\/uploads\/2024\/06\/shows-619x1024.jpg\" alt=\"\" class=\"wp-image-7882\" style=\"width:838px;height:auto\" srcset=\"https:\/\/focotocantinense.com.br\/wp-content\/uploads\/2024\/06\/shows-619x1024.jpg 619w, https:\/\/focotocantinense.com.br\/wp-content\/uploads\/2024\/06\/shows-181x300.jpg 181w, https:\/\/focotocantinense.com.br\/wp-content\/uploads\/2024\/06\/shows-768x1270.jpg 768w, https:\/\/focotocantinense.com.br\/wp-content\/uploads\/2024\/06\/shows.jpg 900w\" sizes=\"auto, (max-width: 619px) 100vw, 619px\" \/><\/figure>\n\n\n\n<p><\/p>\n\n\n\n<p><\/p>\n\n\n\n<figure class=\"wp-block-image size-full\"><img loading=\"lazy\" decoding=\"async\" width=\"843\" height=\"251\" src=\"https:\/\/focotocantinense.com.br\/wp-content\/uploads\/2024\/06\/VINI_181_282-1-3.jpg\" alt=\"\" class=\"wp-image-7867\" srcset=\"https:\/\/focotocantinense.com.br\/wp-content\/uploads\/2024\/06\/VINI_181_282-1-3.jpg 843w, https:\/\/focotocantinense.com.br\/wp-content\/uploads\/2024\/06\/VINI_181_282-1-3-300x89.jpg 300w, https:\/\/focotocantinense.com.br\/wp-content\/uploads\/2024\/06\/VINI_181_282-1-3-768x229.jpg 768w\" sizes=\"auto, (max-width: 843px) 100vw, 843px\" \/><\/figure>\n","protected":false},"excerpt":{"rendered":"<p>O prefeito de Tocant\u00ednia, Jo\u00e3o Alberto Coelho Machado anunciou em transmiss\u00e3o ao vivo nesta quinta-feira, 27, \u00e0s 12:00h, via Instagram oficial da prefeitura, a programa\u00e7\u00e3o da Temporada Praia P\u00f4r do Sol 2024. A abertura da temporada de ver\u00e3o em Tocant\u00ednia acontece no pr\u00f3ximo s\u00e1bado, dia 29 de junho, com mega show da Banda Ara Ketu. &hellip;<\/p>\n","protected":false},"author":5,"featured_media":7881,"comment_status":"open","ping_status":"open","sticky":false,"template":"","format":"standard","meta":{"footnotes":""},"categories":[78],"tags":[],"class_list":["post-7880","post","type-post","status-publish","format-standard","has-post-thumbnail","","category-tocantinia"],"_links":{"self":[{"href":"https:\/\/focotocantinense.com.br\/index.php?rest_route=\/wp\/v2\/posts\/7880","targetHints":{"allow":["GET"]}}],"collection":[{"href":"https:\/\/focotocantinense.com.br\/index.php?rest_route=\/wp\/v2\/posts"}],"about":[{"href":"https:\/\/focotocantinense.com.br\/index.php?rest_route=\/wp\/v2\/types\/post"}],"author":[{"embeddable":true,"href":"https:\/\/focotocantinense.com.br\/index.php?rest_route=\/wp\/v2\/users\/5"}],"replies":[{"embeddable":true,"href":"https:\/\/focotocantinense.com.br\/index.php?rest_route=%2Fwp%2Fv2%2Fcomments&post=7880"}],"version-history":[{"count":1,"href":"https:\/\/focotocantinense.com.br\/index.php?rest_route=\/wp\/v2\/posts\/7880\/revisions"}],"predecessor-version":[{"id":7884,"href":"https:\/\/focotocantinense.com.br\/index.php?rest_route=\/wp\/v2\/posts\/7880\/revisions\/7884"}],"wp:featuredmedia":[{"embeddable":true,"href":"https:\/\/focotocantinense.com.br\/index.php?rest_route=\/wp\/v2\/media\/7881"}],"wp:attachment":[{"href":"https:\/\/focotocantinense.com.br\/index.php?rest_route=%2Fwp%2Fv2%2Fmedia&parent=7880"}],"wp:term":[{"taxonomy":"category","embeddable":true,"href":"https:\/\/focotocantinense.com.br\/index.php?rest_route=%2Fwp%2Fv2%2Fcategories&post=7880"},{"taxonomy":"post_tag","embeddable":true,"href":"https:\/\/focotocantinense.com.br\/index.php?rest_route=%2Fwp%2Fv2%2Ftags&post=7880"}],"curies":[{"name":"wp","href":"https:\/\/api.w.org\/{rel}","templated":true}]}}