{"id":7876,"date":"2024-06-27T18:07:29","date_gmt":"2024-06-27T21:07:29","guid":{"rendered":"https:\/\/focotocantinense.com.br\/?p=7876"},"modified":"2024-06-27T18:07:29","modified_gmt":"2024-06-27T21:07:29","slug":"antonio-andrade-pre-candidato-a-prefeito-de-porto-nacional-pelo-republicanos-realiza1a-reuniao-plenaria-com-populacao-no-setor-padre-luso","status":"publish","type":"post","link":"https:\/\/focotocantinense.com.br\/?p=7876","title":{"rendered":"Antonio Andrade, pr\u00e9-candidato a prefeito de Porto Nacional pelo Republicanos, realiza1\u00aa reuni\u00e3o plen\u00e1ria com popula\u00e7\u00e3o no setor Padre Luso"},"content":{"rendered":"\n<p>Com o tema \u201cUm Porto de Orgulho\u201d o objetivo das plen\u00e1rias \u00e9 ouvir as demandas das lideran\u00e7as e da comunidade em cada regi\u00e3o do munic\u00edpio<\/p>\n\n\n\n<figure class=\"wp-block-image size-large is-resized\"><img loading=\"lazy\" decoding=\"async\" width=\"1024\" height=\"576\" src=\"https:\/\/focotocantinense.com.br\/wp-content\/uploads\/2024\/06\/WhatsApp-Image-2024-06-27-at-07.55.10-1024x576.jpeg\" alt=\"\" class=\"wp-image-7878\" style=\"width:377px;height:auto\" srcset=\"https:\/\/focotocantinense.com.br\/wp-content\/uploads\/2024\/06\/WhatsApp-Image-2024-06-27-at-07.55.10-1024x576.jpeg 1024w, https:\/\/focotocantinense.com.br\/wp-content\/uploads\/2024\/06\/WhatsApp-Image-2024-06-27-at-07.55.10-300x169.jpeg 300w, https:\/\/focotocantinense.com.br\/wp-content\/uploads\/2024\/06\/WhatsApp-Image-2024-06-27-at-07.55.10-768x432.jpeg 768w, https:\/\/focotocantinense.com.br\/wp-content\/uploads\/2024\/06\/WhatsApp-Image-2024-06-27-at-07.55.10-1536x864.jpeg 1536w, https:\/\/focotocantinense.com.br\/wp-content\/uploads\/2024\/06\/WhatsApp-Image-2024-06-27-at-07.55.10-2048x1152.jpeg 2048w\" sizes=\"auto, (max-width: 1024px) 100vw, 1024px\" \/><\/figure>\n\n\n\n<p>O pr\u00e9-candidato \u00e0 prefeitura de Porto Nacional, Antonio Andrade, esteve presente na 1\u00aa plen\u00e1ria regional que aconteceu na noite desta quarta-feira, 26, no setor Padre Luso, onde estiveram presentes apoiadores, pr\u00e9-candidatos a vereador, e grandes lideran\u00e7as que demonstram apoio ao pr\u00e9-candidato a prefeito do Republicanos.<\/p>\n\n\n\n<p>Com o tema \u201cUm Porto de Orgulho\u201d Andrade falou com a popula\u00e7\u00e3o do bairro e setores pr\u00f3ximos que expuseram os principais problemas que os afligem.<\/p>\n\n\n\n<p>Para o deputado federal, as plen\u00e1rias s\u00e3o \u00f3timas pois proporcionam um contato ainda mais pr\u00f3ximo da popula\u00e7\u00e3o, que pode ser ouvida da forma que precisa. \u201cPrecisamos estar atentos \u00e0s reivindica\u00e7\u00f5es do povo, ouvir para resolver, corrigindo o que n\u00e3o funciona de maneira assertiva no munic\u00edpio\u201d, pontuou.<\/p>\n\n\n\n<p>Assessoria de Comunica\u00e7\u00e3o \u2013 Deputado Federal Antonio Andrade<\/p>\n","protected":false},"excerpt":{"rendered":"<p>Com o tema \u201cUm Porto de Orgulho\u201d o objetivo das plen\u00e1rias \u00e9 ouvir as demandas das lideran\u00e7as e da comunidade em cada regi\u00e3o do munic\u00edpio O pr\u00e9-candidato \u00e0 prefeitura de Porto Nacional, Antonio Andrade, esteve presente na 1\u00aa plen\u00e1ria regional que aconteceu na noite desta quarta-feira, 26, no setor Padre Luso, onde estiveram presentes apoiadores, &hellip;<\/p>\n","protected":false},"author":5,"featured_media":7877,"comment_status":"open","ping_status":"open","sticky":false,"template":"","format":"standard","meta":{"footnotes":""},"categories":[1],"tags":[],"class_list":["post-7876","post","type-post","status-publish","format-standard","has-post-thumbnail","","category-sem-categoria"],"_links":{"self":[{"href":"https:\/\/focotocantinense.com.br\/index.php?rest_route=\/wp\/v2\/posts\/7876","targetHints":{"allow":["GET"]}}],"collection":[{"href":"https:\/\/focotocantinense.com.br\/index.php?rest_route=\/wp\/v2\/posts"}],"about":[{"href":"https:\/\/focotocantinense.com.br\/index.php?rest_route=\/wp\/v2\/types\/post"}],"author":[{"embeddable":true,"href":"https:\/\/focotocantinense.com.br\/index.php?rest_route=\/wp\/v2\/users\/5"}],"replies":[{"embeddable":true,"href":"https:\/\/focotocantinense.com.br\/index.php?rest_route=%2Fwp%2Fv2%2Fcomments&post=7876"}],"version-history":[{"count":1,"href":"https:\/\/focotocantinense.com.br\/index.php?rest_route=\/wp\/v2\/posts\/7876\/revisions"}],"predecessor-version":[{"id":7879,"href":"https:\/\/focotocantinense.com.br\/index.php?rest_route=\/wp\/v2\/posts\/7876\/revisions\/7879"}],"wp:featuredmedia":[{"embeddable":true,"href":"https:\/\/focotocantinense.com.br\/index.php?rest_route=\/wp\/v2\/media\/7877"}],"wp:attachment":[{"href":"https:\/\/focotocantinense.com.br\/index.php?rest_route=%2Fwp%2Fv2%2Fmedia&parent=7876"}],"wp:term":[{"taxonomy":"category","embeddable":true,"href":"https:\/\/focotocantinense.com.br\/index.php?rest_route=%2Fwp%2Fv2%2Fcategories&post=7876"},{"taxonomy":"post_tag","embeddable":true,"href":"https:\/\/focotocantinense.com.br\/index.php?rest_route=%2Fwp%2Fv2%2Ftags&post=7876"}],"curies":[{"name":"wp","href":"https:\/\/api.w.org\/{rel}","templated":true}]}}